{"id":1026,"date":"2018-12-06T16:00:33","date_gmt":"2018-12-06T21:00:33","guid":{"rendered":"http:\/\/alpar.com.co\/blog\/?p=1026"},"modified":"2018-12-06T16:00:33","modified_gmt":"2018-12-06T21:00:33","slug":"unidad-de-duelo-20-anos-trabajando-por-la-comunidad","status":"publish","type":"post","link":"https:\/\/alpar.com.co\/blog\/unidad-de-duelo-20-anos-trabajando-por-la-comunidad\/","title":{"rendered":"Unidad de Duelo  20 a\u00f1os trabajando por la comunidad"},"content":{"rendered":"<h4 style=\"text-align: center;\"><strong><em>\u201cNunca antes la muerte nos hab\u00eda tocado tan cerca y nos hab\u00eda confrontado con los sentimientos que esta produce\u201d.<\/em><\/strong><\/h4>\n<p style=\"text-align: justify;\">Para la d\u00e9cada de los 90\u00b4s, en que la ciudad de Medell\u00edn, Colombia, atravesaba una de sus \u00e9pocas m\u00e1s violentas, la Funeraria San Vicente S.A. contaba con 24 a\u00f1os de experiencia realizando rituales funerarios. Hab\u00eda un inmenso n\u00famero de personas afectadas por la muerte de sus seres queridos y Luis Fernando Arango, fundador y Gerente General de la organizaci\u00f3n, sinti\u00f3 que era preciso ofrecer algo que fuera m\u00e1s all\u00e1 de la planificaci\u00f3n y desarrollo de los rituales f\u00fanebres, algo que pudiera ayudarle a los cientos de afectados en su profunda aflicci\u00f3n.<\/p>\n<p style=\"text-align: justify;\">Este sentimiento de solidaridad y el deseo de aportar a la comunidad doliente, se afianz\u00f3 tras la muerte violenta de su hijo menor Am\u00e9rico Arango Isaza, lo que le permiti\u00f3 en sus propias palabras: \u201cponer los pies en la tierra\u201d frente a lo que significaba la muerte de un ser querido y todo lo que \u00e9sta generaba en las familias que d\u00eda a d\u00eda la enfrentaban.<\/p>\n<p style=\"text-align: justify;\">En la b\u00fasqueda de apoyo para su proceso de duelo, encontr\u00f3 un folleto sobre 10 lugares comunes del duelo escrito por Greg Harvey, miembro de la Academia Americana de Duelo, el cual distribuy\u00f3 a sus clientes y empleados. De manera fortuita conoce al M\u00e9dico Jorge Montoya Carrasquilla, quien asist\u00eda pacientes en cuidados paliativos, y con \u00e9ste convocan una primera Conferencia \u201cSobrevivir tras la muerte de un ser querido\u201d, en las instalaciones de Villanueva Casa de Velaci\u00f3n, desde entonces esta conferencia se ha dictado semanalmente de manera ininterrumpida.<\/p>\n<p style=\"text-align: justify;\">A partir de \u00e9sta primera conferencia se abri\u00f3 la ruta para el acompa\u00f1amiento de los dolientes, ya no s\u00f3lo como una empresa prestadora de servicios funerarios, sino como organizaci\u00f3n integral que reconoce la relevancia de los procesos de duelo para la salud mental.<\/p>\n<p style=\"text-align: justify;\">En el a\u00f1o 1998 Funeraria San Vicente S.A cre\u00f3 oficialmente la Unidad de Duelo como una instituci\u00f3n abierta a toda la comunidad con atenci\u00f3n totalmente gratuita y con el objetivo de promover la recuperaci\u00f3n de las personas en duelo por muerte.<\/p>\n<h3 style=\"text-align: justify;\"><strong>Descripci\u00f3n detallada del programa, servicio o actividad<\/strong><\/h3>\n<p style=\"text-align: justify;\">Dado el crecimiento en la necesidad de acompa\u00f1amiento en duelo, Funeraria San Vicente S.A decide construir en el a\u00f1o 2005 una planta f\u00edsica independiente con 500 metros cuadrados de superficie, con destinaci\u00f3n exclusiva para Unidad de Duelo. En esta nueva edificaci\u00f3n un equipo profesional conformado por 7 psic\u00f3logos y 1 m\u00e9dico, empezar\u00edan a ofrecer atenci\u00f3n toda la comunidad que lo requiriera a trav\u00e9s de atenci\u00f3n m\u00e9dica y psicol\u00f3gica. En la actualidad Unidad de Duelo asigna aproximadamente 600 consultas mensuales y tiene 9 grupos de apoyo por p\u00e9rdidas espec\u00edficas que corresponden a:<\/p>\n<ul>\n<li>Perinatal<\/li>\n<li>Padres que han perdido hijos<\/li>\n<li>Adulto mayor<\/li>\n<li>Viudos y viudas<\/li>\n<li>Mixto am y pm<\/li>\n<li>Suicidio<\/li>\n<li>Sobrevivientes de enfermedades cr\u00f3nicas<\/li>\n<li>Ni\u00f1os en duelo<\/li>\n<li>Adolescentes<\/li>\n<\/ul>\n<p style=\"text-align: justify;\">Cada grupo se realiza semanalmente, tiene una duraci\u00f3n de dos horas y tiene una asistencia en promedio de 15 personas en cada sesi\u00f3n.<\/p>\n<p style=\"text-align: justify;\">Adem\u00e1s, el equipo de la Unidad de Duelo, conservando su objetivo de promover la recuperaci\u00f3n tras la muerte, ha dise\u00f1ado y coordinado programas complementarios a la atenci\u00f3n en duelo:<\/p>\n<ul>\n<li style=\"text-align: justify;\"><strong>Escuela de padres<\/strong> (Un espacio para educar a los acompa\u00f1antes de ni\u00f1os y adolescentes en duelo)<\/li>\n<li><strong>Taller de pintura<\/strong> (Un espacio para promover el arte como m\u00e9todo terap\u00e9utico)<\/li>\n<li><strong>Talentos compartidos<\/strong> (Un espacio dedicado a compartir talentos manuales entre los asistentes)<\/li>\n<li><strong>Cine foro<\/strong> (En este espacio se proyecta y analiza pel\u00edculas relacionadas con muerte y el duelo)<\/li>\n<li><strong>Taller literario<\/strong> (Espacio para la lectura y la escritura como aporte a la recuperaci\u00f3n)<\/li>\n<li><strong>Yoga<\/strong> (T\u00e9cnicas f\u00edsicas y mentales que aportan al bienestar)<\/li>\n<\/ul>\n<p style=\"text-align: justify;\">Gracias a la rigurosidad acad\u00e9mica, el sustento cient\u00edfico y la atenci\u00f3n por profesionales id\u00f3neos, la Unidad de Duelo obtiene en el a\u00f1o 2011 el aval como Instituci\u00f3n Prestadora de Servicios de Salud I.P.S por parte la Secretar\u00eda de y la Seccional de Salud y Protecci\u00f3n Social de Antioquia SSSA, organismo que regula la red de instituciones prestadoras de salud p\u00fablica en el departamento y a su vez es regulada por el Ministerio de Salud y Protecci\u00f3n Social de Colombia.<\/p>\n<p><img loading=\"lazy\" decoding=\"async\" class=\"aligncenter wp-image-1028\" src=\"http:\/\/alpar.com.co\/blog\/wp-content\/uploads\/01-2.jpg\" alt=\"\" width=\"400\" height=\"293\" srcset=\"https:\/\/alpar.com.co\/blog\/wp-content\/uploads\/01-2.jpg 949w, https:\/\/alpar.com.co\/blog\/wp-content\/uploads\/01-2-300x220.jpg 300w, https:\/\/alpar.com.co\/blog\/wp-content\/uploads\/01-2-768x562.jpg 768w\" sizes=\"(max-width: 400px) 100vw, 400px\" \/><\/p>\n<p style=\"text-align: justify;\">Conscientes de la importancia de sustentar acad\u00e9mica y cient\u00edficamente el acompa\u00f1amiento terap\u00e9utico, el equipo de profesionales de la Unidad de Duelo, se traz\u00f3 un nuevo objetivo que ampli\u00f3 los servicios hacia la comunidad acad\u00e9mica. Desde ese momento se han desarrollado actividades que aportan a la formaci\u00f3n de profesionales y estudiantes de las ciencias de la salud y de las \u00e1reas sociales y humanas a trav\u00e9s de conferencias, capacitaciones, talleres y pasant\u00edas. Adem\u00e1s, se han realizado dos Encuentros Interdisciplinarios Sobre la Muerte y el Duelo en los cuales expertos de diferentes \u00e1reas, medicina, psicolog\u00eda, tanatopraxia, comunicaci\u00f3n, entre otras, comparten investigaciones y reflexiones sobre temas pertinentes y actuales que enriquecen y sustentan el acompa\u00f1amiento en duelo.<\/p>\n<p style=\"text-align: justify;\">Evidenciando la necesidad de generar cultura sobre el tema de la muerte, los rituales f\u00fanebres y el duelo, la Unidad de Duelo desarrolla conferencias, conversatorios, talleres, exposiciones y rituales en empresas p\u00fablicas y privadas, fundaciones, instituciones de salud, educativas, militares, de polic\u00eda y al sector funerario.<\/p>\n<p style=\"text-align: justify;\">Adem\u00e1s, en convenio con Universidades de la ciudad de Medell\u00edn, la Unidad de Duelo ofrece a estudiantes de pregrado y postgrado de \u00e1reas afines, la realizaci\u00f3n del a\u00f1o de pr\u00e1ctica, requisito para optar por el t\u00edtulo profesional.<\/p>\n<p><img loading=\"lazy\" decoding=\"async\" class=\"aligncenter wp-image-1033 size-full\" src=\"http:\/\/alpar.com.co\/blog\/wp-content\/uploads\/00.png\" alt=\"\" width=\"396\" height=\"294\" srcset=\"https:\/\/alpar.com.co\/blog\/wp-content\/uploads\/00.png 396w, https:\/\/alpar.com.co\/blog\/wp-content\/uploads\/00-300x223.png 300w\" sizes=\"(max-width: 396px) 100vw, 396px\" \/><\/p>\n<h3 style=\"text-align: justify;\"><strong>Beneficios provistos a familias y\/o la comunidad en general<\/strong><\/h3>\n<p style=\"text-align: justify;\">El principal beneficio que ofrece Funeraria San Vicente S.A a la comunidad, a trav\u00e9s de la creaci\u00f3n y permanencia de los servicios de la Unidad de Duelo, es el aporte que se hace a la salud mental de quienes atraviesan la muerte de un ser querido, a quienes se proporciona un espacio de escucha, comprensi\u00f3n y acompa\u00f1amiento que promueve la elaboraci\u00f3n del duelo y el mejoramiento de la calidad de vida.<\/p>\n<p style=\"text-align: justify;\">A su vez, la labor pedag\u00f3gica de Unidad de Duelo beneficia a la comunidad en general por el aporte a la cultura sobre el tema de la muerte, los rituales funerarios y el duelo, lo cual sensibiliza, orienta y desmitifica estos temas, facilitando as\u00ed procesos de resignificaci\u00f3n y elaboraci\u00f3n.<\/p>\n<h3 style=\"text-align: justify;\"><strong>Beneficios provistos a la empresa y su personal<\/strong><\/h3>\n<p style=\"text-align: justify;\">Uno de los principales beneficios que ofrece la Unidad de Duelo al personal de Funeraria San Vicente S.A es la educaci\u00f3n en temas que conciernen al trabajo diario en la atenci\u00f3n de familias para la planificaci\u00f3n y desarrollo de rituales funerarios que les permitan homenajear y despedir a sus seres queridos, de esta forma que se intenta facilitar el proceso de duelo. Unidad De Duelo representa un apoyo para los colaboradores en situaciones dif\u00edciles en las que las emociones desbordan las familias y en las cuales la compa\u00f1\u00eda de una profesional que escucha y comprende el proceso de p\u00e9rdida y la confusi\u00f3n que ello trae, puede resultar muy beneficiosa.<\/p>\n<p style=\"text-align: justify;\">Funeraria San Vicente S.A se ha beneficiado de la existencia de Unidad de Duelo porque a trav\u00e9s de las labores de esta, la organizaci\u00f3n se ha convertido en referente y modelo para otras empresas del sector funerario en Colombia y en algunos otros pa\u00edses, especialmente latinoamericanos, lo que ha posibilitado que, en algunas ocasiones, se hayan replicado actividades de Unidad de Duelo en otros territorios.<\/p>\n<p style=\"text-align: justify;\">Finalmente el trabajo que se hace en Unidad de Duelo ha permitido transformar la idea de que las empresas funerarias trabajan con la muerte y ha ayudado a reconocer que somos instituciones que, desde los rituales f\u00fanebres, ofrecemos una labor por los vivos y al servicio de la vida. Es as\u00ed como lo que surgi\u00f3 una intuici\u00f3n particular se ha transformado en un compromiso con las personas en duelo, la academia y el p\u00fablico en general.<\/p>\n<hr style=\"width: 100px; clear: both !important; display: inline-block; text-align: left; padding-left: 60px;\" \/>\n<p><strong>Un aporte de Funeraria San Vicente S.A. Colombia<br \/>\n<\/strong>Asociado ALPAR<br \/>\nEnsayo presentado ante NFDA para el Premio \u00abB\u00daSQUEDA DE LA EXCELENCIA 2018\u00bb en la categor\u00eda \u00abLO MEJOR DE LO MEJOR\u00bb.<\/p>\n","protected":false},"excerpt":{"rendered":"<p>\u201cNunca antes la muerte nos hab\u00eda tocado tan cerca y nos hab\u00eda confrontado con los sentimientos que esta produce\u201d. Para la d\u00e9cada de los 90\u00b4s, en que la ciudad de Medell\u00edn, Colombia, atravesaba una de sus \u00e9pocas m\u00e1s violentas, la Funeraria San Vicente S.A. contaba con 24 a\u00f1os de experiencia realizando rituales funerarios. Hab\u00eda un [&hellip;]<\/p>\n","protected":false},"author":106,"featured_media":1027,"comment_status":"open","ping_status":"open","sticky":false,"template":"","format":"standard","meta":{"_et_pb_use_builder":"","_et_pb_old_content":"","_et_gb_content_width":"","footnotes":""},"categories":[3],"tags":[],"class_list":["post-1026","post","type-post","status-publish","format-standard","has-post-thumbnail","hentry","category-articulos"],"_links":{"self":[{"href":"https:\/\/alpar.com.co\/blog\/wp-json\/wp\/v2\/posts\/1026","targetHints":{"allow":["GET"]}}],"collection":[{"href":"https:\/\/alpar.com.co\/blog\/wp-json\/wp\/v2\/posts"}],"about":[{"href":"https:\/\/alpar.com.co\/blog\/wp-json\/wp\/v2\/types\/post"}],"author":[{"embeddable":true,"href":"https:\/\/alpar.com.co\/blog\/wp-json\/wp\/v2\/users\/106"}],"replies":[{"embeddable":true,"href":"https:\/\/alpar.com.co\/blog\/wp-json\/wp\/v2\/comments?post=1026"}],"version-history":[{"count":4,"href":"https:\/\/alpar.com.co\/blog\/wp-json\/wp\/v2\/posts\/1026\/revisions"}],"predecessor-version":[{"id":1035,"href":"https:\/\/alpar.com.co\/blog\/wp-json\/wp\/v2\/posts\/1026\/revisions\/1035"}],"wp:featuredmedia":[{"embeddable":true,"href":"https:\/\/alpar.com.co\/blog\/wp-json\/wp\/v2\/media\/1027"}],"wp:attachment":[{"href":"https:\/\/alpar.com.co\/blog\/wp-json\/wp\/v2\/media?parent=1026"}],"wp:term":[{"taxonomy":"category","embeddable":true,"href":"https:\/\/alpar.com.co\/blog\/wp-json\/wp\/v2\/categories?post=1026"},{"taxonomy":"post_tag","embeddable":true,"href":"https:\/\/alpar.com.co\/blog\/wp-json\/wp\/v2\/tags?post=1026"}],"curies":[{"name":"wp","href":"https:\/\/api.w.org\/{rel}","templated":true}]}}