{"id":1180,"date":"2019-05-09T17:21:24","date_gmt":"2019-05-09T22:21:24","guid":{"rendered":"http:\/\/alpar.com.co\/blog\/?p=1180"},"modified":"2019-05-09T17:21:33","modified_gmt":"2019-05-09T22:21:33","slug":"empresa-internacional-reconoce-parque-cementerio-puerta-del-cielo","status":"publish","type":"post","link":"https:\/\/alpar.com.co\/blog\/empresa-internacional-reconoce-parque-cementerio-puerta-del-cielo\/","title":{"rendered":"Empresa Internacional reconoce Parque Cementerio Puerta del Cielo"},"content":{"rendered":"\n<p style=\"text-align:justify\">Santo Domingo &#8211;\u00a0 En el marco de la apertura de las nuevas terrazas del Parque Cementerio Puerta del Cielo, la empresa internacional McClesky Mausoleum reconoci\u00f3\u00a0 al campo santo como \u00fanico cementerio en el pa\u00eds con est\u00e1ndares internacionales gracias a su dise\u00f1o e infraestructura. <\/p>\n\n\n\n<div class=\"wp-block-image\"><figure class=\"aligncenter is-resized\"><img decoding=\"async\" src=\"http:\/\/alpar.com.co\/blog\/wp-content\/uploads\/13.jpg\" alt=\"\" class=\"wp-image-1186\" width=\"500\" srcset=\"https:\/\/alpar.com.co\/blog\/wp-content\/uploads\/13.jpg 1000w, https:\/\/alpar.com.co\/blog\/wp-content\/uploads\/13-300x200.jpg 300w, https:\/\/alpar.com.co\/blog\/wp-content\/uploads\/13-768x511.jpg 768w\" sizes=\"(max-width: 1000px) 100vw, 1000px\" \/><\/figure><\/div>\n\n\n\n<p style=\"text-align:justify\">Durante el acto bendecido por su excelencia Monse\u00f1or Francisco Ozoria,\nArzobispo Metropolitano de Santo Domingo, fue entregada la certificaci\u00f3n\nenviada desde los Estados Unidos, y recibida a manos del distinguido Sr.\nLeonardo Vargas, director del Parque. <\/p>\n\n\n\n<p style=\"text-align:justify\"><em>\u201cPara nosotros es un honor recibir este reconocimiento, estas hermosas terrazas marcan un antes y un despu\u00e9s en Puerta del Cielo y son el fruto del trabajo y empe\u00f1o que dedicamos cada d\u00eda al proyecto Puerta del Cielo, es un gran prestigio y gran satisfacci\u00f3n saber que emulamos los est\u00e1ndares internacionales de prestigiosos cementerios en todo el mundo\u201d <\/em>Expres\u00f3 el Sr. Vargas durante la entrega. <\/p>\n\n\n\n<div class=\"wp-block-image\"><figure class=\"aligncenter is-resized\"><img decoding=\"async\" src=\"http:\/\/alpar.com.co\/blog\/wp-content\/uploads\/06.jpg\" alt=\"\" class=\"wp-image-1185\" width=\"500\" srcset=\"https:\/\/alpar.com.co\/blog\/wp-content\/uploads\/06.jpg 1000w, https:\/\/alpar.com.co\/blog\/wp-content\/uploads\/06-300x200.jpg 300w, https:\/\/alpar.com.co\/blog\/wp-content\/uploads\/06-768x511.jpg 768w\" sizes=\"(max-width: 1000px) 100vw, 1000px\" \/><\/figure><\/div>\n\n\n\n<p style=\"text-align:justify\">Por su parte ejecutivos de McClesky expresaron su respeto a la visi\u00f3n del Sr. Leonardo Vargas Presidente de Puerta del Cielo\u00a0 y a su equipo\u00a0 por la dedicaci\u00f3n necesaria para crear tan hermosa\u00a0 nueva etapa para el cementerio, para la ciudad de Santo Domingo y m\u00e1s all\u00e1.<\/p>\n\n\n\n<p style=\"text-align:justify\">McClesky a su vez record\u00f3 que durante el trabajo de\u00a0 planificaci\u00f3n el Sr. Vargas le manifest\u00f3 su deseo de crear un espacio que reflejara el prestigio del campo santo y que sobrepasara cualquier otro memorial en la regi\u00f3n de Santo Domingo, visi\u00f3n que ha sido lograda con \u00e9xito a lo largo de los a\u00f1os. <\/p>\n\n\n\n<div class=\"wp-block-image\"><figure class=\"aligncenter is-resized\"><img decoding=\"async\" src=\"http:\/\/alpar.com.co\/blog\/wp-content\/uploads\/20.jpg\" alt=\"\" class=\"wp-image-1184\" width=\"500\" srcset=\"https:\/\/alpar.com.co\/blog\/wp-content\/uploads\/20.jpg 1000w, https:\/\/alpar.com.co\/blog\/wp-content\/uploads\/20-300x200.jpg 300w, https:\/\/alpar.com.co\/blog\/wp-content\/uploads\/20-768x511.jpg 768w\" sizes=\"(max-width: 1000px) 100vw, 1000px\" \/><\/figure><\/div>\n\n\n\n<p style=\"text-align:justify\">Durante el acto de apertura de las terrazas, McCleskey expres\u00f3 que el artista Miguel \u00c1ngel capt\u00f3 la fuerza espiritual y belleza de la Virgen Mar\u00eda en un tiempo de gran dolor, tal como Puerta del Cielo provee belleza, fuerza y serenidad en tiempos de dolor, raz\u00f3n por la cual la empresa le obsequio una hermosa estatua en m\u00e1rmol de la PIETA para reconocer al prestigioso camposanto y su logro de promover valores.<\/p>\n\n\n\n<div class=\"wp-block-image\"><figure class=\"aligncenter is-resized\"><img loading=\"lazy\" decoding=\"async\" src=\"http:\/\/alpar.com.co\/blog\/wp-content\/uploads\/15-683x1024.jpg\" alt=\"\" class=\"wp-image-1183\" width=\"232\" height=\"300\"\/><\/figure><\/div>\n\n\n\n<p style=\"text-align:justify\">El Parque Cementerio Puerta del Cielo tuvo el honor\u00a0 de que su Excelencia Reverend\u00edsima Monse\u00f1or Francisco Ozoria, diera la bendici\u00f3n\u00a0 a la hermosa terraza y a la estatua de la PIETA la cual ser\u00e1 colocada en el camposanto.\u00a0 <\/p>\n\n\n\n<div class=\"wp-block-image\"><figure class=\"aligncenter is-resized\"><img loading=\"lazy\" decoding=\"async\" src=\"http:\/\/alpar.com.co\/blog\/wp-content\/uploads\/25.jpg\" alt=\"\" class=\"wp-image-1182\" width=\"500\" height=\"286\"\/><\/figure><\/div>\n\n\n\n<div class=\"wp-block-image\"><figure class=\"aligncenter is-resized\"><img decoding=\"async\" src=\"http:\/\/alpar.com.co\/blog\/wp-content\/uploads\/16.jpg\" alt=\"\" class=\"wp-image-1187\" width=\"500\" srcset=\"https:\/\/alpar.com.co\/blog\/wp-content\/uploads\/16.jpg 1000w, https:\/\/alpar.com.co\/blog\/wp-content\/uploads\/16-300x200.jpg 300w, https:\/\/alpar.com.co\/blog\/wp-content\/uploads\/16-768x511.jpg 768w\" sizes=\"(max-width: 1000px) 100vw, 1000px\" \/><\/figure><\/div>\n\n\n\n<div class=\"wp-block-image\"><figure class=\"aligncenter is-resized\"><img loading=\"lazy\" decoding=\"async\" src=\"http:\/\/alpar.com.co\/blog\/wp-content\/uploads\/01-3-683x1024.jpg\" alt=\"\" class=\"wp-image-1188\" width=\"291\" height=\"400\"\/><\/figure><\/div>\n\n\n\n<hr class=\"wp-block-separator\"\/>\n\n\n\n<p><strong>Un aporte de Parque Cementerio Puerta del Cielo. Rep\u00fablica Dominicana.<br> <\/strong>Asociado ALPAR  <\/p>\n","protected":false},"excerpt":{"rendered":"<p>Santo Domingo &#8211;\u00a0 En el marco de la apertura de las nuevas terrazas del Parque Cementerio Puerta del Cielo, la empresa internacional McClesky Mausoleum reconoci\u00f3\u00a0 al campo santo como \u00fanico cementerio en el pa\u00eds con est\u00e1ndares internacionales gracias a su dise\u00f1o e infraestructura. Durante el acto bendecido por su excelencia Monse\u00f1or Francisco Ozoria, Arzobispo Metropolitano [&hellip;]<\/p>\n","protected":false},"author":106,"featured_media":1181,"comment_status":"open","ping_status":"open","sticky":false,"template":"","format":"standard","meta":{"_et_pb_use_builder":"","_et_pb_old_content":"","_et_gb_content_width":"","footnotes":""},"categories":[3],"tags":[],"class_list":["post-1180","post","type-post","status-publish","format-standard","has-post-thumbnail","hentry","category-articulos"],"_links":{"self":[{"href":"https:\/\/alpar.com.co\/blog\/wp-json\/wp\/v2\/posts\/1180","targetHints":{"allow":["GET"]}}],"collection":[{"href":"https:\/\/alpar.com.co\/blog\/wp-json\/wp\/v2\/posts"}],"about":[{"href":"https:\/\/alpar.com.co\/blog\/wp-json\/wp\/v2\/types\/post"}],"author":[{"embeddable":true,"href":"https:\/\/alpar.com.co\/blog\/wp-json\/wp\/v2\/users\/106"}],"replies":[{"embeddable":true,"href":"https:\/\/alpar.com.co\/blog\/wp-json\/wp\/v2\/comments?post=1180"}],"version-history":[{"count":2,"href":"https:\/\/alpar.com.co\/blog\/wp-json\/wp\/v2\/posts\/1180\/revisions"}],"predecessor-version":[{"id":1190,"href":"https:\/\/alpar.com.co\/blog\/wp-json\/wp\/v2\/posts\/1180\/revisions\/1190"}],"wp:featuredmedia":[{"embeddable":true,"href":"https:\/\/alpar.com.co\/blog\/wp-json\/wp\/v2\/media\/1181"}],"wp:attachment":[{"href":"https:\/\/alpar.com.co\/blog\/wp-json\/wp\/v2\/media?parent=1180"}],"wp:term":[{"taxonomy":"category","embeddable":true,"href":"https:\/\/alpar.com.co\/blog\/wp-json\/wp\/v2\/categories?post=1180"},{"taxonomy":"post_tag","embeddable":true,"href":"https:\/\/alpar.com.co\/blog\/wp-json\/wp\/v2\/tags?post=1180"}],"curies":[{"name":"wp","href":"https:\/\/api.w.org\/{rel}","templated":true}]}}