{"id":1193,"date":"2019-05-16T16:42:05","date_gmt":"2019-05-16T21:42:05","guid":{"rendered":"http:\/\/alpar.com.co\/blog\/?p=1193"},"modified":"2019-05-16T16:47:12","modified_gmt":"2019-05-16T21:47:12","slug":"que-pasa-con-tus-redes-sociales-cuando-falleces","status":"publish","type":"post","link":"https:\/\/alpar.com.co\/blog\/que-pasa-con-tus-redes-sociales-cuando-falleces\/","title":{"rendered":"\u00bfQu\u00e9 pasa con tus redes sociales cuando falleces?"},"content":{"rendered":"\n<p style=\"text-align:justify\">Todos nos\nhemos preguntado alguna vez en la vida qu\u00e9 pasa con nuestra identidad digital\nuna vez que fallecemos. Pese a que a\u00fan existe cierto temor respecto a que un\ndesconocido ingrese a nuestras cuentas y mal utilice la informaci\u00f3n, en la\nactualidad hay muchas opciones para asegurar los deseos digitales p\u00f3stumos. La\ntecnolog\u00eda ha abierto puertas a las entidades responsables de las redes\nsociales y ha permitido organizar estos asuntos antes de partir.<\/p>\n\n\n\n<p style=\"text-align:justify\">Lo anterior\nse suma a que las redes sociales generan una incalculable cantidad de\ninformaci\u00f3n todos los d\u00edas, la cual queda expuesta cuando una persona deja este\nmundo. Ac\u00e1 te contamos qu\u00e9 hace Facebook, Twitter, Instagram y las plataformas\nde correo electr\u00f3nico con los perfiles una vez que tu o un ser querido fallece.<\/p>\n\n\n\n<h3 class=\"wp-block-heading\"> <strong>Facebook<\/strong><\/h3>\n\n\n\n<div class=\"wp-block-image\"><figure class=\"alignleft is-resized\"><img loading=\"lazy\" decoding=\"async\" src=\"http:\/\/alpar.com.co\/blog\/wp-content\/uploads\/875.jpg\" alt=\"\" class=\"wp-image-1196\" width=\"200\" height=\"175\"\/><\/figure><\/div>\n\n\n\n<p style=\"text-align:justify\">Una de las\ncosas que puedes hacer es notificar a la plataforma que, en caso de tu\nfallecimiento, tu perfil sea convertido en uno conmemorativo. Para lograr esto,\ndebes designar a un contacto de legado quien se encargar\u00e1 de administrar tu\ncuenta una vez que hayas partido. Esto se realiza en Configuraci\u00f3n General de\ntu cuenta, donde podr\u00e1s elegir a la persona que estar\u00e1 a cargo de tu perfil en\nFacebook, o solicitar eliminar tu cuenta cuando ya no est\u00e9s presente en este\nmundo.<\/p>\n\n\n\n<p style=\"text-align:justify\">Es una misi\u00f3n\nimportante, as\u00ed que piensa bien qui\u00e9n podr\u00eda ser un buen contacto de legado.<\/p>\n\n\n\n<h3 class=\"wp-block-heading\"><strong>Instagram<\/strong><\/h3>\n\n\n\n<div class=\"wp-block-image\"><figure class=\"alignleft is-resized\"><img loading=\"lazy\" decoding=\"async\" src=\"http:\/\/alpar.com.co\/blog\/wp-content\/uploads\/876.jpg\" alt=\"\" class=\"wp-image-1194\" width=\"200\" height=\"169\"\/><\/figure><\/div>\n\n\n\n<p style=\"text-align:justify\">Instagram\ntiene una pol\u00edtica similar a Facebook porque tambi\u00e9n puedes \u201cmemorializar\u201d tu\ncuenta. Para hacerlo un familiar tuyo o tu representante legal tiene que\nreportar a la empresa del fallecimiento y hacer la solicitud de convertir tu\nperfil en un \u201cin memoriam\u201d. Tambi\u00e9n pueden pedir que se cierre la cuenta. La\nsolicitud ser\u00e1 v\u00e1lida si presentan la documentaci\u00f3n pertinente que incluye\ncertificado de nacimiento, defunci\u00f3n y un comprobante de que la persona que\nhace la solicitud es el representante legal de quien ya parti\u00f3.<\/p>\n\n\n\n<h3 class=\"wp-block-heading\"><strong>Twitter<\/strong><\/h3>\n\n\n\n<div class=\"wp-block-image\"><figure class=\"alignleft is-resized\"><img loading=\"lazy\" decoding=\"async\" src=\"http:\/\/alpar.com.co\/blog\/wp-content\/uploads\/879.jpg\" alt=\"\" class=\"wp-image-1195\" width=\"200\" height=\"168\"\/><\/figure><\/div>\n\n\n\n<p style=\"text-align:justify\">Tenemos\nbuenas noticias, porque Twitter tiene una pol\u00edtica muy estricta respecto al fallecimiento\nde sus usuarios: nadie puede entrar a una cuenta despu\u00e9s de que el fundador de\nla misma haya muerto, esto mientras nadie m\u00e1s tenga disponibles las contrase\u00f1as\ndel perfil.<\/p>\n\n\n\n<p style=\"text-align:justify\">Lo que se\npuede hacer es que un familiar directo del due\u00f1o de la cuenta solicite el\ncierre de la misma, presentando una copia de una identificaci\u00f3n y una copia del\ncertificado de defunci\u00f3n. As\u00ed que, si quieres que se borre tu huella en Twitter\ndespu\u00e9s de tu muerte, te recomendamos que lo dejes dicho a tu entorno m\u00e1s\ncercano, para que tus familiares act\u00faen cuando sea necesario.<\/p>\n\n\n\n<h3 class=\"wp-block-heading\"><strong>Correos electr\u00f3nicos<\/strong><\/h3>\n\n\n\n<div class=\"wp-block-image\"><figure class=\"alignleft is-resized\"><img loading=\"lazy\" decoding=\"async\" src=\"http:\/\/alpar.com.co\/blog\/wp-content\/uploads\/OCIGT70.jpg\" alt=\"\" class=\"wp-image-1199\" width=\"200\" height=\"300\"\/><\/figure><\/div>\n\n\n\n<p style=\"text-align:justify\">Casi todas\nlas empresas respetan mucho al usuario y es dif\u00edcil obtener los contenidos de\nla misma, m\u00e1s si se trata de una empresa de correos como Gmail. T\u00fa puedes\ntachar la opci\u00f3n en tu configuraci\u00f3n para que nadie obtenga esa informaci\u00f3n.\nPor otro lado, puedes dejar dicho que alguien maneje tu cuenta despu\u00e9s de tu\nfallecimiento o tu familia o representante legal puede solicitar el acceso.<\/p>\n\n\n\n<p><em>Fuente: Entrepeneur.com<\/em><\/p>\n\n\n\n<hr class=\"wp-block-separator\"\/>\n\n\n\n<p><strong>Un aporte de Parque del Recuerdo. Chile.<br> <\/strong>Asociado ALPAR\n\n<\/p>\n","protected":false},"excerpt":{"rendered":"<p>Todos nos hemos preguntado alguna vez en la vida qu\u00e9 pasa con nuestra identidad digital una vez que fallecemos. Pese a que a\u00fan existe cierto temor respecto a que un desconocido ingrese a nuestras cuentas y mal utilice la informaci\u00f3n, en la actualidad hay muchas opciones para asegurar los deseos digitales p\u00f3stumos. La tecnolog\u00eda ha [&hellip;]<\/p>\n","protected":false},"author":106,"featured_media":1197,"comment_status":"open","ping_status":"open","sticky":false,"template":"","format":"standard","meta":{"_et_pb_use_builder":"","_et_pb_old_content":"","_et_gb_content_width":"","footnotes":""},"categories":[3],"tags":[],"class_list":["post-1193","post","type-post","status-publish","format-standard","has-post-thumbnail","hentry","category-articulos"],"_links":{"self":[{"href":"https:\/\/alpar.com.co\/blog\/wp-json\/wp\/v2\/posts\/1193","targetHints":{"allow":["GET"]}}],"collection":[{"href":"https:\/\/alpar.com.co\/blog\/wp-json\/wp\/v2\/posts"}],"about":[{"href":"https:\/\/alpar.com.co\/blog\/wp-json\/wp\/v2\/types\/post"}],"author":[{"embeddable":true,"href":"https:\/\/alpar.com.co\/blog\/wp-json\/wp\/v2\/users\/106"}],"replies":[{"embeddable":true,"href":"https:\/\/alpar.com.co\/blog\/wp-json\/wp\/v2\/comments?post=1193"}],"version-history":[{"count":3,"href":"https:\/\/alpar.com.co\/blog\/wp-json\/wp\/v2\/posts\/1193\/revisions"}],"predecessor-version":[{"id":1201,"href":"https:\/\/alpar.com.co\/blog\/wp-json\/wp\/v2\/posts\/1193\/revisions\/1201"}],"wp:featuredmedia":[{"embeddable":true,"href":"https:\/\/alpar.com.co\/blog\/wp-json\/wp\/v2\/media\/1197"}],"wp:attachment":[{"href":"https:\/\/alpar.com.co\/blog\/wp-json\/wp\/v2\/media?parent=1193"}],"wp:term":[{"taxonomy":"category","embeddable":true,"href":"https:\/\/alpar.com.co\/blog\/wp-json\/wp\/v2\/categories?post=1193"},{"taxonomy":"post_tag","embeddable":true,"href":"https:\/\/alpar.com.co\/blog\/wp-json\/wp\/v2\/tags?post=1193"}],"curies":[{"name":"wp","href":"https:\/\/api.w.org\/{rel}","templated":true}]}}