{"id":1202,"date":"2019-05-23T08:04:54","date_gmt":"2019-05-23T13:04:54","guid":{"rendered":"http:\/\/alpar.com.co\/blog\/?p=1202"},"modified":"2019-05-23T08:05:01","modified_gmt":"2019-05-23T13:05:01","slug":"parque-del-prado-recibe-certificaciones-iso-9001-2015-y-conforme-a-la-norma-une-en-15017","status":"publish","type":"post","link":"https:\/\/alpar.com.co\/blog\/parque-del-prado-recibe-certificaciones-iso-9001-2015-y-conforme-a-la-norma-une-en-15017\/","title":{"rendered":"PARQUE DEL PRADO RECIBE CERTIFICACIONES ISO 9001-2015 Y CONFORME A LA NORMA UNE-EN 15017"},"content":{"rendered":"\n<h3 class=\"wp-block-heading\"><strong><em>La empresa se convierte en el primer complejo funerario integrado en recibir las certificaciones <\/em><\/strong><\/h3>\n\n\n\n<p><\/p>\n\n\n\n<p style=\"text-align:justify\"><strong>SANTO DOMINGO.-<\/strong> La empresa Parque del Prado recibe certificaciones bajo la Norma ISO 9001-2015, por su Sistema de Gesti\u00f3n de Calidad (SGC), y bajo la norma A97 exclusiva para Servicios Funerarios, otorgadas por &nbsp;la empresa de reconocimiento a nivel internacional AENOR. <\/p>\n\n\n\n<p style=\"text-align:justify\">Con estos reconocimientos, de alcance internacional,\nParque del Prado se convierte en el primer complejo funerario integrado en\nrecibir dichas certificaciones en el pa\u00eds, reafirmado su compromiso con la\ncalidad y la mejora continua de forma sostenible y responsable. <\/p>\n\n\n\n<p style=\"text-align:justify\">Las certificaciones fueron entregadas por Ariel Espejo, Director de AENOR en la Rep\u00fablica Dominicana y recibidas por Gina Victoriano Collado, Vicepresidenta Ejecutiva y &nbsp;Saina Rodr\u00edguez, Encargada de Sistemas de Parque del Prado.<\/p>\n\n\n\n<p style=\"text-align:justify\">En un mercado cada vez m\u00e1s\nglobalizado, la calidad es un factor estrat\u00e9gico imprescindible, por esta\nraz\u00f3n, mediante la entrega de los certificados, los directivos de la empresa\nvaloraron el esfuerzo de cada uno de sus colaboradores en la obtenci\u00f3n de estas\ncertificaciones y reafirmaron el compromiso de mantenerla en cumplimiento a sus\npol\u00edticas de crecimiento sostenibles, para continuar ofreciendo servicios con\ndignidad y respeto, factores claves y diferenciadores de la compa\u00f1\u00eda.&nbsp; <\/p>\n\n\n\n<p style=\"text-align:justify\">La Certificaci\u00f3n ISO, es una de\nlas m\u00e1s importantes, que a nivel mundial es otorgada &nbsp;a aquellas empresas\nque tienen un enfoque en la calidad y cuentan con procesos definidos para poner\na disposici\u00f3n productos con est\u00e1ndares &nbsp;internacionales de calidad.<\/p>\n\n\n\n<p style=\"text-align:justify\">Parque del Prado es un complejo funerario integrado, que ofrece servicios de velaci\u00f3n, inhumaci\u00f3n y &nbsp;cremaci\u00f3n de humanos, adem\u00e1s cuenta con un espacio destinado para &nbsp;despedir de manera digna &nbsp;a esos incondicionales amigos, &nbsp;que forman parte de nuestra familia, las mascotas.&nbsp; <\/p>\n\n\n\n<hr class=\"wp-block-separator\"\/>\n\n\n\n<p><strong>Un aporte de Parque del Prado. Rep\u00fablica Dominicana.<br> <\/strong>Asociado ALPAR   <\/p>\n","protected":false},"excerpt":{"rendered":"<p>La empresa se convierte en el primer complejo funerario integrado en recibir las certificaciones SANTO DOMINGO.- La empresa Parque del Prado recibe certificaciones bajo la Norma ISO 9001-2015, por su Sistema de Gesti\u00f3n de Calidad (SGC), y bajo la norma A97 exclusiva para Servicios Funerarios, otorgadas por &nbsp;la empresa de reconocimiento a nivel internacional AENOR. [&hellip;]<\/p>\n","protected":false},"author":106,"featured_media":1203,"comment_status":"open","ping_status":"open","sticky":false,"template":"","format":"standard","meta":{"_et_pb_use_builder":"","_et_pb_old_content":"","_et_gb_content_width":"","footnotes":""},"categories":[3],"tags":[],"class_list":["post-1202","post","type-post","status-publish","format-standard","has-post-thumbnail","hentry","category-articulos"],"_links":{"self":[{"href":"https:\/\/alpar.com.co\/blog\/wp-json\/wp\/v2\/posts\/1202","targetHints":{"allow":["GET"]}}],"collection":[{"href":"https:\/\/alpar.com.co\/blog\/wp-json\/wp\/v2\/posts"}],"about":[{"href":"https:\/\/alpar.com.co\/blog\/wp-json\/wp\/v2\/types\/post"}],"author":[{"embeddable":true,"href":"https:\/\/alpar.com.co\/blog\/wp-json\/wp\/v2\/users\/106"}],"replies":[{"embeddable":true,"href":"https:\/\/alpar.com.co\/blog\/wp-json\/wp\/v2\/comments?post=1202"}],"version-history":[{"count":4,"href":"https:\/\/alpar.com.co\/blog\/wp-json\/wp\/v2\/posts\/1202\/revisions"}],"predecessor-version":[{"id":1207,"href":"https:\/\/alpar.com.co\/blog\/wp-json\/wp\/v2\/posts\/1202\/revisions\/1207"}],"wp:featuredmedia":[{"embeddable":true,"href":"https:\/\/alpar.com.co\/blog\/wp-json\/wp\/v2\/media\/1203"}],"wp:attachment":[{"href":"https:\/\/alpar.com.co\/blog\/wp-json\/wp\/v2\/media?parent=1202"}],"wp:term":[{"taxonomy":"category","embeddable":true,"href":"https:\/\/alpar.com.co\/blog\/wp-json\/wp\/v2\/categories?post=1202"},{"taxonomy":"post_tag","embeddable":true,"href":"https:\/\/alpar.com.co\/blog\/wp-json\/wp\/v2\/tags?post=1202"}],"curies":[{"name":"wp","href":"https:\/\/api.w.org\/{rel}","templated":true}]}}