{"id":1245,"date":"2019-06-20T17:57:41","date_gmt":"2019-06-20T22:57:41","guid":{"rendered":"http:\/\/alpar.com.co\/blog\/?p=1245"},"modified":"2019-06-27T17:21:17","modified_gmt":"2019-06-27T22:21:17","slug":"el-mundo-unido-por-la-vida-un-movimiento-mundial-de-la-industria-funeraria","status":"publish","type":"post","link":"https:\/\/alpar.com.co\/blog\/el-mundo-unido-por-la-vida-un-movimiento-mundial-de-la-industria-funeraria\/","title":{"rendered":"EL MUNDO UNIDO POR LA VIDA: un movimiento mundial de la Industria Funeraria"},"content":{"rendered":"\n<p style=\"text-align:justify\">EL MUNDO UNIDO POR LA VIDA es iniciativa de ALPAR para unir a la Industria de Cementerios y Funerarias en los cinco continentes, para celebrar la vida.&nbsp; Desde 2012, en m\u00e1s de 28 pa\u00edses, hemos celebrado la vida de los seres queridos que partieron, los que a\u00fan est\u00e1n con nosotros y nuestras propias vidas<\/p>\n\n\n\n<p style=\"text-align:justify\">Este evento se ha convertido en\nuna fecha referente en el calendario de las empresas, como lo son el d\u00eda de\ndifuntos y los d\u00edas de madres y padres ya que, por medio de las actividades\nrealizadas, se convoca a familias, ni\u00f1os, j\u00f3venes y grupos de amigos.<\/p>\n\n\n\n<div class=\"wp-block-image\"><figure class=\"aligncenter is-resized\"><img loading=\"lazy\" decoding=\"async\" src=\"http:\/\/alpar.com.co\/blog\/wp-content\/uploads\/IMG_20170820_122555-1024x625.jpg\" alt=\"\" class=\"wp-image-1251\" width=\"500\" height=\"334\"\/><\/figure><\/div>\n\n\n\n<p style=\"text-align:justify\">Todas las empresas de la\nIndustria de Cementerios y Funerarias est\u00e1n invitadas a participar, por eso en\nel sitio web oficial de EL MUNDO UNIDO POR LA VIDA, est\u00e1 disponible toda la\ninformaci\u00f3n del evento:<\/p>\n\n\n\n<div class=\"wp-block-button aligncenter\"><a class=\"wp-block-button__link has-text-color has-very-light-gray-color has-background\" href=\"http:\/\/www.worldunitedforlife.com\/\" target=\"_blank\" style=\"background-color:#6bbe50\" rel=\"noopener noreferrer\"><strong>www.worldunitedforlife.com<\/strong><\/a><\/div>\n\n\n\n<p style=\"text-align:justify\">All\u00ed podr\u00e1 conocer qu\u00e9 es el evento y los beneficios que trae para las empresas participantes. Igualmente podr\u00e1 conocer los pa\u00edses y empresas que se han unido en sus siete ediciones y que han reunido a m\u00e1s de 90 mil personas para celebrar la vida.<\/p>\n\n\n\n<div class=\"wp-block-button aligncenter\"><a class=\"wp-block-button__link has-background\" href=\"http:\/\/www.worldunitedforlife.com\/2016\/paises-participantes\/\" target=\"_blank\" style=\"background-color:#6bbe50\" rel=\"noopener noreferrer\"> <strong>Pa\u00edses y empresas que se han unido a <\/strong><br><strong>EL MUNDO UNIDO POR LA VIDA<\/strong><\/a><\/div>\n\n\n\n<div class=\"wp-block-image\"><figure class=\"aligncenter is-resized\"><img loading=\"lazy\" decoding=\"async\" src=\"http:\/\/alpar.com.co\/blog\/wp-content\/uploads\/IMG-20170818-WA0082-1024x768.jpg\" alt=\"\" class=\"wp-image-1250\" width=\"500\" height=\"368\"\/><\/figure><\/div>\n\n\n\n<p style=\"text-align:justify\">Las empresas pueden elegir dentro de una amplia variedad de actividades para celebrar la vida, desde campa\u00f1as en redes sociales, hasta eventos masivos.&nbsp; En nuestro sitio web hemos listado diversos ejemplos, que son inspiraci\u00f3n para que pueda elegir lo que mejor se adapte a la identidad de marca de su empresa y p\u00fablico objetivo.<\/p>\n\n\n\n<div class=\"wp-block-button aligncenter\"><a class=\"wp-block-button__link has-text-color has-very-light-gray-color has-background\" href=\"http:\/\/www.worldunitedforlife.com\/2016\/actividades-sugeridas\" target=\"_blank\" style=\"background-color:#6bbe50\" rel=\"noopener noreferrer\"> <strong>\u00bfCu\u00e1les actividades realizar?<\/strong> <\/a><\/div>\n\n\n\n<p style=\"text-align:justify\">Cada a\u00f1o son m\u00e1s las empresas y pa\u00edses que se suman a este movimiento mundial.&nbsp; Los resultados de cada edici\u00f3n demuestran la gran acogida que tiene esta iniciativa entre las empresas de la Industria y el p\u00fablico en general.<\/p>\n\n\n\n<div class=\"wp-block-button aligncenter\"><a class=\"wp-block-button__link has-text-color has-very-light-gray-color has-background\" href=\"http:\/\/www.worldunitedforlife.com\/2016\/anos-anteriores\/\" target=\"_blank\" style=\"background-color:#6bbe50\" rel=\"noopener noreferrer\"> <strong>Ver resultado de versiones anteriores<\/strong><\/a><\/div>\n\n\n\n<p style=\"text-align:justify\">Quienes deseen sumarse por primera vez al evento, est\u00e1n invitados a conocer nuestra <a rel=\"noreferrer noopener\" href=\"http:\/\/worldunitedforlife.com\/guia-planeacion2019.pdf\" target=\"_blank\">GU\u00cdA DE PLANEACI\u00d3N PARA EMPRESAS<\/a> para potencializar su participaci\u00f3n y as\u00ed garantizar que el <strong>domingo, 22 de septiembre,<\/strong> ser\u00e1 un gran d\u00eda de celebraci\u00f3n de la vida.<\/p>\n\n\n\n<div class=\"wp-block-button aligncenter\"><a class=\"wp-block-button__link has-text-color has-very-light-gray-color has-background\" href=\"http:\/\/worldunitedforlife.com\/guia-planeacion2019.pdf\" target=\"_blank\" style=\"background-color:#6bbe50\" rel=\"noopener noreferrer\"> <strong>Descargar Gu\u00eda de planeaci\u00f3n<\/strong><\/a><\/div>\n\n\n\n<div class=\"wp-block-image\"><figure class=\"aligncenter is-resized\"><img loading=\"lazy\" decoding=\"async\" src=\"http:\/\/alpar.com.co\/blog\/wp-content\/uploads\/WUFL-2018-09-copia-1024x551.jpg\" alt=\"\" class=\"wp-image-1252\" width=\"500\" height=\"289\"\/><\/figure><\/div>\n\n\n\n<p style=\"text-align:justify\">Las preguntas adicionales que puedan resultar sobre el evento, pueden aclararse en nuestra p\u00e1gina de preguntas frecuentes.<\/p>\n\n\n\n<div class=\"wp-block-button aligncenter\"><a class=\"wp-block-button__link has-text-color has-very-light-gray-color has-background\" href=\"http:\/\/www.worldunitedforlife.com\/2016\/preguntas-frecuentes\/\" target=\"_blank\" style=\"background-color:#6bbe50\" rel=\"noopener noreferrer\"> <strong>Ir a Preguntas Frecuentes<\/strong><\/a><\/div>\n\n\n\n<p style=\"text-align:justify\">Los registros para confirmar participaci\u00f3n y las dudas adicionales sobre el evento, podr\u00e1 remitirlas v\u00eda correo electr\u00f3nico a ALPAR: <a href=\"mailto:aalpar@une,net.co\">aalpar@une,net.co<\/a> <\/p>\n","protected":false},"excerpt":{"rendered":"<p>EL MUNDO UNIDO POR LA VIDA es iniciativa de ALPAR para unir a la Industria de Cementerios y Funerarias en los cinco continentes, para celebrar la vida.&nbsp; Desde 2012, en m\u00e1s de 28 pa\u00edses, hemos celebrado la vida de los seres queridos que partieron, los que a\u00fan est\u00e1n con nosotros y nuestras propias vidas Este [&hellip;]<\/p>\n","protected":false},"author":106,"featured_media":1248,"comment_status":"open","ping_status":"open","sticky":false,"template":"","format":"standard","meta":{"_et_pb_use_builder":"","_et_pb_old_content":"","_et_gb_content_width":"","footnotes":""},"categories":[3],"tags":[],"class_list":["post-1245","post","type-post","status-publish","format-standard","has-post-thumbnail","hentry","category-articulos"],"_links":{"self":[{"href":"https:\/\/alpar.com.co\/blog\/wp-json\/wp\/v2\/posts\/1245","targetHints":{"allow":["GET"]}}],"collection":[{"href":"https:\/\/alpar.com.co\/blog\/wp-json\/wp\/v2\/posts"}],"about":[{"href":"https:\/\/alpar.com.co\/blog\/wp-json\/wp\/v2\/types\/post"}],"author":[{"embeddable":true,"href":"https:\/\/alpar.com.co\/blog\/wp-json\/wp\/v2\/users\/106"}],"replies":[{"embeddable":true,"href":"https:\/\/alpar.com.co\/blog\/wp-json\/wp\/v2\/comments?post=1245"}],"version-history":[{"count":9,"href":"https:\/\/alpar.com.co\/blog\/wp-json\/wp\/v2\/posts\/1245\/revisions"}],"predecessor-version":[{"id":1260,"href":"https:\/\/alpar.com.co\/blog\/wp-json\/wp\/v2\/posts\/1245\/revisions\/1260"}],"wp:featuredmedia":[{"embeddable":true,"href":"https:\/\/alpar.com.co\/blog\/wp-json\/wp\/v2\/media\/1248"}],"wp:attachment":[{"href":"https:\/\/alpar.com.co\/blog\/wp-json\/wp\/v2\/media?parent=1245"}],"wp:term":[{"taxonomy":"category","embeddable":true,"href":"https:\/\/alpar.com.co\/blog\/wp-json\/wp\/v2\/categories?post=1245"},{"taxonomy":"post_tag","embeddable":true,"href":"https:\/\/alpar.com.co\/blog\/wp-json\/wp\/v2\/tags?post=1245"}],"curies":[{"name":"wp","href":"https:\/\/api.w.org\/{rel}","templated":true}]}}