{"id":1262,"date":"2019-07-04T15:38:42","date_gmt":"2019-07-04T20:38:42","guid":{"rendered":"http:\/\/alpar.com.co\/blog\/?p=1262"},"modified":"2019-07-05T08:24:00","modified_gmt":"2019-07-05T13:24:00","slug":"el-pais-donde-se-tardan-meses-y-hasta-anos-en-enterrar-sus-muertos","status":"publish","type":"post","link":"https:\/\/alpar.com.co\/blog\/el-pais-donde-se-tardan-meses-y-hasta-anos-en-enterrar-sus-muertos\/","title":{"rendered":"El pa\u00eds donde se tardan meses (y hasta a\u00f1os) en enterrar sus muertos"},"content":{"rendered":"\n<p style=\"text-align:justify\">Cuando la periodista Elizabeth Ohene enterr\u00f3 a su madre a las tres semanas de fallecida, su comunidad qued\u00f3 horrorizada. Lo normal en Ghana es demorarse por lo menos entre tres y seis meses. \u00bfPor qu\u00e9? \u00bfDe d\u00f3nde viene esta extra\u00f1a costumbre? Esta es la reflexi\u00f3n de Ohene.<\/p>\n\n\n\n<p style=\"text-align:justify\">La semana pasada apareci\u00f3 en las noticias una de esas historias de funerales que son t\u00edpicas en nuestro pa\u00eds.<\/p>\n\n\n\n<p style=\"text-align:justify\">El cuerpo de un jefe de una comunidad que hab\u00eda muerto hace seis a\u00f1os todav\u00eda estaba en la morgue porque la familia no lograba ponerse de acuerdo en qui\u00e9n deb\u00eda ser el \u00abprincipal doliente\u00bb o deudo m\u00e1s cercano.<\/p>\n\n\n\n<p style=\"text-align:justify\">Como siempre me ocurre, estaba indignada.<\/p>\n\n\n\n<p style=\"text-align:justify\">Pero la historia no atrajo mucha atenci\u00f3n porque estamos&nbsp;<strong>acostumbrados a dejar cuerpos en la morgue por largos per\u00edodos&nbsp;<\/strong>hasta que se resuelven las disputas que surgen despu\u00e9s de cada muerte.<\/p>\n\n\n\n<p style=\"text-align:justify\">Nuestros elaborados y costosos funerales, y nuestros f\u00e9retros de exc\u00e9ntricos dise\u00f1os fueron bien documentados.<\/p>\n\n\n\n<p style=\"text-align:justify\">A pesar de mi inter\u00e9s por tratar de entender c\u00f3mo los funerales se volvieron tan importantes en nuestra sociedad, hay cosas que todav\u00eda no puedo entender despu\u00e9s de todos estos a\u00f1os.<\/p>\n\n\n\n<p style=\"text-align:justify\">Esto me hace seguir buscando explicaciones.<\/p>\n\n\n\n<h2 class=\"wp-block-heading\" style=\"text-align:center\"><strong>La \u00abfamilia\u00bb<\/strong><\/h2>\n\n\n\n<p style=\"text-align:justify\">Tomemos, por ejemplo, el papel de la \u00abfamilia\u00bb en los funerales.<\/p>\n\n\n\n<div class=\"wp-block-image\"><figure class=\"aligncenter is-resized\"><img loading=\"lazy\" decoding=\"async\" src=\"http:\/\/alpar.com.co\/blog\/wp-content\/uploads\/101806074_gettyimages-183137447.jpg\" alt=\"\" class=\"wp-image-1263\" width=\"550\" height=\"311\"\/><figcaption> <em>Desde que se hicieron populares las morgues con neveras, se extendi\u00f3 el tiempo que se espera hasta que se entierra al muerto. <\/em><\/figcaption><\/figure><\/div>\n\n\n\n<p style=\"text-align:justify\">Seg\u00fan nuestras costumbres y tradiciones, ratificadas por los tribunales, cuando una persona muere,&nbsp;<strong>el cuerpo le pertenece a la familia.<\/strong><\/p>\n\n\n\n<p style=\"text-align:justify\">Una pensar\u00eda que sabe qu\u00e9 es la familia y qui\u00e9nes son sus miembros. Sin embargo, una vez que se produce una muerte, l<strong>a definici\u00f3n de familia cambia <\/strong>por completo.<\/p>\n\n\n\n<p style=\"text-align:justify\">La esposa y los hijos ya no califican como familia cuando hay una muerte.<\/p>\n\n\n\n<p style=\"text-align:justify\">Es solo la familia, en referencia a la familia extendida en la que naciste, la que decide qui\u00e9n ser\u00e1 el principal doliente y todos los dem\u00e1s t\u00edtulos que se adjudican cuando se muere una persona.<\/p>\n\n\n\n<div class=\"wp-block-image\"><figure class=\"aligncenter is-resized\"><img loading=\"lazy\" decoding=\"async\" src=\"http:\/\/alpar.com.co\/blog\/wp-content\/uploads\/101812628_coffin.jpg\" alt=\"\" class=\"wp-image-1266\" width=\"550\" height=\"315\"\/><figcaption><em>Los f\u00e9retros de elaborados y originales dise\u00f1os son muy populares en Ghana. <\/em><\/figcaption><\/figure><\/div>\n\n\n\n<p style=\"text-align:justify\">Esta \u00abfamilia\u00bb y su doliente principal puede no haber visto o hablado con el muerto en 30 a\u00f1os, pero se considera que sabe m\u00e1s del difunto que la esposa o los hijos.<\/p>\n\n\n\n<p style=\"text-align:justify\">Luego est\u00e1n los&nbsp;<strong>encuentros interminables&nbsp;<\/strong>que est\u00e1n presididos por esta \u00abfamilia\u00bb, en donde se puede ignorar a la esposa y a los hijos.<\/p>\n\n\n\n<p style=\"text-align:justify\">Despu\u00e9s lleva semanas escribir un&nbsp;<strong>obituario&nbsp;<\/strong>en el que hay que poner a los dolientes en una lista en el orden adecuado.<\/p>\n\n\n\n<h2 class=\"wp-block-heading\" style=\"text-align:center\"><strong>Casa nueva para el difunto<\/strong><\/h2>\n\n\n\n<p style=\"text-align:justify\">La elecci\u00f3n del deudo m\u00e1s cercano es muy importante porque \u00e9l (siempre es un hombre, nunca una mujer) no solo est\u00e1 a cargo del funeral, sino que tambi\u00e9n tiene la \u00faltima palabra sobre qui\u00e9n suceder\u00e1 al fallecido.<\/p>\n\n\n\n<div class=\"wp-block-image\"><figure class=\"aligncenter is-resized\"><img loading=\"lazy\" decoding=\"async\" src=\"http:\/\/alpar.com.co\/blog\/wp-content\/uploads\/101806079_gettyimages-51506250.jpg\" alt=\"\" class=\"wp-image-1264\" width=\"550\" height=\"316\"\/><figcaption> <em>Otro ejemplo de los diversos y ocurrentes que son los ata\u00fades preferidos por los ghaneses. <\/em><\/figcaption><\/figure><\/div>\n\n\n\n<p style=\"text-align:justify\">Mientras tanto el cuerpo debe ser&nbsp;<strong>almacenado en una nevera,&nbsp;<\/strong>ya que se espera que surjan disputas en torno a cu\u00e1ndo y d\u00f3nde debe enterrarse el muerto.<\/p>\n\n\n\n<p style=\"text-align:justify\">Por eso, no es de extra\u00f1ar que a menudo acabemos en la corte con \u00f3rdenes judiciales que impiden que alguien mueva los cad\u00e1veres.<\/p>\n\n\n\n<p style=\"text-align:justify\">A veces las demoras no tienen nada que ver con las disputas.<\/p>\n\n\n\n<p style=\"text-align:justify\">Nosotros nos tomamos muy enserio la idea de darle al difunto un entierro como se merece.<\/p>\n\n\n\n<p style=\"text-align:justify\">Decoramos la casa en la que el muerto vivi\u00f3 y muri\u00f3, y&nbsp;<strong>a veces construimos una nueva para montar un funeral espectacular.<\/strong><\/p>\n\n\n\n<div class=\"wp-block-image\"><figure class=\"aligncenter is-resized\"><img loading=\"lazy\" decoding=\"async\" src=\"http:\/\/alpar.com.co\/blog\/wp-content\/uploads\/101812624_ghanawoman.jpg\" alt=\"\" class=\"wp-image-1265\" width=\"550\" height=\"316\"\/><figcaption><em>La danza y las canciones tambi\u00e9n son parte del ritual funerario de este pa\u00eds africano. <\/em><\/figcaption><\/figure><\/div>\n\n\n\n<p style=\"text-align:justify\">Eso toma tiempo.<\/p>\n\n\n\n<p style=\"text-align:justify\">Hace poco fui al funeral de Nana Akenten Apiah-Menka, un industrial y pol\u00edtico famoso.<\/p>\n\n\n\n<p style=\"text-align:justify\">El&nbsp;<strong>folleto de la ceremonia&nbsp;<\/strong>era una costosa publicaci\u00f3n de 226 p\u00e1ginas con tributos y fotos que cubr\u00edan sus 84 a\u00f1os de vida.<\/p>\n\n\n\n<p style=\"text-align:justify\">Hacer este documento tambi\u00e9n demora.<\/p>\n\n\n\n<h2 class=\"wp-block-heading\" style=\"text-align:center\"><strong>Las consecuencias de apurarse<\/strong><\/h2>\n\n\n\n<p style=\"text-align:justify\">Antes de que las morgues \u2014con sus neveras\u2014 se volviesen populares en este pa\u00eds, enterr\u00e1bamos a nuestros muertos en los siguientes dos o tres d\u00edas y luego fij\u00e1bamos una fecha para los rituales funerarios finales.<\/p>\n\n\n\n<p style=\"text-align:justify\">Ahora, el tiempo promedio que un cuerpo permanece en la morgue antes de ser enterrado ronda entre los&nbsp;<strong>tres y seis meses.<\/strong><\/p>\n\n\n\n<div class=\"wp-block-image\"><figure class=\"aligncenter is-resized\"><img loading=\"lazy\" decoding=\"async\" src=\"http:\/\/alpar.com.co\/blog\/wp-content\/uploads\/101918798__85705951_img_3335.jpg\" alt=\"\" class=\"wp-image-1268\" width=\"550\" height=\"170\" srcset=\"https:\/\/alpar.com.co\/blog\/wp-content\/uploads\/101918798__85705951_img_3335.jpg 695w, https:\/\/alpar.com.co\/blog\/wp-content\/uploads\/101918798__85705951_img_3335-300x92.jpg 300w\" sizes=\"(max-width: 550px) 100vw, 550px\" \/><figcaption><em>Elizabeth Ohene despert\u00f3 la ira e indignaci\u00f3n de sus comunidad al enterrar a su madre tres semanas despu\u00e9s de haber fallecido. <\/em><\/figcaption><\/figure><\/div>\n\n\n\n<p style=\"text-align:justify\">Un lapso de entre 10 meses y un a\u00f1o tampoco es raro.<\/p>\n\n\n\n<p style=\"text-align:justify\">Cuando tratas de enterrar a alguien en un per\u00edodo que se considera \u00abmuy r\u00e1pido\u00bb, despertar\u00e1s la indignaci\u00f3n de la gente.<\/p>\n\n\n\n<p style=\"text-align:justify\">Lo s\u00e9 por experiencia.<\/p>\n\n\n\n<p style=\"text-align:justify\">Mi mam\u00e1 muri\u00f3 a los 90 a\u00f1os y la enterramos a las tres semanas. En nuestro pueblo lo consideraron un sacrilegio y una falta de respeto a nuestra madre.<\/p>\n\n\n\n<p style=\"text-align:justify\">Yo&nbsp;<strong>culpo&nbsp;<\/strong><strong>a la refrigeraci\u00f3n de&nbsp;<\/strong><strong>esta locura en nuestro pa\u00eds con los funerales.<\/strong><\/p>\n\n\n\n<p style=\"text-align:justify\">Sin neveras, no podr\u00edamos mantener a los cuerpos por per\u00edodos de tiempo tal absurdos como lo hacemos ahora.<\/p>\n\n\n\n<hr class=\"wp-block-separator\"\/>\n\n\n\n<p><strong><em>Fuente:<\/em><\/strong><br> <em>BBC Mundo. (23 de junio de 2018). El pa\u00eds donde se tardan meses (y hasta a\u00f1os) en enterrar sus muertos. Escrito por: Elizabeth Ohene. BBC, Acra. Recuperado de: <\/em><a rel=\"noreferrer noopener\" aria-label=\"www.bbc.com (abre en una nueva pesta\u00f1a)\" href=\"https:\/\/www.bbc.com\/mundo\/amp\/noticias-44399654\" target=\"_blank\"><em>www.bbc.com<\/em><\/a><\/p>\n","protected":false},"excerpt":{"rendered":"<p>Cuando la periodista Elizabeth Ohene enterr\u00f3 a su madre a las tres semanas de fallecida, su comunidad qued\u00f3 horrorizada. Lo normal en Ghana es demorarse por lo menos entre tres y seis meses. \u00bfPor qu\u00e9? \u00bfDe d\u00f3nde viene esta extra\u00f1a costumbre? Esta es la reflexi\u00f3n de Ohene. La semana pasada apareci\u00f3 en las noticias una [&hellip;]<\/p>\n","protected":false},"author":106,"featured_media":1270,"comment_status":"open","ping_status":"open","sticky":false,"template":"","format":"standard","meta":{"_et_pb_use_builder":"","_et_pb_old_content":"","_et_gb_content_width":"","footnotes":""},"categories":[3],"tags":[],"class_list":["post-1262","post","type-post","status-publish","format-standard","has-post-thumbnail","hentry","category-articulos"],"_links":{"self":[{"href":"https:\/\/alpar.com.co\/blog\/wp-json\/wp\/v2\/posts\/1262","targetHints":{"allow":["GET"]}}],"collection":[{"href":"https:\/\/alpar.com.co\/blog\/wp-json\/wp\/v2\/posts"}],"about":[{"href":"https:\/\/alpar.com.co\/blog\/wp-json\/wp\/v2\/types\/post"}],"author":[{"embeddable":true,"href":"https:\/\/alpar.com.co\/blog\/wp-json\/wp\/v2\/users\/106"}],"replies":[{"embeddable":true,"href":"https:\/\/alpar.com.co\/blog\/wp-json\/wp\/v2\/comments?post=1262"}],"version-history":[{"count":2,"href":"https:\/\/alpar.com.co\/blog\/wp-json\/wp\/v2\/posts\/1262\/revisions"}],"predecessor-version":[{"id":1271,"href":"https:\/\/alpar.com.co\/blog\/wp-json\/wp\/v2\/posts\/1262\/revisions\/1271"}],"wp:featuredmedia":[{"embeddable":true,"href":"https:\/\/alpar.com.co\/blog\/wp-json\/wp\/v2\/media\/1270"}],"wp:attachment":[{"href":"https:\/\/alpar.com.co\/blog\/wp-json\/wp\/v2\/media?parent=1262"}],"wp:term":[{"taxonomy":"category","embeddable":true,"href":"https:\/\/alpar.com.co\/blog\/wp-json\/wp\/v2\/categories?post=1262"},{"taxonomy":"post_tag","embeddable":true,"href":"https:\/\/alpar.com.co\/blog\/wp-json\/wp\/v2\/tags?post=1262"}],"curies":[{"name":"wp","href":"https:\/\/api.w.org\/{rel}","templated":true}]}}