{"id":1286,"date":"2019-07-25T15:17:42","date_gmt":"2019-07-25T20:17:42","guid":{"rendered":"http:\/\/alpar.com.co\/blog\/?p=1286"},"modified":"2019-07-26T08:31:47","modified_gmt":"2019-07-26T13:31:47","slug":"cementerio-del-grupo-cortel-fue-escenario-de-matrimonio-colectivo-inedito-en-brasil","status":"publish","type":"post","link":"https:\/\/alpar.com.co\/blog\/cementerio-del-grupo-cortel-fue-escenario-de-matrimonio-colectivo-inedito-en-brasil\/","title":{"rendered":"Cementerio del Grupo Cortel fue escenario de matrimonio colectivo, in\u00e9dito en Brasil"},"content":{"rendered":"\n<p style=\"text-align:justify\">Apostando que el cementerio tambi\u00e9n puede ser un lugar para que se celebre la vida, el Grupo Cortel, asociado de ALPAR en Porto Alegre, Brasil, promovi\u00f3 el 25 de mayo de 2019, una ceremonia especial de matrimonio colectivo en una de sus sedes, ubicada en la ciudad de Viam\u00e3o, cerca de Porto Alegre.&nbsp;El desaf\u00edo de promover un matrimonio colectivo en el \u00e1rea externa de la sede, en medio de la naturaleza, moviliz\u00f3 aliados, proveedores, comunidad y equipo de empleados del Grupo.<\/p>\n\n\n\n<div class=\"wp-block-image\"><figure class=\"aligncenter is-resized\"><img decoding=\"async\" src=\"http:\/\/alpar.com.co\/blog\/wp-content\/uploads\/20190525_120320.jpg\" alt=\"\" class=\"wp-image-1290\" width=\"450\" srcset=\"https:\/\/alpar.com.co\/blog\/wp-content\/uploads\/20190525_120320.jpg 875w, https:\/\/alpar.com.co\/blog\/wp-content\/uploads\/20190525_120320-300x225.jpg 300w, https:\/\/alpar.com.co\/blog\/wp-content\/uploads\/20190525_120320-768x576.jpg 768w, https:\/\/alpar.com.co\/blog\/wp-content\/uploads\/20190525_120320-510x382.jpg 510w\" sizes=\"(max-width: 875px) 100vw, 875px\" \/><\/figure><\/div>\n\n\n\n<p style=\"text-align:justify\">El matrimonio colectivo, in\u00e9dito en el pa\u00eds, realizado en el Crematorio y&nbsp;Cementerio Saint Hilaire, reuni\u00f3 a 10 parejas y fue celebrado por el religioso Cl\u00e1udio da Costa Jr., reuniendo umbandistas, cat\u00f3licos, evang\u00e9licos,&nbsp;esp\u00edritas&nbsp;y agn\u00f3sticos. Los figurines incluyeron los tradicionales ternos y largos vestidos de novia, pilcha ga\u00facha e incluso falda militar. La programaci\u00f3n inici\u00f3 con una bendici\u00f3n ecum\u00e9nica, seguida de una sesi\u00f3n de fotos de las parejas, entrega de obsequios con los invitados y finaliz\u00f3 con el tradicional vals de los novios.&nbsp;<\/p>\n\n\n\n<p style=\"text-align:justify\">El evento cont\u00f3 con amplia cobertura de los medios locales, incluyendo trasmisi\u00f3n en vivo por televisi\u00f3n y reuni\u00f3 cerca de 300 invitados.&nbsp;La iniciativa cont\u00f3 con una inversi\u00f3n de USD1.000,00 y gener\u00f3 un sorprendente retorno espont\u00e1neo de medios para la marca. M\u00e1s de USD150.000,00 en noticias divulgadas en radio, televisi\u00f3n, peri\u00f3dicos e internet. En las redes sociales del Grupo Cortel, se obtuvo un alcance de m\u00e1s de 55 mil personas, totalizando un crecimiento significativo del 113% en visualizaciones de las p\u00e1ginas y un compromiso de 1.641% superior en el per\u00edodo.&nbsp;<\/p>\n\n\n\n<div class=\"wp-block-image\"><figure class=\"aligncenter\"><img loading=\"lazy\" decoding=\"async\" width=\"600\" height=\"331\" src=\"http:\/\/alpar.com.co\/blog\/wp-content\/uploads\/prensa.jpg\" alt=\"\" class=\"wp-image-1291\" srcset=\"https:\/\/alpar.com.co\/blog\/wp-content\/uploads\/prensa.jpg 600w, https:\/\/alpar.com.co\/blog\/wp-content\/uploads\/prensa-300x166.jpg 300w\" sizes=\"(max-width: 600px) 100vw, 600px\" \/><\/figure><\/div>\n\n\n\n<div class=\"wp-block-columns has-3-columns is-layout-flex wp-container-core-columns-is-layout-9d6595d7 wp-block-columns-is-layout-flex\">\n<div class=\"wp-block-column is-layout-flow wp-block-column-is-layout-flow\">\n<div class=\"wp-block-button aligncenter\"><a class=\"wp-block-button__link has-background\" href=\"http:\/\/g1.globo.com\/rs\/rio-grande-do-sul\/jornal-do-almoco\/videos\/t\/edicoes\/v\/casamento-coletivo-e-realizado-em-cemiterio-em-viamao\/7642877\/\" style=\"background-color:#898787\">Ver: <br>Rio Grande do Sul<\/a><\/div>\n<\/div>\n\n\n\n<div class=\"wp-block-column is-layout-flow wp-block-column-is-layout-flow\">\n<div class=\"wp-block-button aligncenter\"><a class=\"wp-block-button__link has-background\" href=\"https:\/\/globoplay.globo.com\/v\/7643892\/\" style=\"background-color:#898787\">Ver:<br> GloboPlay<\/a><\/div>\n<\/div>\n\n\n\n<div class=\"wp-block-column is-layout-flow wp-block-column-is-layout-flow\">\n<div class=\"wp-block-button aligncenter\"><a class=\"wp-block-button__link has-background\" href=\"https:\/\/youtu.be\/uDFYuChXiYI\" style=\"background-color:#898787\">Ver: <br>TV Pampa<\/a><\/div>\n<\/div>\n<\/div>\n\n\n\n<p style=\"text-align:justify\">Una de las parejas que particip\u00f3 de la ceremonia, Ademir Machado, exseminarista y la enfermera Dalva Baumgartner, se conocieron hace 10 a\u00f1os en un seminario. \u00c9l abandon\u00f3 la idea de volverse sacerdote y ella, que pretend\u00eda ser monja, dejaron todo para vivir un gran amor. <em>\u201cNuestra relaci\u00f3n empez\u00f3 como una simple amistad. El sentimiento fue creciendo y resolvimos salir del seminario para vivir este amor\u00bb<\/em>, record\u00f3 Ademir. <em>\u201cEstamos muy felices de poder oficializar este amor.&nbsp;Est\u00e1bamos aguardando por esta oportunidad hace mucho tiempo\u201d<\/em>, a\u00f1adi\u00f3 Dalva.<\/p>\n\n\n\n<div class=\"wp-block-image\"><figure class=\"aligncenter is-resized\"><img loading=\"lazy\" decoding=\"async\" src=\"http:\/\/alpar.com.co\/blog\/wp-content\/uploads\/SAINT-59-1024x733.jpg\" alt=\"\" class=\"wp-image-1288\" width=\"450\" height=\"358\"\/><figcaption><em> Ademir Machado y  Dalva Baumgartner <\/em><\/figcaption><\/figure><\/div>\n\n\n\n<p style=\"text-align:justify\">La diversidad tambi\u00e9n marc\u00f3 la uni\u00f3n de la bi\u00f3loga Nicole Veto y de la periodista Francine Formento, casadas oficialmente hace un a\u00f1o por lo civil, sintieron la necesidad de registrar el momento de una forma diferente y especialmente de recibir la bendici\u00f3n ecum\u00e9nica, que no se restringe solamente a una \u00fanica religi\u00f3n. <em>\u201cEl culto ecum\u00e9nico es muy diverso y acepta a todos. Adem\u00e1s, el lugar de la ceremonia es lindo. Aqu\u00ed nos sentimos en paz\u00bb<\/em>, destac\u00f3 Nicole. &nbsp;<\/p>\n\n\n\n<p style=\"text-align:justify\"><em>\u201cLa idea es traer al cementerio eventos y actividades que celebren la vida\u00bb<\/em>, resumi\u00f3 Renata Azevedo Flores, Directora de Operaciones del Grupo Cortel.<\/p>\n\n\n\n<div class=\"wp-block-image\"><figure class=\"aligncenter is-resized\"><img loading=\"lazy\" decoding=\"async\" src=\"http:\/\/alpar.com.co\/blog\/wp-content\/uploads\/MW_423-1024x678.jpg\" alt=\"\" class=\"wp-image-1289\" width=\"450\" height=\"302\"\/><figcaption><em> Nicole Veto y Francine Formento <\/em><\/figcaption><\/figure><\/div>\n\n\n\n<p style=\"text-align:justify\">El \u00e9xito del primer Matrimonio Colectivo de Brasil realizado en un cementerio, tendr\u00e1 nuevas ediciones pr\u00f3ximamente. A trav\u00e9s de iniciativas como esta y de otras como es \u201cEL MUNDO UNIDO POR LA VIDA\u201d, promovida hace tres a\u00f1os en conjunto con ALPAR,&nbsp;el Grupo Cortel busca ampliar su integraci\u00f3n con las comunidades donde act\u00faa, celebrando la vida, sus valores y la memoria de aquellos que partieron.<\/p>\n\n\n\n<h2 class=\"wp-block-heading\" style=\"text-align:center\"><strong>As\u00ed se vivi\u00f3 la ceremonia:<\/strong><\/h2>\n\n\n\n<figure class=\"wp-block-embed-youtube wp-block-embed is-type-video is-provider-youtube wp-embed-aspect-16-9 wp-has-aspect-ratio\"><div class=\"wp-block-embed__wrapper\">\n<iframe loading=\"lazy\" title=\"Casamento Coletivo Ecum\u00eanico - Saint Hilaire\" width=\"1080\" height=\"608\" src=\"https:\/\/www.youtube.com\/embed\/ra23Cj_vRdY?feature=oembed\" frameborder=\"0\" allow=\"accelerometer; autoplay; encrypted-media; gyroscope; picture-in-picture\" allowfullscreen><\/iframe>\n<\/div><\/figure>\n\n\n\n<hr class=\"wp-block-separator\"\/>\n\n\n\n<p style=\"text-align:justify\"><strong>Rafael Azevedo Flores<\/strong><br>Director Presidente del Grupo Cortel, Vicepresidente del Sindicato de los Cementerios y Crematorios Particulares de Brasil (SINCEP\u2013regional Norte) y miembro del Consejo Directivo de la Asociaci\u00f3n Gremial Latinoamericana de Cementerios y Servicios Funerarios &#8211; ALPAR. <\/p>\n\n\n\n<hr class=\"wp-block-separator\"\/>\n\n\n\n<p><\/p>\n\n\n\n<h4 class=\"wp-block-heading\" style=\"text-align:center\"><strong>Para conocer mayor cobertura en medios de comunicaci\u00f3n:<\/strong><\/h4>\n\n\n\n<div class=\"wp-block-columns has-4-columns is-layout-flex wp-container-core-columns-is-layout-9d6595d7 wp-block-columns-is-layout-flex\">\n<div class=\"wp-block-column is-layout-flow wp-block-column-is-layout-flow\">\n<div class=\"wp-block-button aligncenter\"><a class=\"wp-block-button__link has-background\" href=\"https:\/\/gauchazh.clicrbs.com.br\/porto-alegre\/noticia\/2019\/05\/do-veu-a-pilcha-casamento-coletivo-em-cemiterio-e-marcado-pela-diversidade-cjw3td67k00ba01o3k7vhrmsr.html\" style=\"background-color:#6bbe50\"> Ga\u00facha ZH <\/a><\/div>\n<\/div>\n\n\n\n<div class=\"wp-block-column is-layout-flow wp-block-column-is-layout-flow\">\n<div class=\"wp-block-button aligncenter\"><a class=\"wp-block-button__link has-background\" href=\"https:\/\/g1.globo.com\/rs\/rio-grande-do-sul\/noticia\/2019\/05\/25\/casais-participam-de-casamento-coletivo-em-cemiterio-de-viamao.ghtml\" style=\"background-color:#6bbe50\">G1<\/a><\/div>\n<\/div>\n\n\n\n<div class=\"wp-block-column is-layout-flow wp-block-column-is-layout-flow\">\n<div class=\"wp-block-button aligncenter\"><a class=\"wp-block-button__link has-background\" href=\"https:\/\/www.portalt5.com.br\/noticias\/brasil\/2019\/5\/219198-casamento-coletivo-em-cemiterio-tem-uniao-de-ex-freira-com-um-quase-padre-no-rs\" style=\"background-color:#6bbe50\">Portal T5<\/a><\/div>\n<\/div>\n\n\n\n<div class=\"wp-block-column is-layout-flow wp-block-column-is-layout-flow\"><\/div>\n<\/div>\n","protected":false},"excerpt":{"rendered":"<p>Apostando que el cementerio tambi\u00e9n puede ser un lugar para que se celebre la vida, el Grupo Cortel, asociado de ALPAR en Porto Alegre, Brasil, promovi\u00f3 el 25 de mayo de 2019, una ceremonia especial de matrimonio colectivo en una de sus sedes, ubicada en la ciudad de Viam\u00e3o, cerca de Porto Alegre.&nbsp;El desaf\u00edo de [&hellip;]<\/p>\n","protected":false},"author":106,"featured_media":1292,"comment_status":"open","ping_status":"open","sticky":false,"template":"","format":"standard","meta":{"_et_pb_use_builder":"off","_et_pb_old_content":"","_et_gb_content_width":"","footnotes":""},"categories":[3],"tags":[],"class_list":["post-1286","post","type-post","status-publish","format-standard","has-post-thumbnail","hentry","category-articulos"],"_links":{"self":[{"href":"https:\/\/alpar.com.co\/blog\/wp-json\/wp\/v2\/posts\/1286","targetHints":{"allow":["GET"]}}],"collection":[{"href":"https:\/\/alpar.com.co\/blog\/wp-json\/wp\/v2\/posts"}],"about":[{"href":"https:\/\/alpar.com.co\/blog\/wp-json\/wp\/v2\/types\/post"}],"author":[{"embeddable":true,"href":"https:\/\/alpar.com.co\/blog\/wp-json\/wp\/v2\/users\/106"}],"replies":[{"embeddable":true,"href":"https:\/\/alpar.com.co\/blog\/wp-json\/wp\/v2\/comments?post=1286"}],"version-history":[{"count":7,"href":"https:\/\/alpar.com.co\/blog\/wp-json\/wp\/v2\/posts\/1286\/revisions"}],"predecessor-version":[{"id":1299,"href":"https:\/\/alpar.com.co\/blog\/wp-json\/wp\/v2\/posts\/1286\/revisions\/1299"}],"wp:featuredmedia":[{"embeddable":true,"href":"https:\/\/alpar.com.co\/blog\/wp-json\/wp\/v2\/media\/1292"}],"wp:attachment":[{"href":"https:\/\/alpar.com.co\/blog\/wp-json\/wp\/v2\/media?parent=1286"}],"wp:term":[{"taxonomy":"category","embeddable":true,"href":"https:\/\/alpar.com.co\/blog\/wp-json\/wp\/v2\/categories?post=1286"},{"taxonomy":"post_tag","embeddable":true,"href":"https:\/\/alpar.com.co\/blog\/wp-json\/wp\/v2\/tags?post=1286"}],"curies":[{"name":"wp","href":"https:\/\/api.w.org\/{rel}","templated":true}]}}