{"id":1319,"date":"2019-08-08T17:15:18","date_gmt":"2019-08-08T22:15:18","guid":{"rendered":"http:\/\/alpar.com.co\/blog\/?p=1319"},"modified":"2019-08-09T08:41:49","modified_gmt":"2019-08-09T13:41:49","slug":"funerarias-noega-celebra-su-segunda-temporada-de-conciertos-al-aire-libre","status":"publish","type":"post","link":"https:\/\/alpar.com.co\/blog\/funerarias-noega-celebra-su-segunda-temporada-de-conciertos-al-aire-libre\/","title":{"rendered":"Funerarias Noega celebra su segunda temporada de conciertos al aire libre"},"content":{"rendered":"<p>[et_pb_section bb_built=\u00bb1&#8243; _builder_version=\u00bb3.26.3&#8243; background_color=\u00bb#ffffff\u00bb box_shadow_horizontal_tablet=\u00bb0px\u00bb box_shadow_vertical_tablet=\u00bb0px\u00bb box_shadow_blur_tablet=\u00bb40px\u00bb box_shadow_spread_tablet=\u00bb0px\u00bb z_index_tablet=\u00bb500&#8243;][et_pb_row][et_pb_column type=\u00bb4_4&#8243; custom_padding__hover=\u00bb|||\u00bb custom_padding=\u00bb|||\u00bb][et_pb_text _builder_version=\u00bb3.26.3&#8243; text_text_shadow_horizontal_length=\u00bbtext_text_shadow_style,%91object Object%93&#8243; text_text_shadow_horizontal_length_tablet=\u00bb0px\u00bb text_text_shadow_vertical_length=\u00bbtext_text_shadow_style,%91object Object%93&#8243; text_text_shadow_vertical_length_tablet=\u00bb0px\u00bb text_text_shadow_blur_strength=\u00bbtext_text_shadow_style,%91object Object%93&#8243; text_text_shadow_blur_strength_tablet=\u00bb1px\u00bb link_text_shadow_horizontal_length=\u00bblink_text_shadow_style,%91object Object%93&#8243; link_text_shadow_horizontal_length_tablet=\u00bb0px\u00bb link_text_shadow_vertical_length=\u00bblink_text_shadow_style,%91object Object%93&#8243; link_text_shadow_vertical_length_tablet=\u00bb0px\u00bb link_text_shadow_blur_strength=\u00bblink_text_shadow_style,%91object Object%93&#8243; link_text_shadow_blur_strength_tablet=\u00bb1px\u00bb ul_text_shadow_horizontal_length=\u00bbul_text_shadow_style,%91object Object%93&#8243; ul_text_shadow_horizontal_length_tablet=\u00bb0px\u00bb ul_text_shadow_vertical_length=\u00bbul_text_shadow_style,%91object Object%93&#8243; ul_text_shadow_vertical_length_tablet=\u00bb0px\u00bb ul_text_shadow_blur_strength=\u00bbul_text_shadow_style,%91object Object%93&#8243; ul_text_shadow_blur_strength_tablet=\u00bb1px\u00bb ol_text_shadow_horizontal_length=\u00bbol_text_shadow_style,%91object Object%93&#8243; ol_text_shadow_horizontal_length_tablet=\u00bb0px\u00bb ol_text_shadow_vertical_length=\u00bbol_text_shadow_style,%91object Object%93&#8243; ol_text_shadow_vertical_length_tablet=\u00bb0px\u00bb ol_text_shadow_blur_strength=\u00bbol_text_shadow_style,%91object Object%93&#8243; ol_text_shadow_blur_strength_tablet=\u00bb1px\u00bb quote_text_shadow_horizontal_length=\u00bbquote_text_shadow_style,%91object Object%93&#8243; quote_text_shadow_horizontal_length_tablet=\u00bb0px\u00bb quote_text_shadow_vertical_length=\u00bbquote_text_shadow_style,%91object Object%93&#8243; quote_text_shadow_vertical_length_tablet=\u00bb0px\u00bb quote_text_shadow_blur_strength=\u00bbquote_text_shadow_style,%91object Object%93&#8243; quote_text_shadow_blur_strength_tablet=\u00bb1px\u00bb header_text_shadow_horizontal_length=\u00bbheader_text_shadow_style,%91object Object%93&#8243; header_text_shadow_horizontal_length_tablet=\u00bb0px\u00bb header_text_shadow_vertical_length=\u00bbheader_text_shadow_style,%91object Object%93&#8243; header_text_shadow_vertical_length_tablet=\u00bb0px\u00bb header_text_shadow_blur_strength=\u00bbheader_text_shadow_style,%91object Object%93&#8243; header_text_shadow_blur_strength_tablet=\u00bb1px\u00bb header_2_text_shadow_horizontal_length=\u00bbheader_2_text_shadow_style,%91object Object%93&#8243; header_2_text_shadow_horizontal_length_tablet=\u00bb0px\u00bb header_2_text_shadow_vertical_length=\u00bbheader_2_text_shadow_style,%91object Object%93&#8243; header_2_text_shadow_vertical_length_tablet=\u00bb0px\u00bb header_2_text_shadow_blur_strength=\u00bbheader_2_text_shadow_style,%91object Object%93&#8243; header_2_text_shadow_blur_strength_tablet=\u00bb1px\u00bb header_3_text_shadow_horizontal_length=\u00bbheader_3_text_shadow_style,%91object Object%93&#8243; header_3_text_shadow_horizontal_length_tablet=\u00bb0px\u00bb header_3_text_shadow_vertical_length=\u00bbheader_3_text_shadow_style,%91object Object%93&#8243; header_3_text_shadow_vertical_length_tablet=\u00bb0px\u00bb header_3_text_shadow_blur_strength=\u00bbheader_3_text_shadow_style,%91object Object%93&#8243; header_3_text_shadow_blur_strength_tablet=\u00bb1px\u00bb header_4_text_shadow_horizontal_length=\u00bbheader_4_text_shadow_style,%91object Object%93&#8243; header_4_text_shadow_horizontal_length_tablet=\u00bb0px\u00bb header_4_text_shadow_vertical_length=\u00bbheader_4_text_shadow_style,%91object Object%93&#8243; header_4_text_shadow_vertical_length_tablet=\u00bb0px\u00bb header_4_text_shadow_blur_strength=\u00bbheader_4_text_shadow_style,%91object Object%93&#8243; header_4_text_shadow_blur_strength_tablet=\u00bb1px\u00bb header_5_text_shadow_horizontal_length=\u00bbheader_5_text_shadow_style,%91object Object%93&#8243; header_5_text_shadow_horizontal_length_tablet=\u00bb0px\u00bb header_5_text_shadow_vertical_length=\u00bbheader_5_text_shadow_style,%91object Object%93&#8243; header_5_text_shadow_vertical_length_tablet=\u00bb0px\u00bb header_5_text_shadow_blur_strength=\u00bbheader_5_text_shadow_style,%91object Object%93&#8243; header_5_text_shadow_blur_strength_tablet=\u00bb1px\u00bb header_6_text_shadow_horizontal_length=\u00bbheader_6_text_shadow_style,%91object Object%93&#8243; header_6_text_shadow_horizontal_length_tablet=\u00bb0px\u00bb header_6_text_shadow_vertical_length=\u00bbheader_6_text_shadow_style,%91object Object%93&#8243; header_6_text_shadow_vertical_length_tablet=\u00bb0px\u00bb header_6_text_shadow_blur_strength=\u00bbheader_6_text_shadow_style,%91object Object%93&#8243; header_6_text_shadow_blur_strength_tablet=\u00bb1px\u00bb box_shadow_horizontal_tablet=\u00bb0px\u00bb box_shadow_vertical_tablet=\u00bb0px\u00bb box_shadow_blur_tablet=\u00bb40px\u00bb box_shadow_spread_tablet=\u00bb0px\u00bb z_index_tablet=\u00bb500&#8243;]<\/p>\n<p style=\"text-align: justify;\">La empresa asturiana<strong>\u00a0Funerarias Noega\u00a0<\/strong>organiza este verano su\u00a0<strong>segundo ciclo de conciertos de m\u00fasica cl\u00e1sica al aire libre\u00a0<\/strong>en el<strong>\u00a0Tanatorio Jard\u00edn El Lauredal,\u00a0<\/strong>situado en Gij\u00f3n, dentro de un recinto de 5.000 metros cuadrados, con amplias zonas ajardinadas. Concretamente, se celebrar\u00e1n tres conciertos protagonizados por reconocidos artistas locales e internacionales. El primero de ellos tuvo lugar el <strong>s\u00e1bado 27 de julio<\/strong> y estuvo a cargo del <strong>Coro Asturiano de Gij\u00f3n<\/strong>, uno de los m\u00e1s antiguos y populares del Principado, ya que fue fundado hace casi 50 a\u00f1os. Est\u00e1 compuesto por 25 voces graves que, bajo la direcci\u00f3n de Jos\u00e9 Fern\u00e1ndez Avello, cant\u00f3 temas relacionados fundamentalmente con el folklore asturiano.<\/p>\n<p style=\"text-align: justify;\">El segundo concierto, programado para el\u00a0<strong>17 de agosto,<\/strong>\u00a0correr\u00e1 a cargo del\u00a0<strong>cuarteto M\u00fasica y Vida<\/strong>, integrado por el m\u00fasico asturiano Sa\u00fal Su\u00e1rez, el italiano Andrea Baruffaldi y los rusos Vadim Pichurin y Ella Esipovich. Ofrecer\u00e1n un recital de viol\u00edn, piano y contrabajo, que incluir\u00e1 piezas como\u00a0<em>\u2018La vida es bella\u2019<\/em>\u00a0y\u00a0<em>\u2018Moon River\u2019.<\/em><\/p>\n<p style=\"text-align: justify;\">Finalmente, el\u00a0<em>7 de septiembre<\/em>\u00a0el\u00a0<strong>grupo Flapia<\/strong>, compuesto por diez j\u00f3venes alumnos de la Escuela de M\u00fasica Si Bemol, cerrar\u00e1 el programa de este a\u00f1o con 19 piezas cl\u00e1sicas interpretadas con piano, flauta travesera y xil\u00f3fono, bajo la direcci\u00f3n de Mercedes Guisasola.<\/p>\n<p style=\"text-align: justify;\">Las actuaciones tendr\u00e1n lugar en los jardines que rodean al tanatorio, un espacio \u00fanico de m\u00e1s de 4.000\u00a0metros cuadrados poblados de \u00e1rboles centenarios. Los conciertos se celebrar\u00e1n por la noche, cuando ya no hay actividad en el tanatorio, para no incomodar a las familias que acuden a despedir a sus seres queridos.<\/p>\n<p style=\"text-align: justify;\">El Tanatorio Jard\u00edn El Lauredal se convierte as\u00ed no solo en un lugar de duelo, sino tambi\u00e9n de encuentro cultural. Funerarias Noega, fiel a su compromiso de fomentar la cultura local, quiere adem\u00e1s hacer de este evento una se\u00f1a de identidad de Gij\u00f3n, tanto por su calidad como por la singularidad de su entorno.<\/p>\n<hr \/>\n<p><em>Fuente: Revista Funeraria (Julio 24 de 2019) Funerarias Noega celebra su segunda temporada de conciertos al aire libre. Recuperado de: <a href=\"https:\/\/www.revistafuneraria.com\/noticias\/funerarias-noega-celebra-su-segunda-temporada-de-conciertos-al-aire-libre\" target=\"_blank\" rel=\"noopener noreferrer\">www.revistafuneraria.com<\/a><\/em><\/p>\n<p>[\/et_pb_text][\/et_pb_column][\/et_pb_row][\/et_pb_section]<\/p>\n","protected":false},"excerpt":{"rendered":"<p><div class=\"et_pb_row et_pb_row_0 et_pb_row_empty\">\n\t\t\t\t\n\t\t\t\t\n\t\t\t\t\n\t\t\t\t\n\t\t\t\t\n\t\t\t<\/div> La empresa asturiana\u00a0Funerarias Noega\u00a0organiza este verano su\u00a0segundo ciclo de conciertos de m\u00fasica cl\u00e1sica al aire libre\u00a0en el\u00a0Tanatorio Jard\u00edn El Lauredal,\u00a0situado en Gij\u00f3n, dentro de un recinto de 5.000 metros cuadrados, con amplias zonas ajardinadas. Concretamente, se celebrar\u00e1n tres conciertos protagonizados por reconocidos artistas locales e internacionales. El primero de ellos tuvo lugar el s\u00e1bado [&hellip;]<\/p>\n","protected":false},"author":106,"featured_media":1321,"comment_status":"open","ping_status":"open","sticky":false,"template":"","format":"standard","meta":{"_et_pb_use_builder":"on","_et_pb_old_content":"","_et_gb_content_width":"","footnotes":""},"categories":[3],"tags":[],"class_list":["post-1319","post","type-post","status-publish","format-standard","has-post-thumbnail","hentry","category-articulos"],"_links":{"self":[{"href":"https:\/\/alpar.com.co\/blog\/wp-json\/wp\/v2\/posts\/1319","targetHints":{"allow":["GET"]}}],"collection":[{"href":"https:\/\/alpar.com.co\/blog\/wp-json\/wp\/v2\/posts"}],"about":[{"href":"https:\/\/alpar.com.co\/blog\/wp-json\/wp\/v2\/types\/post"}],"author":[{"embeddable":true,"href":"https:\/\/alpar.com.co\/blog\/wp-json\/wp\/v2\/users\/106"}],"replies":[{"embeddable":true,"href":"https:\/\/alpar.com.co\/blog\/wp-json\/wp\/v2\/comments?post=1319"}],"version-history":[{"count":2,"href":"https:\/\/alpar.com.co\/blog\/wp-json\/wp\/v2\/posts\/1319\/revisions"}],"predecessor-version":[{"id":1322,"href":"https:\/\/alpar.com.co\/blog\/wp-json\/wp\/v2\/posts\/1319\/revisions\/1322"}],"wp:featuredmedia":[{"embeddable":true,"href":"https:\/\/alpar.com.co\/blog\/wp-json\/wp\/v2\/media\/1321"}],"wp:attachment":[{"href":"https:\/\/alpar.com.co\/blog\/wp-json\/wp\/v2\/media?parent=1319"}],"wp:term":[{"taxonomy":"category","embeddable":true,"href":"https:\/\/alpar.com.co\/blog\/wp-json\/wp\/v2\/categories?post=1319"},{"taxonomy":"post_tag","embeddable":true,"href":"https:\/\/alpar.com.co\/blog\/wp-json\/wp\/v2\/tags?post=1319"}],"curies":[{"name":"wp","href":"https:\/\/api.w.org\/{rel}","templated":true}]}}