{"id":1396,"date":"2019-11-07T11:24:37","date_gmt":"2019-11-07T16:24:37","guid":{"rendered":"http:\/\/alpar.com.co\/blog\/?p=1396"},"modified":"2019-11-08T11:06:10","modified_gmt":"2019-11-08T16:06:10","slug":"informe-presidencia-2017-2019","status":"publish","type":"post","link":"https:\/\/alpar.com.co\/blog\/informe-presidencia-2017-2019\/","title":{"rendered":"Informe Presidencia 2017 &#8211; 2019"},"content":{"rendered":"<p style=\"padding-left: 40px; text-align: justify;\">En el desarrollo de la D\u00e9cima Sexta Asamblea General Ordinaria de Asociados de ALPAR, realizada el 30 de octubre en Chicago, Estados Unidos, el se\u00f1or Juan Pablo Donetch O., Presidente de ALPAR en el periodo 2017-2019, present\u00f3 el informe de su gesti\u00f3n, el cual comparte a continuaci\u00f3n:<\/p>\n<p>&nbsp;<\/p>\n<p style=\"text-align: justify;\">Como lo establecen los estatutos, ha llegado el momento de hacer un recuento del trabajo efectuado en estos dos \u00faltimos a\u00f1os.<\/p>\n<p>Al iniciar mi per\u00edodo, nos fijamos como tareas principales aumentar la participaci\u00f3n del Consejo Directivo en distintas tareas, para esto se crearon diversos comit\u00e9s de trabajo:<\/p>\n<p><img loading=\"lazy\" decoding=\"async\" class=\"aligncenter wp-image-1422\" src=\"http:\/\/alpar.com.co\/blog\/wp-content\/uploads\/03-Comites.png\" alt=\"\" width=\"580\" height=\"326\" srcset=\"https:\/\/alpar.com.co\/blog\/wp-content\/uploads\/03-Comites.png 1280w, https:\/\/alpar.com.co\/blog\/wp-content\/uploads\/03-Comites-300x169.png 300w, https:\/\/alpar.com.co\/blog\/wp-content\/uploads\/03-Comites-768x432.png 768w, https:\/\/alpar.com.co\/blog\/wp-content\/uploads\/03-Comites-1024x576.png 1024w, https:\/\/alpar.com.co\/blog\/wp-content\/uploads\/03-Comites-1080x608.png 1080w\" sizes=\"(max-width: 580px) 100vw, 580px\" \/><\/p>\n<ul>\n<li>\n<h3><strong>Comit\u00e9 Acad\u00e9mico<\/strong><\/h3>\n<\/li>\n<\/ul>\n<p style=\"text-align: justify;\"><img loading=\"lazy\" decoding=\"async\" class=\"alignleft wp-image-1399\" src=\"http:\/\/alpar.com.co\/blog\/wp-content\/uploads\/04-Academico.png\" alt=\"\" width=\"193\" height=\"207\" srcset=\"https:\/\/alpar.com.co\/blog\/wp-content\/uploads\/04-Academico.png 672w, https:\/\/alpar.com.co\/blog\/wp-content\/uploads\/04-Academico-280x300.png 280w\" sizes=\"(max-width: 193px) 100vw, 193px\" \/>Integrado por Andr\u00e9s Aguilar y Juan Camilo Tavera, cuyo trabajo se orient\u00f3 principalmente en apoyar en la definici\u00f3n de las tem\u00e1ticas de las jornadas acad\u00e9micas de nuestros eventos; trabajar en la consecuci\u00f3n de traer la Universidad ICCFA a Latinoam\u00e9rica, evento al que me referir\u00e9 m\u00e1s adelante; la creaci\u00f3n de un Blog exclusivo para el intercambio de conceptos y experiencias para asociados en el sitio web de ALPAR y crear una publicaci\u00f3n mensual que contenga un resumen de las m\u00e1s importantes noticias de la Industria, llamado \u201cCompendio noticioso\u201d.<\/p>\n<p>&nbsp;<\/p>\n<p><img loading=\"lazy\" decoding=\"async\" class=\"aligncenter wp-image-1421\" src=\"http:\/\/alpar.com.co\/blog\/wp-content\/uploads\/05-blog-y-compendio.png\" alt=\"\" width=\"600\" height=\"338\" srcset=\"https:\/\/alpar.com.co\/blog\/wp-content\/uploads\/05-blog-y-compendio.png 1280w, https:\/\/alpar.com.co\/blog\/wp-content\/uploads\/05-blog-y-compendio-300x169.png 300w, https:\/\/alpar.com.co\/blog\/wp-content\/uploads\/05-blog-y-compendio-768x432.png 768w, https:\/\/alpar.com.co\/blog\/wp-content\/uploads\/05-blog-y-compendio-1024x576.png 1024w, https:\/\/alpar.com.co\/blog\/wp-content\/uploads\/05-blog-y-compendio-1080x608.png 1080w\" sizes=\"(max-width: 600px) 100vw, 600px\" \/><\/p>\n<p>&nbsp;<\/p>\n<ul>\n<li>\n<h3><strong>Comit\u00e9 Legal y Financiero <\/strong><\/h3>\n<\/li>\n<\/ul>\n<p style=\"text-align: justify;\"><img loading=\"lazy\" decoding=\"async\" class=\"alignleft wp-image-1400\" src=\"http:\/\/alpar.com.co\/blog\/wp-content\/uploads\/06-Financiero.png\" alt=\"\" width=\"280\" height=\"158\" srcset=\"https:\/\/alpar.com.co\/blog\/wp-content\/uploads\/06-Financiero.png 1280w, https:\/\/alpar.com.co\/blog\/wp-content\/uploads\/06-Financiero-300x169.png 300w, https:\/\/alpar.com.co\/blog\/wp-content\/uploads\/06-Financiero-768x432.png 768w, https:\/\/alpar.com.co\/blog\/wp-content\/uploads\/06-Financiero-1024x576.png 1024w, https:\/\/alpar.com.co\/blog\/wp-content\/uploads\/06-Financiero-1080x608.png 1080w\" sizes=\"(max-width: 280px) 100vw, 280px\" \/>Integrado por Mario Marcos y Luis Eduardo Chartuni, entre los trabajos que se definieron para este comit\u00e9 estaba: la revisi\u00f3n trimestral del presupuesto general de ALPAR.<\/p>\n<p style=\"text-align: justify;\">Durante el 2018, se inici\u00f3 la recopilaci\u00f3n de las reglamentaciones actualizadas en cada pa\u00eds donde est\u00e1n nuestros asociados, obteni\u00e9ndose los compendios de 19 pa\u00edses, los cuales se encuentran publicados en el sitio web de ALPAR.<\/p>\n<p style=\"text-align: justify;\">Por \u00faltimo, particip\u00f3 en el estudio de los antecedentes de compra de una sede para ALPAR, recomendando su compra, decisi\u00f3n que fue aprobada por la unanimidad del Consejo.<\/p>\n<p style=\"text-align: justify;\">El valor de la oficina alcanz\u00f3 la suma de USD117.500, la que fue pagada en un 69% (USD81.185) con fondos propios y el saldo con un cr\u00e9dito a tres a\u00f1os, con cuotas de aproximadamente USD1.700 mensuales, obtenido con Coogranada (entidad del sector de la econom\u00eda solidaria), gracias al apoyo y aval del se\u00f1or Juan Camilo Tavera. Quiero destacar, la generosidad y compromiso de Juan Camilo, quien hoy no se encuentra presente.<\/p>\n<p style=\"text-align: justify;\">Hoy en d\u00eda ALPAR, con orgullo podemos decir que contamos con una sede propia, lo cual nos posiciona como una s\u00f3lida organizaci\u00f3n.<\/p>\n<p><img loading=\"lazy\" decoding=\"async\" class=\"aligncenter wp-image-1401\" src=\"http:\/\/alpar.com.co\/blog\/wp-content\/uploads\/07-oficina.png\" alt=\"\" width=\"430\" height=\"242\" srcset=\"https:\/\/alpar.com.co\/blog\/wp-content\/uploads\/07-oficina.png 1280w, https:\/\/alpar.com.co\/blog\/wp-content\/uploads\/07-oficina-300x169.png 300w, https:\/\/alpar.com.co\/blog\/wp-content\/uploads\/07-oficina-768x432.png 768w, https:\/\/alpar.com.co\/blog\/wp-content\/uploads\/07-oficina-1024x576.png 1024w, https:\/\/alpar.com.co\/blog\/wp-content\/uploads\/07-oficina-1080x608.png 1080w\" sizes=\"(max-width: 430px) 100vw, 430px\" \/><\/p>\n<p style=\"text-align: justify;\">Con respecto a la situaci\u00f3n financiera de la Asociaci\u00f3n, esta no ha tenido cambios significativos y ha sido verificada y aprobada por el Consejo Directivo cada semestre, salvo lo indicado con anterioridad, correspondiente a la compra de la nueva oficina, en la que se invirti\u00f3 el 70% del excedente acumulado en los \u00faltimos 10 a\u00f1os.<\/p>\n<ul>\n<li>\n<h3><strong>Comit\u00e9 de G\u00e9nero<\/strong><\/h3>\n<\/li>\n<\/ul>\n<p style=\"text-align: justify;\"><img loading=\"lazy\" decoding=\"async\" class=\"alignright wp-image-1402\" src=\"http:\/\/alpar.com.co\/blog\/wp-content\/uploads\/08-genero.png\" alt=\"\" width=\"200\" height=\"211\" srcset=\"https:\/\/alpar.com.co\/blog\/wp-content\/uploads\/08-genero.png 679w, https:\/\/alpar.com.co\/blog\/wp-content\/uploads\/08-genero-284x300.png 284w\" sizes=\"(max-width: 200px) 100vw, 200px\" \/>Integrado por Maria Martinelli y Gisella Adissi, cuyo trabajo se centr\u00f3 en recolectar informaci\u00f3n sobre la participaci\u00f3n de la mujer dentro de la Industria, y a partir de esto elaborar propuestas para ir equiparando la participaci\u00f3n de la mujer en nuestras empresas.<\/p>\n<p>Dicha encuesta se les envi\u00f3 a todos los asociados de ALPAR en el a\u00f1o 2018. En total participaron 43 empresas (33% de los asociados), en representaci\u00f3n de 16 pa\u00edses. Los resultados de esta encuesta fueron compartidos con las empresas que la respondieron.<\/p>\n<p>&nbsp;<\/p>\n<ul>\n<li>\n<h3><strong>Comit\u00e9 Internacionalizaci\u00f3n<\/strong><\/h3>\n<\/li>\n<\/ul>\n<p style=\"text-align: justify;\"><img loading=\"lazy\" decoding=\"async\" class=\"alignright wp-image-1403\" src=\"http:\/\/alpar.com.co\/blog\/wp-content\/uploads\/09-internacional.png\" alt=\"\" width=\"280\" height=\"168\" srcset=\"https:\/\/alpar.com.co\/blog\/wp-content\/uploads\/09-internacional.png 1079w, https:\/\/alpar.com.co\/blog\/wp-content\/uploads\/09-internacional-300x180.png 300w, https:\/\/alpar.com.co\/blog\/wp-content\/uploads\/09-internacional-768x461.png 768w, https:\/\/alpar.com.co\/blog\/wp-content\/uploads\/09-internacional-1024x614.png 1024w\" sizes=\"(max-width: 280px) 100vw, 280px\" \/>Integrado por Teresa Saavedra y por Juan Pablo Donetch: aqu\u00ed los objetivos eran continuar fortaleciendo las relaciones con las siguientes organizaciones: FIAT IFTA, ICCFA y NFDA, adem\u00e1s de conservar la relaci\u00f3n con la asociaci\u00f3n China y fortalecer la relaci\u00f3n con Espa\u00f1a y Portugal, a trav\u00e9s de PANASEF.<\/p>\n<p>&nbsp;<\/p>\n<p style=\"text-align: justify;\"><strong><u>Con FIAT IFTA (Organizaci\u00f3n Mundial del Sector Funerario)<\/u>:<\/strong> se trabaj\u00f3 en conjunto para que esta realizara su XV Convenci\u00f3n Internacional en el marco del IV Encuentro Mundial de la Industria Funeraria organizado por ALPAR, en Santa Cruz de la Sierra, Bolivia.\u00a0 FIAT IFTA aport\u00f3 el 42% de la participaci\u00f3n total en el evento. Adem\u00e1s, se mantuvo el beneficio por parte de los asociados de ALPAR de obtener su membres\u00eda con FIAT IFTA por valor reducido. En total 36 empresas se acogieron a este beneficio en 2019 y 42 en 2018.<\/p>\n<p style=\"text-align: justify;\"><strong><u>En relaci\u00f3n a ICCFA (Asociaci\u00f3n Internacional de Cementerios, Crematorios y Funerarias)<\/u>:<\/strong> ALPAR conform\u00f3 su delegaci\u00f3n para participar en la Convenci\u00f3n Internacional ICCFA en Las Vegas, 18 al 21 de abril de 2018, con un grupo de 51 participantes, de 12 pa\u00edses. ICCFA nos dio traducci\u00f3n simult\u00e1nea al espa\u00f1ol en 10 conferencias de la Convenci\u00f3n y concedi\u00f3 a ALPAR una tarifa preferencial para sus asociados.<\/p>\n<p style=\"text-align: justify;\">ALPAR ha continuado realizando el recaudo de membres\u00edas de empresas latinoamericanas para ICCFA, con una tarifa reducida. En total el beneficio fue capitalizado por 41 empresas en 2018 y 36 en 2019.<\/p>\n<p style=\"text-align: justify;\">Finalmente, se\u00f1alar que se conserv\u00f3 el cupo en el Board de ICCFA para el presidente.<\/p>\n<p style=\"text-align: justify;\"><strong><u>Con NFDA (Asociaci\u00f3n de Directores de Funerarias de Estados Unidos)<\/u>:<\/strong> fruto de las buenas relaciones es que hoy estamos aqu\u00ed en Chicago, celebrando nuestras reuniones de Asamblea General de Asociados y Consejo Directivo dentro del marco de la Convenci\u00f3n &amp; Exposici\u00f3n Internacional 2019, para la cual hemos obtenido una tarifa preferencial y conformamos un grupo de 65 participantes, representando 14 pa\u00edses de Am\u00e9rica Latina.<\/p>\n<p style=\"text-align: justify;\">Durante varios a\u00f1os NFDA realiz\u00f3 la certificaci\u00f3n con ALPAR de los seminarios de tanatopraxia.<\/p>\n<p style=\"text-align: justify;\">ALPAR ofreci\u00f3 a sus asociados el beneficio de adquirir la membres\u00eda con NFDA con una tarifa reducida, en total 41 empresas se acogieron a este beneficio en 2018 y 36 en 2019.<\/p>\n<p style=\"text-align: justify;\"><strong><u>Con CFA (Asociaci\u00f3n China de Funerarias)<\/u>:<\/strong> ALPAR se hizo presente en la participaci\u00f3n del Foro Internacional \u201cMisi\u00f3n Imposible\u201d, junto a l\u00edderes de la Industria, representantes de todos los continentes. Este evento se enmarc\u00f3 en el Foro Mundial de la Mujer, en el que tuvimos presencia a trav\u00e9s de videos emitidos desde diversos pa\u00edses por parte de mujeres que se desempe\u00f1an en la Industria de Brasil, Colombia, Ecuador y Uruguay.<\/p>\n<p style=\"text-align: justify;\">Esta Asociaci\u00f3n es la m\u00e1s fuerte en apoyo a \u201cEl mundo unido por la vida\u201d.<\/p>\n<p style=\"text-align: justify;\"><strong><u>Con PANASEF (Asociaci\u00f3n Nacional de Servicios Funerarios de Espa\u00f1a)<\/u>:<\/strong> Fruto de las buenas relaciones, el Secretario General de esta asociaci\u00f3n, ofreci\u00f3 una conferencia durante el IV Simposio Internacional de ALPAR, en Uruguay. Adicionalmente, esta asociaci\u00f3n ha invitado a ALPAR para participar activamente en su Segundo Forum, a realizarse en Sevilla, del 22 al 24 de octubre de 2020.<\/p>\n<p style=\"text-align: justify;\"><strong><u>Trabajo con Asociaciones de Pa\u00edses latinoamericanos<\/u>:<\/strong> durante este periodo se acrecentaron las relaciones con las distintas organizaciones de Argentina, Brasil, M\u00e9xico y Colombia. En cada uno de estos pa\u00edses, ALPAR concurri\u00f3 a los distintos eventos nacionales organizados por FADESDFYA <em>(Federaci\u00f3n Argentina de Entidades de Servicio F\u00fanebre y Afines)<\/em> CACEPRI <em>(C\u00e1mara Argentina de Cementerios Parque)<\/em>, SINCEP-ACEMBRA <em>(Sindicato de los Cementerios Particulares de Brasil \/ Asociaci\u00f3n de Cementerios de Brasil)<\/em>, Expo M\u00e9xico Funerario y Corporaci\u00f3n Remanso, respectivamente.<\/p>\n<p><img loading=\"lazy\" decoding=\"async\" class=\"aligncenter wp-image-1404\" src=\"http:\/\/alpar.com.co\/blog\/wp-content\/uploads\/asociaciones.jpg\" alt=\"\" width=\"600\" height=\"142\" srcset=\"https:\/\/alpar.com.co\/blog\/wp-content\/uploads\/asociaciones.jpg 600w, https:\/\/alpar.com.co\/blog\/wp-content\/uploads\/asociaciones-300x71.jpg 300w\" sizes=\"(max-width: 600px) 100vw, 600px\" \/><\/p>\n<p style=\"text-align: justify;\">Adem\u00e1s, se defini\u00f3 como pol\u00edtica, que cada vez que alguna persona viaje como delegado que represente a ALPAR, debe tener un objetivo espec\u00edfico, entregar un informe con las ideas obtenidas del viaje que le puedan servir a los asociados. Estos informes han sido publicados en el blog exclusivo para asociados.<\/p>\n<ul>\n<li>\n<h3><strong>Comit\u00e9 de Mascotas<\/strong><\/h3>\n<\/li>\n<\/ul>\n<p style=\"text-align: justify;\"><img loading=\"lazy\" decoding=\"async\" class=\"alignleft wp-image-1405\" src=\"http:\/\/alpar.com.co\/blog\/wp-content\/uploads\/10-mascotas.png\" alt=\"\" width=\"280\" height=\"158\" srcset=\"https:\/\/alpar.com.co\/blog\/wp-content\/uploads\/10-mascotas.png 1280w, https:\/\/alpar.com.co\/blog\/wp-content\/uploads\/10-mascotas-300x169.png 300w, https:\/\/alpar.com.co\/blog\/wp-content\/uploads\/10-mascotas-768x432.png 768w, https:\/\/alpar.com.co\/blog\/wp-content\/uploads\/10-mascotas-1024x576.png 1024w, https:\/\/alpar.com.co\/blog\/wp-content\/uploads\/10-mascotas-1080x608.png 1080w\" sizes=\"(max-width: 280px) 100vw, 280px\" \/>Este fue el \u00faltimo comit\u00e9 creado en abril 2019, debido a la importancia que est\u00e1n teniendo las mascotas en el mundo funerario. Este comit\u00e9 estuvo integrado por Juan Camilo Tavera, Rafael Azevedo y Daniel Ceballos. El objetivo del comit\u00e9 es compartir las experiencias entre los asociados y ser referente en la Industria en cuanto a la prestaci\u00f3n de servicios para mascotas.<\/p>\n<p>&nbsp;<\/p>\n<p style=\"text-align: justify;\">Para esto se elabor\u00f3 una encuesta, que ser\u00e1 enviada pr\u00f3ximamente a los asociados.<\/p>\n<p style=\"text-align: justify;\">He dejado para el final el trabajo del comit\u00e9 del Mundo Unido Por la Vida, dada la relevancia de este evento y porque se encontraba entre las tareas fijadas como principales durante mi gesti\u00f3n como Presidente:<\/p>\n<ul>\n<li>\n<h3><strong>Comit\u00e9 \u201cMundo Unido por la vida\u201d<\/strong><\/h3>\n<\/li>\n<\/ul>\n<p style=\"text-align: justify;\"><img loading=\"lazy\" decoding=\"async\" class=\"alignleft wp-image-1406\" src=\"http:\/\/alpar.com.co\/blog\/wp-content\/uploads\/MUPLV-01.jpg\" alt=\"\" width=\"212\" height=\"205\" srcset=\"https:\/\/alpar.com.co\/blog\/wp-content\/uploads\/MUPLV-01.jpg 600w, https:\/\/alpar.com.co\/blog\/wp-content\/uploads\/MUPLV-01-300x289.jpg 300w\" sizes=\"(max-width: 212px) 100vw, 212px\" \/>Integrado por Rafael Azevedo y Jaime Ceballos.\u00a0 El desaf\u00edo era muy claro: c\u00f3mo aumentar la participaci\u00f3n del los distintas asociaciones internacionales, nacionales, pa\u00edses y empresas en EL MUNDO UNIDO POR LA VIDA. Aqu\u00ed nos enfrentamos a varias dificultades, entre otras la fijaci\u00f3n de la fecha, para obtener la mayor cantidad de participantes.<\/p>\n<p style=\"text-align: justify;\">EL MUNDO UNIDO POR LA VIDA, se celebr\u00f3 en su s\u00e9ptima edici\u00f3n (2018) por primera vez en dos fechas (9 y 30 de septiembre), debido a dificultades de agendamiento con algunas asociaciones. En esa oportunidad, el evento cont\u00f3 con la participaci\u00f3n de 88 empresas, representantes de 21 pa\u00edses.<\/p>\n<p style=\"text-align: justify;\">El 22 de Septiembre reci\u00e9n pasado, se realiz\u00f3 la octava versi\u00f3n de EL MUNDO UNIDO POR LA VIDA, alcanzando niveles r\u00e9cord de participaci\u00f3n: 26 pa\u00edses en los 5 continentes, y 120 empresas (37% m\u00e1s que en 2018), con publicaciones en las principales p\u00e1ginas web y redes sociales de las mayores asociaciones del mundo, como FIAT IFTA, ICCFA (Estados Unidos), NFDA (Estados Unidos), PANASEFF (Espa\u00f1a), AFDA (Australiana), CFA (China), ACEMBRA-SINCEP (Brasil), CACEPRI (Argentina), CANADEFU (Venezuela), Corporaci\u00f3n \u00a0Remanso (Colombia), MFA (Mongolia), ZAFA (Zimbabwe) y Union of the Funeral Companies in Bulgaria (Bulgaria).<\/p>\n<p><img loading=\"lazy\" decoding=\"async\" class=\"aligncenter wp-image-1407\" src=\"http:\/\/alpar.com.co\/blog\/wp-content\/uploads\/12-mundo-unido.png\" alt=\"\" width=\"250\" height=\"247\" srcset=\"https:\/\/alpar.com.co\/blog\/wp-content\/uploads\/12-mundo-unido.png 579w, https:\/\/alpar.com.co\/blog\/wp-content\/uploads\/12-mundo-unido-300x296.png 300w\" sizes=\"(max-width: 250px) 100vw, 250px\" \/><\/p>\n<p style=\"text-align: justify;\">En lo personal, este resultado me llena de emoci\u00f3n. Esta idea que alguna vez so\u00f1amos con alguno de Ustedes, de hacer de este d\u00eda, un d\u00eda a nivel mundial, en que la industria funeraria le hable al mundo sobre la vida, de disfrutar la vida, de que cuando nos morimos somos todos iguales, con la visi\u00f3n que llegue a ser un d\u00eda tan importante como el D\u00eda de la Madre, del Ni\u00f1o o el D\u00eda de Muertos. Creo que va en ese camino, depende de nosotros.<\/p>\n<p style=\"text-align: justify;\">A\u00fan hay mucho trabajo por hacer\u2026 yo quiero invitar a las empresas que a\u00fan no han participado, que lo hagan, solo as\u00ed engrandeceremos aun mas esta celebraci\u00f3n.<\/p>\n<h2><\/h2>\n<h2><span style=\"color: #99cc00;\"><strong>Asociados <\/strong><\/span><\/h2>\n<p style=\"text-align: justify;\"><img loading=\"lazy\" decoding=\"async\" class=\"alignleft wp-image-1409\" src=\"http:\/\/alpar.com.co\/blog\/wp-content\/uploads\/empresas.png\" alt=\"\" width=\"70\" height=\"70\" srcset=\"https:\/\/alpar.com.co\/blog\/wp-content\/uploads\/empresas.png 800w, https:\/\/alpar.com.co\/blog\/wp-content\/uploads\/empresas-150x150.png 150w, https:\/\/alpar.com.co\/blog\/wp-content\/uploads\/empresas-300x300.png 300w, https:\/\/alpar.com.co\/blog\/wp-content\/uploads\/empresas-768x768.png 768w\" sizes=\"(max-width: 70px) 100vw, 70px\" \/>Al 15 de octubre de 2019, 117 empresas de 22 pa\u00edses estaban al d\u00eda en el pago de sus cuotas de sostenimiento con la Asociaci\u00f3n, que, comparado con octubre de 2017, significa un incremento de un 18%.<\/p>\n<p style=\"text-align: justify;\">Por otra parte, el n\u00famero total de empresas asociadas a la fecha es de 147, con cobertura en 24 pa\u00edses.<\/p>\n<p style=\"text-align: justify;\"><img loading=\"lazy\" decoding=\"async\" class=\"alignleft wp-image-1408\" src=\"http:\/\/alpar.com.co\/blog\/wp-content\/uploads\/13-Venezuela.png\" alt=\"\" width=\"70\" height=\"69\" \/>Quiero hacer una menci\u00f3n especial a las empresas de Venezuela, que por decisi\u00f3n del Consejo Directivo, se les otorgo un beneficio de reiniciar su membres\u00eda con ALPAR, sin pago de cuota de sostenimiento durante los pr\u00f3ximos dos a\u00f1os. Nueve empresas, se acogieron a este beneficio, que fue ampliamente valorado por los empresarios venezolanos.<\/p>\n<h2><\/h2>\n<h2><span style=\"color: #99cc00;\"><strong>Eventos<\/strong><\/span><\/h2>\n<p style=\"text-align: center;\"><strong><u>III Simposio Internacional de Cementerios y Funerarias<\/u><\/strong><\/p>\n<p><img loading=\"lazy\" decoding=\"async\" class=\"aligncenter wp-image-1410\" src=\"http:\/\/alpar.com.co\/blog\/wp-content\/uploads\/Logo-Simposio-2017-01.png\" alt=\"\" width=\"300\" height=\"156\" \/><\/p>\n<p style=\"text-align: justify;\">Realizado en La Romana y Santo Domingo, Rep\u00fablica Dominicana, del 11 al 15 de octubre de 2017, con la participaci\u00f3n de 75 personas, representantes de 61 empresas y procedentes de 16 pa\u00edses. La programaci\u00f3n estuvo conformada por: jornada acad\u00e9mica, visitas t\u00e9cnicas, actos sociales, ceremonia de \u201cReconocimiento a los Mejores\u201d, y las reuniones de Asamblea General de Asociados y Consejo Directivo.<\/p>\n<p><img loading=\"lazy\" decoding=\"async\" class=\"aligncenter wp-image-1420\" src=\"http:\/\/alpar.com.co\/blog\/wp-content\/uploads\/2017-III-Simposio-Visita-T\u00e9cnica.jpg\" alt=\"\" width=\"400\" height=\"267\" srcset=\"https:\/\/alpar.com.co\/blog\/wp-content\/uploads\/2017-III-Simposio-Visita-T\u00e9cnica.jpg 1280w, https:\/\/alpar.com.co\/blog\/wp-content\/uploads\/2017-III-Simposio-Visita-T\u00e9cnica-300x200.jpg 300w, https:\/\/alpar.com.co\/blog\/wp-content\/uploads\/2017-III-Simposio-Visita-T\u00e9cnica-768x512.jpg 768w, https:\/\/alpar.com.co\/blog\/wp-content\/uploads\/2017-III-Simposio-Visita-T\u00e9cnica-1024x682.jpg 1024w, https:\/\/alpar.com.co\/blog\/wp-content\/uploads\/2017-III-Simposio-Visita-T\u00e9cnica-1080x720.jpg 1080w\" sizes=\"(max-width: 400px) 100vw, 400px\" \/><\/p>\n<p style=\"text-align: center;\"><strong><u>IV Encuentro Mundial de la Industria Funeraria<\/u><\/strong><\/p>\n<p><img loading=\"lazy\" decoding=\"async\" class=\"aligncenter wp-image-1412\" src=\"http:\/\/alpar.com.co\/blog\/wp-content\/uploads\/logo_IV-Encuentro-Mundial.png\" alt=\"\" width=\"377\" height=\"131\" \/><\/p>\n<p style=\"text-align: justify;\">Realizado en Santa Cruz de la Sierra, Bolivia, del 26 al 30 de septiembre de 2018, con la participaci\u00f3n de 110 personas, representantes de 64 empresas, procedentes de 29 pa\u00edses. La programaci\u00f3n estuvo conformada por: jornada acad\u00e9mica, visita t\u00e9cnica, actos sociales, reuni\u00f3n de Consejo Directivo, XV Asamblea General de FIAT IFTA, conmemoraci\u00f3n del 30 aniversario de ALPAR y turismo al Salar de Uyuni.<\/p>\n<p><img loading=\"lazy\" decoding=\"async\" class=\"aligncenter wp-image-1419\" src=\"http:\/\/alpar.com.co\/blog\/wp-content\/uploads\/2018-IV-Encuentro-Mundial-Visitas-t\u00e9cnicas.jpg\" alt=\"\" width=\"400\" height=\"267\" srcset=\"https:\/\/alpar.com.co\/blog\/wp-content\/uploads\/2018-IV-Encuentro-Mundial-Visitas-t\u00e9cnicas.jpg 1280w, https:\/\/alpar.com.co\/blog\/wp-content\/uploads\/2018-IV-Encuentro-Mundial-Visitas-t\u00e9cnicas-300x200.jpg 300w, https:\/\/alpar.com.co\/blog\/wp-content\/uploads\/2018-IV-Encuentro-Mundial-Visitas-t\u00e9cnicas-768x512.jpg 768w, https:\/\/alpar.com.co\/blog\/wp-content\/uploads\/2018-IV-Encuentro-Mundial-Visitas-t\u00e9cnicas-1024x682.jpg 1024w, https:\/\/alpar.com.co\/blog\/wp-content\/uploads\/2018-IV-Encuentro-Mundial-Visitas-t\u00e9cnicas-1080x720.jpg 1080w\" sizes=\"(max-width: 400px) 100vw, 400px\" \/><\/p>\n<p>&nbsp;<\/p>\n<p style=\"text-align: center;\"><strong><u>IV Simposio en Uruguay<\/u><\/strong><\/p>\n<p><img loading=\"lazy\" decoding=\"async\" class=\"size-full wp-image-1411 aligncenter\" src=\"http:\/\/alpar.com.co\/blog\/wp-content\/uploads\/logo-iv-simposio.png\" alt=\"\" width=\"300\" height=\"112\" \/><\/p>\n<p style=\"text-align: justify;\">Realizado en Montevideo, Uruguay, del 24 al 27 de abril de 2019, con la participaci\u00f3n de 60 personas, representantes de 44 empresas y procedentes de 14 pa\u00edses.<\/p>\n<p style=\"text-align: justify;\">La programaci\u00f3n estuvo conformada por: jornada acad\u00e9mica, visita t\u00e9cnica, actos sociales y reuni\u00f3n de Consejo Directivo de ALPAR.<\/p>\n<p><img loading=\"lazy\" decoding=\"async\" class=\"aligncenter wp-image-1418\" src=\"http:\/\/alpar.com.co\/blog\/wp-content\/uploads\/2019-IV-Simposio-Visitas-T\u00e9cnicas.jpg\" alt=\"\" width=\"400\" height=\"267\" srcset=\"https:\/\/alpar.com.co\/blog\/wp-content\/uploads\/2019-IV-Simposio-Visitas-T\u00e9cnicas.jpg 1280w, https:\/\/alpar.com.co\/blog\/wp-content\/uploads\/2019-IV-Simposio-Visitas-T\u00e9cnicas-300x200.jpg 300w, https:\/\/alpar.com.co\/blog\/wp-content\/uploads\/2019-IV-Simposio-Visitas-T\u00e9cnicas-768x512.jpg 768w, https:\/\/alpar.com.co\/blog\/wp-content\/uploads\/2019-IV-Simposio-Visitas-T\u00e9cnicas-1024x682.jpg 1024w, https:\/\/alpar.com.co\/blog\/wp-content\/uploads\/2019-IV-Simposio-Visitas-T\u00e9cnicas-1080x720.jpg 1080w\" sizes=\"(max-width: 400px) 100vw, 400px\" \/><\/p>\n<h2><\/h2>\n<h2><span style=\"color: #99cc00;\"><strong>Capacitaci\u00f3n<\/strong><\/span><\/h2>\n<p>&nbsp;<\/p>\n<ul>\n<li>\n<h3><strong><u>Entrenamiento para Celebrantes<\/u><\/strong><\/h3>\n<\/li>\n<\/ul>\n<p style=\"text-align: justify;\">Como resultado del acuerdo con la Universidad ICCFA y despu\u00e9s de una labor de planeaci\u00f3n durante cuatro meses, ALPAR realiz\u00f3 el primer curso para Am\u00e9rica Latina, con el programa \u201cEntrenamiento para Celebrantes\u201d, teniendo como sede Bogot\u00e1, Colombia, del 24 al 28 de febrero de 2019.<\/p>\n<p style=\"text-align: justify;\">El cupo total asignado fue de 30 participantes, logrando la cobertura total previamente a la fecha de cierre de registros, con representantes de 22 empresas y procedentes de 12 pa\u00edses<\/p>\n<p style=\"text-align: justify;\">Para la realizaci\u00f3n del curso, viajaron a Colombia las capacitadoras de la Universidad ICCFA y todo el curso se desarroll\u00f3 con traducci\u00f3n simult\u00e1nea al espa\u00f1ol y portugu\u00e9s. Al finalizar la capacitaci\u00f3n, los participantes recibieron tres certificados que los acreditan como Celebrantes, emitidos por: Insight Institute, ICCFA University y ALPAR.<\/p>\n<p style=\"text-align: justify;\">El curso se ha consolidado como el evento mejor evaluado en la historia de ALPAR, tanto por los participantes, como por la decana del programa en la Universidad ICCFA y las dem\u00e1s capacitadoras.<\/p>\n<p><img loading=\"lazy\" decoding=\"async\" class=\"size-full wp-image-1424 aligncenter\" src=\"http:\/\/alpar.com.co\/blog\/wp-content\/uploads\/celebrantes.jpg\" alt=\"\" width=\"600\" height=\"163\" srcset=\"https:\/\/alpar.com.co\/blog\/wp-content\/uploads\/celebrantes.jpg 600w, https:\/\/alpar.com.co\/blog\/wp-content\/uploads\/celebrantes-300x82.jpg 300w\" sizes=\"(max-width: 600px) 100vw, 600px\" \/><\/p>\n<p style=\"text-align: justify;\">En la actualidad, estamos en la planeaci\u00f3n de dos cursos de la Universidad ICCFA (Mercadeo y Ventas y Certificaci\u00f3n para Celebrantes), los cuales se realizar\u00edan en Bogot\u00e1, Colombia, del 22 al 25 de Febrero de 2020, con traducci\u00f3n simult\u00e1nea a espa\u00f1ol y portugu\u00e9s, adem\u00e1s ser\u00e1n validados por la Universidad de ICCFA como cursos realizados con ellos, para optar por el t\u00edtulo de Funeral Director.<\/p>\n<p style=\"text-align: justify;\">Dentro del acuerdo con ICCFA, se tiene previsto que a partir de 2020, en la Universidad en Memphis, Estados Unidos, se ofrezca traducci\u00f3n al espa\u00f1ol para uno de los cursos que all\u00ed se ofrecen.<\/p>\n<ul>\n<li>\n<h3><strong><u>Seminarios:<\/u><\/strong><\/h3>\n<\/li>\n<\/ul>\n<p><strong>Tanatopraxia:<\/strong><\/p>\n<p>Este se realiz\u00f3 en Julio de 2018, en Ciudad de Guatemala, con la participaci\u00f3n de 23 personas, representantes de: Guatemala, Honduras, M\u00e9xico y Panam\u00e1.<\/p>\n<p>NFDA apoy\u00f3 este evento y lo certific\u00f3 juntamente con ALPAR.<\/p>\n<p><img loading=\"lazy\" decoding=\"async\" class=\"aligncenter wp-image-1415\" src=\"http:\/\/alpar.com.co\/blog\/wp-content\/uploads\/Tanatopraxia-1.jpeg\" alt=\"\" width=\"400\" height=\"300\" srcset=\"https:\/\/alpar.com.co\/blog\/wp-content\/uploads\/Tanatopraxia-1.jpeg 1280w, https:\/\/alpar.com.co\/blog\/wp-content\/uploads\/Tanatopraxia-1-300x225.jpeg 300w, https:\/\/alpar.com.co\/blog\/wp-content\/uploads\/Tanatopraxia-1-768x576.jpeg 768w, https:\/\/alpar.com.co\/blog\/wp-content\/uploads\/Tanatopraxia-1-1024x768.jpeg 1024w, https:\/\/alpar.com.co\/blog\/wp-content\/uploads\/Tanatopraxia-1-510x382.jpeg 510w, https:\/\/alpar.com.co\/blog\/wp-content\/uploads\/Tanatopraxia-1-1080x810.jpeg 1080w\" sizes=\"(max-width: 400px) 100vw, 400px\" \/><\/p>\n<p><b>Ventas:<\/b><\/p>\n<p style=\"text-align: justify;\">-En Mayo de 2018, en Santo Domingo, Rep\u00fablica Dominicana se realiz\u00f3 el segundo seminario de ventas, bajo el nombre \u00abEl saber y el hacer del Asesor Comercial\u00bb, y cont\u00f3 con la participaci\u00f3n de 26 personas, representando a tres pa\u00edses: Bolivia, Ecuador y Rep\u00fablica Dominicana.<\/p>\n<p style=\"text-align: justify;\">&#8211; En Junio de 2019, en Santo Domingo, Rep\u00fablica Dominicana se realiz\u00f3 el tercer y \u00faltimo seminario anual del ciclo de ventas. El tema de este seminario fue \u00abElementos que caracterizan una gesti\u00f3n eficiente en la Industria Funeraria\u00bb, el cual cont\u00f3 con la participaci\u00f3n de 24 personas procedentes de 3 pa\u00edses:\u00a0 Chile, Ecuador y Rep\u00fablica Dominicana.<\/p>\n<p>En ambos seminarios ICCFA apoy\u00f3 y lo certific\u00f3 juntamente con ALPAR.<\/p>\n<p><img loading=\"lazy\" decoding=\"async\" class=\"aligncenter wp-image-1417\" src=\"http:\/\/alpar.com.co\/blog\/wp-content\/uploads\/Ventas-3.jpg\" alt=\"\" width=\"400\" height=\"267\" srcset=\"https:\/\/alpar.com.co\/blog\/wp-content\/uploads\/Ventas-3.jpg 1280w, https:\/\/alpar.com.co\/blog\/wp-content\/uploads\/Ventas-3-300x200.jpg 300w, https:\/\/alpar.com.co\/blog\/wp-content\/uploads\/Ventas-3-768x512.jpg 768w, https:\/\/alpar.com.co\/blog\/wp-content\/uploads\/Ventas-3-1024x682.jpg 1024w, https:\/\/alpar.com.co\/blog\/wp-content\/uploads\/Ventas-3-1080x720.jpg 1080w\" sizes=\"(max-width: 400px) 100vw, 400px\" \/><\/p>\n<hr \/>\n<p><strong>Juan Pablo Donetch O.<br \/>\n<\/strong>Presidente ALPAR 2017-2019<\/p>\n","protected":false},"excerpt":{"rendered":"<p>En el desarrollo de la D\u00e9cima Sexta Asamblea General Ordinaria de Asociados de ALPAR, realizada el 30 de octubre en Chicago, Estados Unidos, el se\u00f1or Juan Pablo Donetch O., Presidente de ALPAR en el periodo 2017-2019, present\u00f3 el informe de su gesti\u00f3n, el cual comparte a continuaci\u00f3n: &nbsp; Como lo establecen los estatutos, ha llegado [&hellip;]<\/p>\n","protected":false},"author":106,"featured_media":1398,"comment_status":"open","ping_status":"open","sticky":false,"template":"","format":"standard","meta":{"_et_pb_use_builder":"","_et_pb_old_content":"","_et_gb_content_width":"","footnotes":""},"categories":[3],"tags":[],"class_list":["post-1396","post","type-post","status-publish","format-standard","has-post-thumbnail","hentry","category-articulos"],"_links":{"self":[{"href":"https:\/\/alpar.com.co\/blog\/wp-json\/wp\/v2\/posts\/1396","targetHints":{"allow":["GET"]}}],"collection":[{"href":"https:\/\/alpar.com.co\/blog\/wp-json\/wp\/v2\/posts"}],"about":[{"href":"https:\/\/alpar.com.co\/blog\/wp-json\/wp\/v2\/types\/post"}],"author":[{"embeddable":true,"href":"https:\/\/alpar.com.co\/blog\/wp-json\/wp\/v2\/users\/106"}],"replies":[{"embeddable":true,"href":"https:\/\/alpar.com.co\/blog\/wp-json\/wp\/v2\/comments?post=1396"}],"version-history":[{"count":11,"href":"https:\/\/alpar.com.co\/blog\/wp-json\/wp\/v2\/posts\/1396\/revisions"}],"predecessor-version":[{"id":1434,"href":"https:\/\/alpar.com.co\/blog\/wp-json\/wp\/v2\/posts\/1396\/revisions\/1434"}],"wp:featuredmedia":[{"embeddable":true,"href":"https:\/\/alpar.com.co\/blog\/wp-json\/wp\/v2\/media\/1398"}],"wp:attachment":[{"href":"https:\/\/alpar.com.co\/blog\/wp-json\/wp\/v2\/media?parent=1396"}],"wp:term":[{"taxonomy":"category","embeddable":true,"href":"https:\/\/alpar.com.co\/blog\/wp-json\/wp\/v2\/categories?post=1396"},{"taxonomy":"post_tag","embeddable":true,"href":"https:\/\/alpar.com.co\/blog\/wp-json\/wp\/v2\/tags?post=1396"}],"curies":[{"name":"wp","href":"https:\/\/api.w.org\/{rel}","templated":true}]}}