{"id":1449,"date":"2019-11-14T17:27:02","date_gmt":"2019-11-14T22:27:02","guid":{"rendered":"http:\/\/alpar.com.co\/blog\/?p=1449"},"modified":"2019-11-15T08:13:49","modified_gmt":"2019-11-15T13:13:49","slug":"alpar-en-expomexico-2019","status":"publish","type":"post","link":"https:\/\/alpar.com.co\/blog\/alpar-en-expomexico-2019\/","title":{"rendered":"ALPAR en Expo M\u00e9xico Funerario 2019"},"content":{"rendered":"\r\n<p>Del 7 al 8 de octubre, ALPAR particip\u00f3 en Expo M\u00e9xico Funerario 2019, un importante evento de la Industria Funeraria en M\u00e9xico, que re\u00fane l\u00edderes en fabricaci\u00f3n, comercializaci\u00f3n, representaci\u00f3n y distribuci\u00f3n de servicios y productos, de los cuales destacamos el siguiente:<\/p>\r\n\r\n\r\n\r\n<p>\u2022<strong> ATA\u00daDES DE LA MORA:<\/strong> Producto totalmente artesanal que ofrece dise\u00f1os personalizables y novedosos.<br> P\u00e1gina en Facebook: @ataudesdelamora<br> Contacto: dlm_ataudes@hotmail.com<\/p>\r\n\r\n\r\n\r\n<figure class=\"wp-block-embed-youtube wp-block-embed is-type-video is-provider-youtube wp-embed-aspect-16-9 wp-has-aspect-ratio\"><div class=\"wp-block-embed__wrapper\">\r\n<iframe loading=\"lazy\" title=\"ALPAR en Expo M\u00e9xico Funerario 2019\" width=\"1080\" height=\"608\" src=\"https:\/\/www.youtube.com\/embed\/SPIWnAU7QJ8?feature=oembed\" frameborder=\"0\" allow=\"accelerometer; autoplay; encrypted-media; gyroscope; picture-in-picture\" allowfullscreen><\/iframe>\r\n<\/div><\/figure>\r\n\r\n\r\n\r\n<hr class=\"wp-block-separator\"\/>\r\n\r\n\r\n\r\n<h5 class=\"wp-block-heading\"><strong>Tatiana Osorio A.<\/strong><\/h5>\r\n\r\n\r\n\r\n<p>Directora Ejecutiva ALPAR<\/p>\r\n","protected":false},"excerpt":{"rendered":"<p>Del 7 al 8 de octubre, ALPAR particip\u00f3 en Expo M\u00e9xico Funerario 2019, un importante evento de la Industria Funeraria en M\u00e9xico, que re\u00fane l\u00edderes en fabricaci\u00f3n, comercializaci\u00f3n, representaci\u00f3n y distribuci\u00f3n de servicios y productos, de los cuales destacamos el siguiente: \u2022 ATA\u00daDES DE LA MORA: Producto totalmente artesanal que ofrece dise\u00f1os personalizables y novedosos. [&hellip;]<\/p>\n","protected":false},"author":106,"featured_media":1437,"comment_status":"open","ping_status":"open","sticky":false,"template":"","format":"video","meta":{"_et_pb_use_builder":"off","_et_pb_old_content":"","_et_gb_content_width":"","footnotes":""},"categories":[4],"tags":[],"class_list":["post-1449","post","type-post","status-publish","format-video","has-post-thumbnail","hentry","category-videos","post_format-post-format-video"],"_links":{"self":[{"href":"https:\/\/alpar.com.co\/blog\/wp-json\/wp\/v2\/posts\/1449","targetHints":{"allow":["GET"]}}],"collection":[{"href":"https:\/\/alpar.com.co\/blog\/wp-json\/wp\/v2\/posts"}],"about":[{"href":"https:\/\/alpar.com.co\/blog\/wp-json\/wp\/v2\/types\/post"}],"author":[{"embeddable":true,"href":"https:\/\/alpar.com.co\/blog\/wp-json\/wp\/v2\/users\/106"}],"replies":[{"embeddable":true,"href":"https:\/\/alpar.com.co\/blog\/wp-json\/wp\/v2\/comments?post=1449"}],"version-history":[{"count":2,"href":"https:\/\/alpar.com.co\/blog\/wp-json\/wp\/v2\/posts\/1449\/revisions"}],"predecessor-version":[{"id":1453,"href":"https:\/\/alpar.com.co\/blog\/wp-json\/wp\/v2\/posts\/1449\/revisions\/1453"}],"wp:featuredmedia":[{"embeddable":true,"href":"https:\/\/alpar.com.co\/blog\/wp-json\/wp\/v2\/media\/1437"}],"wp:attachment":[{"href":"https:\/\/alpar.com.co\/blog\/wp-json\/wp\/v2\/media?parent=1449"}],"wp:term":[{"taxonomy":"category","embeddable":true,"href":"https:\/\/alpar.com.co\/blog\/wp-json\/wp\/v2\/categories?post=1449"},{"taxonomy":"post_tag","embeddable":true,"href":"https:\/\/alpar.com.co\/blog\/wp-json\/wp\/v2\/tags?post=1449"}],"curies":[{"name":"wp","href":"https:\/\/api.w.org\/{rel}","templated":true}]}}