{"id":1467,"date":"2019-12-06T08:30:49","date_gmt":"2019-12-06T13:30:49","guid":{"rendered":"http:\/\/alpar.com.co\/blog\/?p=1467"},"modified":"2019-12-06T09:19:42","modified_gmt":"2019-12-06T14:19:42","slug":"comerciante-distinguido","status":"publish","type":"post","link":"https:\/\/alpar.com.co\/blog\/comerciante-distinguido\/","title":{"rendered":"Asociado de ALPAR galardonado como Comerciante Distinguido"},"content":{"rendered":"\r\n<p>El se\u00f1or Jos\u00e9 Mar\u00eda G\u00f3mez, fundador de la empresa Inversiones Funeraria G\u00f3mez S.A.S, asociado de ALPAR en Colombia y miembro del grupo de visionarios que se unieron hace 31 a\u00f1os para constituir la Asociaci\u00f3n, recibi\u00f3 d\u00edas atr\u00e1s el galard\u00f3n como Comerciante Distinguido por parte de FENALCO (Federaci\u00f3n Nacional de Comerciantes), en reconocimiento a su vocaci\u00f3n emprendedora y liderazgo durante 50 a\u00f1os.  A continuaci\u00f3n, compartimos el video conmemorativo que enmarc\u00f3 la entrega de su premio.<\/p>\r\n\r\n\r\n\r\n<figure class=\"wp-block-embed-youtube wp-block-embed is-type-video is-provider-youtube wp-embed-aspect-16-9 wp-has-aspect-ratio\"><div class=\"wp-block-embed__wrapper\">\r\n<iframe loading=\"lazy\" title=\"Comerciante Distinguido 2019: Jos\u00e9 Mar\u00eda G\u00f3mez G\u00f3mez\" width=\"1080\" height=\"608\" src=\"https:\/\/www.youtube.com\/embed\/WBqop2T7gKU?feature=oembed\" frameborder=\"0\" allow=\"accelerometer; autoplay; encrypted-media; gyroscope; picture-in-picture\" allowfullscreen><\/iframe>\r\n<\/div><\/figure>\r\n\r\n\r\n\r\n<hr class=\"wp-block-separator\"\/>\r\n\r\n\r\n\r\nRecuperado del canal de YouTube de FENALCO Antioquia\r\n\r\n","protected":false},"excerpt":{"rendered":"<p>El se\u00f1or Jos\u00e9 Mar\u00eda G\u00f3mez, fundador de la empresa Inversiones Funeraria G\u00f3mez S.A.S, asociado de ALPAR en Colombia y miembro del grupo de visionarios que se unieron hace 31 a\u00f1os para constituir la Asociaci\u00f3n, recibi\u00f3 d\u00edas atr\u00e1s el galard\u00f3n como Comerciante Distinguido por parte de FENALCO (Federaci\u00f3n Nacional de Comerciantes), en reconocimiento a su vocaci\u00f3n [&hellip;]<\/p>\n","protected":false},"author":106,"featured_media":1468,"comment_status":"open","ping_status":"open","sticky":false,"template":"","format":"video","meta":{"_et_pb_use_builder":"off","_et_pb_old_content":"","_et_gb_content_width":"","footnotes":""},"categories":[4],"tags":[],"class_list":["post-1467","post","type-post","status-publish","format-video","has-post-thumbnail","hentry","category-videos","post_format-post-format-video"],"_links":{"self":[{"href":"https:\/\/alpar.com.co\/blog\/wp-json\/wp\/v2\/posts\/1467","targetHints":{"allow":["GET"]}}],"collection":[{"href":"https:\/\/alpar.com.co\/blog\/wp-json\/wp\/v2\/posts"}],"about":[{"href":"https:\/\/alpar.com.co\/blog\/wp-json\/wp\/v2\/types\/post"}],"author":[{"embeddable":true,"href":"https:\/\/alpar.com.co\/blog\/wp-json\/wp\/v2\/users\/106"}],"replies":[{"embeddable":true,"href":"https:\/\/alpar.com.co\/blog\/wp-json\/wp\/v2\/comments?post=1467"}],"version-history":[{"count":4,"href":"https:\/\/alpar.com.co\/blog\/wp-json\/wp\/v2\/posts\/1467\/revisions"}],"predecessor-version":[{"id":1472,"href":"https:\/\/alpar.com.co\/blog\/wp-json\/wp\/v2\/posts\/1467\/revisions\/1472"}],"wp:featuredmedia":[{"embeddable":true,"href":"https:\/\/alpar.com.co\/blog\/wp-json\/wp\/v2\/media\/1468"}],"wp:attachment":[{"href":"https:\/\/alpar.com.co\/blog\/wp-json\/wp\/v2\/media?parent=1467"}],"wp:term":[{"taxonomy":"category","embeddable":true,"href":"https:\/\/alpar.com.co\/blog\/wp-json\/wp\/v2\/categories?post=1467"},{"taxonomy":"post_tag","embeddable":true,"href":"https:\/\/alpar.com.co\/blog\/wp-json\/wp\/v2\/tags?post=1467"}],"curies":[{"name":"wp","href":"https:\/\/api.w.org\/{rel}","templated":true}]}}