{"id":1512,"date":"2020-02-27T11:42:32","date_gmt":"2020-02-27T16:42:32","guid":{"rendered":"http:\/\/alpar.com.co\/blog\/?p=1512"},"modified":"2020-02-28T10:47:00","modified_gmt":"2020-02-28T15:47:00","slug":"el-impacto-del-covid19-coronavirus-en-el-sector-funerario","status":"publish","type":"post","link":"https:\/\/alpar.com.co\/blog\/el-impacto-del-covid19-coronavirus-en-el-sector-funerario\/","title":{"rendered":"El impacto del \u201cCOVID19-Coronavirus\u201d en el sector funerario"},"content":{"rendered":"<p style=\"text-align: justify;\">El mundo moderno hace frente a la nueva pandemia: \u201cCOVID19 \u2013 Coronavirus\u201d y las consecuencias a nivel mundial van m\u00e1s all\u00e1 de la p\u00e9rdida de vidas. Carmen Olmeda, desde Espa\u00f1a, realiza una entrevista a Manuel Martin, quien aporta su visi\u00f3n y ha delineado un protocolo de procedimiento para el sector funerario de Espa\u00f1a para el manejo de los cuerpos infectados por el Coronavirus.<\/p>\n<p>Manuel Mart\u00edn, es considerado uno de los mejores formadores de Espa\u00f1a, adem\u00e1s de impartir para PANASEF (Asociaci\u00f3n Nacional de Servicios Funerarios), lo hace para las mayores y mejores funerarias de Espa\u00f1a, tambi\u00e9n tiene una faceta de conferencista, ha participado en diversas mesas redondas, adem\u00e1s de contar con una amplia experiencia despu\u00e9s de haber recorrido una gran parte del mundo y poder conocer las costumbres funerarias de muchos lugares.<\/p>\n<h2><\/h2>\n<h2 style=\"text-align: center;\"><strong>Cu\u00e1l ser\u00eda el protocolo de actuaci\u00f3n en los casos de coronavirus en Espa\u00f1a<\/strong><\/h2>\n<p style=\"text-align: justify;\">En Espa\u00f1a tenemos dos grupos de cad\u00e1veres, el 1\u00ba corresponde a todos aquellos cad\u00e1veres que tienen una enfermedad infectocontagiosa, que pueda poner en peligro la salud publica o cad\u00e1veres contaminados por productos radioactivos.<\/p>\n<p style=\"text-align: justify;\">El proceso que caracteriza los fallecidos incluidos en este grupo, generalmente es que no se pueden realizar practicas de tanatopraxia sobre ellos, no siendo posible exponerlos para que la familia se pueda despedir, realizar pr\u00e1cticas de conservaci\u00f3n o embalsamamiento, etc\u00e9tera. Siendo en alg\u00fan caso la excepci\u00f3n que confirma la regla, la donaci\u00f3n de los cuerpos a la ciencia, precisamente para investigar las causas de la enfermedad, como es frecuente encontrarnos en los casos de Creutzfedt Jacob y otras encefalopat\u00edas espongiformes.<\/p>\n<p style=\"text-align: justify;\">El 2\u00ba grupo corresponde a todas esas personas que poseen una enfermedad infectocontagiosa o no, esta patolog\u00eda no es de riesgo extremo. Por tanto, el cuerpo, se puede velar, trasladar, donar y en general cualquier practica habitual.<\/p>\n<p style=\"text-align: justify;\">Las competencias de sanidad mortuoria est\u00e1n derivadas a cada comunidad aut\u00f3noma, cada una de ellas diferente y responsable.<\/p>\n<p style=\"text-align: justify;\">Actualmente tenemos unas listas de enfermedades de riesgo en las que el Covid19 (Coronavirus) no est\u00e1 incluido, pero las autoridades sanitarias en materia se reservan el derecho de incluirla si lo consideran necesario, hasta el momento no se han pronunciado.<\/p>\n<p style=\"text-align: justify;\">Con independencia del grupo en el que est\u00e9n incluidas, que va a determinar el rumbo del servicio funerario debemos ser conscientes de que nos enfrentamos a una enfermedad contagiosa de riesgo potencial, pero tambi\u00e9n debemos ser conscientes de que un fallecido no expulsa las famosas gotitas de Flugee expelidas al hablar, toser o estornudar, se trata de secreciones que los enfermos expulsan simplemente por el hecho de hablar relajadamente, al tratarse de part\u00edculas diminutas es frecuente absorberlas en la respiraci\u00f3n y tratarse de una v\u00eda de contagio habitual.<\/p>\n<p style=\"text-align: justify;\">El procedimiento es extremar la utilizaci\u00f3n de los equipos de protecci\u00f3n individual, de los que consta una mascara de protecci\u00f3n visual y con protecci\u00f3n respiratoria a trav\u00e9s de filtros FPP2 como m\u00ednimo, el proceso sobre el cuerpo adem\u00e1s de una desinfecci\u00f3n e higiene acentuada es importante sellar lo antes posible las v\u00edas respiratorias del difunto, para evitar cualquier secreci\u00f3n durante la manipulaci\u00f3n del mismo.<\/p>\n<p style=\"text-align: justify;\">Ahora voy a establecer una descripci\u00f3n de como es el proceso que debemos realizar a la hora de tener un cuerpo infecto contagioso del grupo 1 y el protocolo de actuaci\u00f3n.<\/p>\n<h3><\/h3>\n<h3 style=\"text-align: justify; padding-left: 40px;\"><strong><u>Colocaci\u00f3n del equipo seg\u00fan el kit 1<\/u><\/strong><\/h3>\n<ul>\n<li style=\"text-align: left;\">Retirar joyas, recoger cabello, usar pijama.<\/li>\n<li style=\"text-align: left;\">Higiene de manos con producto antis\u00e9ptico.<\/li>\n<li style=\"text-align: left;\">Patucos de media ca\u00f1a: Col\u00f3queselos adecuadamente.<\/li>\n<li style=\"text-align: left;\">Traje de Protecci\u00f3n:<\/li>\n<\/ul>\n<p style=\"padding-left: 40px;\">&#8211; Seleccionar la talla adecuada.<br \/>\n&#8211; Saque el traje de su embalaje, exti\u00e9ndalo y abra su cremallera.<br \/>\n&#8211; P\u00f3ngase el traje adapt\u00e1ndolo bien a las piernas, subir hasta la cintura.-<br \/>\nLos patucos quedar\u00e1n por debajo del traje<\/p>\n<ul>\n<li style=\"text-align: left;\">Higiene de manos con producto de base alcoh\u00f3lica.<\/li>\n<li style=\"text-align: left;\">Guantes interiores (primer par):<\/li>\n<\/ul>\n<p style=\"padding-left: 40px;\">&#8211; Extienda los guantes.<br \/>\n&#8211; Fijarlos con cinta adhesiva.<\/p>\n<ul>\n<li style=\"text-align: left;\">Colocar capucha.<\/li>\n<li style=\"text-align: left;\">Traje de protecci\u00f3n:<\/li>\n<\/ul>\n<p style=\"padding-left: 40px;\">&#8211; Meter los brazos en el traje, los pu\u00f1os cubrir\u00e1n los guantes internos.<br \/>\n&#8211; Cerrar la cremallera hasta arriba, no totalmente.<\/p>\n<ul>\n<li style=\"text-align: left;\">Mascarilla FFP2:<\/li>\n<\/ul>\n<p style=\"text-align: left; padding-left: 40px;\">&#8211; Aseg\u00farese las bandas el\u00e1sticas en la mitad de la cabeza y el cuello.<br \/>\n&#8211; Aj\u00fastese la banda flexible en el puente de la nariz.<br \/>\n&#8211; Acom\u00f3desela en la cara y por debajo del ment\u00f3n. No cruzar las cintas.<br \/>\n&#8211; Verificar el ajuste del respirador, inspirando y espirando.<\/p>\n<ul>\n<li style=\"text-align: left;\">Gafas protectoras:<\/li>\n<\/ul>\n<p style=\"text-align: left; padding-left: 40px;\">&#8211; Ponerlas por encima de la mascarilla.<\/p>\n<ul>\n<li style=\"text-align: left;\">Poner la capucha del traje, subir la cremallera hasta el final y cerrar las solapas.<\/li>\n<li style=\"text-align: left;\">Guantes exteriores (segundo par):<\/li>\n<\/ul>\n<p style=\"text-align: left; padding-left: 40px;\">&#8211; Extienda los guantes para que cubran el pu\u00f1o del traje de protecci\u00f3n<br \/>\n&#8211; Fijar con cinta el borde guante \u2013 buzo, sin tensi\u00f3n<\/p>\n<h3 style=\"text-align: left; padding-left: 40px;\"><strong><u>Secuencia de retirada del equipo de protecci\u00f3n Kit 2<\/u><\/strong><\/h3>\n<ul>\n<li style=\"text-align: left;\">Descontaminaci\u00f3n de guantes con productos de base alcoh\u00f3lica en la consulta y de nuevo en esclusa (Pulsar el dispensador con gasa desechable):<\/li>\n<\/ul>\n<p style=\"text-align: left; padding-left: 40px;\">&#8211; Limpieza de patucos sobre empapador con desinfectante.<br \/>\n&#8211; Traje de protecci\u00f3n. Guantes externos y patucos.<br \/>\n&#8211; La parte delantera del buzo y las mangas pueden estar contaminadas.<\/p>\n<ul>\n<li style=\"text-align: left;\">El exterior de los guantes esta contaminado:<\/li>\n<\/ul>\n<p style=\"text-align: left; padding-left: 40px;\">&#8211; Despegue la solapa del traje que cubre la cremallera y abra la misma hasta la cintura.<br \/>\n&#8211; Retirar la capucha hacia atr\u00e1s sin tocar la piel de la frente, con ambas manos.<br \/>\n&#8211; Descontaminaci\u00f3n de guantes externos: Tirar de las puntas de los dedos cubiertos con guantes.<br \/>\n&#8211; Quitar las mangas por detr\u00e1s retirando el guante exterior que queda enrollado en la manga (coger guantes y borde del traje).<br \/>\n&#8211; Repetir la misma operaci\u00f3n con la otra manga (la mano del guante interno tira de esta manga).<br \/>\n&#8211; Deslizar el traje por la parte interna, son tocar el exterior.<br \/>\n&#8211; Descontaminaci\u00f3n de los guantes internos.<br \/>\n&#8211; Sentarse para sacar piernos con cuidado, arrastrando los patucos, que se ir\u00e1n plegando, toc\u00e1ndolos solo por la parte interna.<br \/>\n&#8211; No tocar suela de patucos.<br \/>\n&#8211; Desechar traje, con patucos, en el contenedor junto con los guantes exteriores enrollados en las mangas<\/p>\n<p style=\"text-align: justify;\">C\u00f3mo ver\u00e1n, y de acuerdo con las pr\u00e1cticas recomendadas por Manuel Martin, los espa\u00f1oles tampoco se est\u00e1n tomando a la ligera el cuidado de salud y contagio de los trabajadores en el sector funerario, y muy especialmente, de aquellos que tienen a su cargo la manipulaci\u00f3n de los cad\u00e1veres. Las preguntas entonces son, \u00bfEst\u00e1n las empresas funerarias de Am\u00e9rica Latina preparadas para afrontar esta amenaza? \u00bfSe est\u00e1n preparando debidamente? \u00bfEst\u00e1n solicitando asesor\u00eda y apoyo de los profesionales correspondientes en materia de salubridad laboral? \u00bfC\u00f3mo las distintas organizaciones o asociaciones de los distintos \u00e1mbitos del sector funerario en Am\u00e9rica Latina se est\u00e1n preparando para instruir a sus miembros asociados?<\/p>\n<hr \/>\n<p><strong>Colaboraci\u00f3n: Camilo Andr\u00e9s Jaramillo Uribe.<br \/>\n<\/strong>Docente cursos de tanatopraxia ALPAR<\/p>\n","protected":false},"excerpt":{"rendered":"<p>El mundo moderno hace frente a la nueva pandemia: \u201cCOVID19 \u2013 Coronavirus\u201d y las consecuencias a nivel mundial van m\u00e1s all\u00e1 de la p\u00e9rdida de vidas. Carmen Olmeda, desde Espa\u00f1a, realiza una entrevista a Manuel Martin, quien aporta su visi\u00f3n y ha delineado un protocolo de procedimiento para el sector funerario de Espa\u00f1a para el [&hellip;]<\/p>\n","protected":false},"author":106,"featured_media":1513,"comment_status":"open","ping_status":"open","sticky":false,"template":"","format":"standard","meta":{"_et_pb_use_builder":"","_et_pb_old_content":"","_et_gb_content_width":"","footnotes":""},"categories":[3],"tags":[],"class_list":["post-1512","post","type-post","status-publish","format-standard","has-post-thumbnail","hentry","category-articulos"],"_links":{"self":[{"href":"https:\/\/alpar.com.co\/blog\/wp-json\/wp\/v2\/posts\/1512","targetHints":{"allow":["GET"]}}],"collection":[{"href":"https:\/\/alpar.com.co\/blog\/wp-json\/wp\/v2\/posts"}],"about":[{"href":"https:\/\/alpar.com.co\/blog\/wp-json\/wp\/v2\/types\/post"}],"author":[{"embeddable":true,"href":"https:\/\/alpar.com.co\/blog\/wp-json\/wp\/v2\/users\/106"}],"replies":[{"embeddable":true,"href":"https:\/\/alpar.com.co\/blog\/wp-json\/wp\/v2\/comments?post=1512"}],"version-history":[{"count":12,"href":"https:\/\/alpar.com.co\/blog\/wp-json\/wp\/v2\/posts\/1512\/revisions"}],"predecessor-version":[{"id":1525,"href":"https:\/\/alpar.com.co\/blog\/wp-json\/wp\/v2\/posts\/1512\/revisions\/1525"}],"wp:featuredmedia":[{"embeddable":true,"href":"https:\/\/alpar.com.co\/blog\/wp-json\/wp\/v2\/media\/1513"}],"wp:attachment":[{"href":"https:\/\/alpar.com.co\/blog\/wp-json\/wp\/v2\/media?parent=1512"}],"wp:term":[{"taxonomy":"category","embeddable":true,"href":"https:\/\/alpar.com.co\/blog\/wp-json\/wp\/v2\/categories?post=1512"},{"taxonomy":"post_tag","embeddable":true,"href":"https:\/\/alpar.com.co\/blog\/wp-json\/wp\/v2\/tags?post=1512"}],"curies":[{"name":"wp","href":"https:\/\/api.w.org\/{rel}","templated":true}]}}