{"id":1531,"date":"2020-03-05T10:12:59","date_gmt":"2020-03-05T15:12:59","guid":{"rendered":"http:\/\/alpar.com.co\/blog\/?p=1531"},"modified":"2020-03-06T11:24:29","modified_gmt":"2020-03-06T16:24:29","slug":"procedimiento-para-el-manejo-de-cadaveres-de-casos-por-covid-19","status":"publish","type":"post","link":"https:\/\/alpar.com.co\/blog\/procedimiento-para-el-manejo-de-cadaveres-de-casos-por-covid-19\/","title":{"rendered":"Procedimiento para el manejo de cad\u00e1veres de casos por COVID-19"},"content":{"rendered":"<p><iframe loading=\"lazy\" style=\"width: 100%; height: 900px;\" src=\"http:\/\/alpar.com.co\/blog\/wp-content\/uploads\/Procedimiento-para-el-manejo-de-cad\u00e1veres-de-casos-por-COVID-19.pdf\" width=\"300\" height=\"150\"><span style=\"display: inline-block; width: 0px; overflow: hidden; line-height: 0;\" data-mce-type=\"bookmark\" class=\"mce_SELRES_start\">\ufeff<\/span><\/iframe><\/p>\n<p style=\"text-align: justify;\">El Ministerio de Sanidad de Espa\u00f1a en uni\u00f3n con la Asociaci\u00f3n Espa\u00f1ola de Anatom\u00eda Patol\u00f3gica (SEAP), ha elaborado este documento con las recomendaciones sobre el manejo de los cad\u00e1veres de personas fallecidas por COVID-19 (SARS-CoV-2), en respuesta a la situaci\u00f3n epidemiol\u00f3gica actual y con el conocimiento disponible hasta la fecha. Aunque no hay evidencia s\u00f3lida hasta la fecha del riesgo de infecci\u00f3n a partir de cad\u00e1veres, de acuerdo con lo observado para otros virus respiratorios y por el principio de precauci\u00f3n, se considera que \u00e9stos podr\u00edan suponer un riesgo de infecci\u00f3n para las personas que entren en contacto directo con ellos.<br \/>\nEsta informaci\u00f3n podr\u00e1 ser revisadas ante cambios en el contexto o nuevas evidencias sobre el comportamiento del SARS-CoV-2.<\/p>\n","protected":false},"excerpt":{"rendered":"<p>\ufeff El Ministerio de Sanidad de Espa\u00f1a en uni\u00f3n con la Asociaci\u00f3n Espa\u00f1ola de Anatom\u00eda Patol\u00f3gica (SEAP), ha elaborado este documento con las recomendaciones sobre el manejo de los cad\u00e1veres de personas fallecidas por COVID-19 (SARS-CoV-2), en respuesta a la situaci\u00f3n epidemiol\u00f3gica actual y con el conocimiento disponible hasta la fecha. Aunque no hay evidencia [&hellip;]<\/p>\n","protected":false},"author":106,"featured_media":1535,"comment_status":"open","ping_status":"open","sticky":false,"template":"","format":"standard","meta":{"_et_pb_use_builder":"","_et_pb_old_content":"","_et_gb_content_width":"","footnotes":""},"categories":[5],"tags":[],"class_list":["post-1531","post","type-post","status-publish","format-standard","has-post-thumbnail","hentry","category-documentos"],"_links":{"self":[{"href":"https:\/\/alpar.com.co\/blog\/wp-json\/wp\/v2\/posts\/1531","targetHints":{"allow":["GET"]}}],"collection":[{"href":"https:\/\/alpar.com.co\/blog\/wp-json\/wp\/v2\/posts"}],"about":[{"href":"https:\/\/alpar.com.co\/blog\/wp-json\/wp\/v2\/types\/post"}],"author":[{"embeddable":true,"href":"https:\/\/alpar.com.co\/blog\/wp-json\/wp\/v2\/users\/106"}],"replies":[{"embeddable":true,"href":"https:\/\/alpar.com.co\/blog\/wp-json\/wp\/v2\/comments?post=1531"}],"version-history":[{"count":2,"href":"https:\/\/alpar.com.co\/blog\/wp-json\/wp\/v2\/posts\/1531\/revisions"}],"predecessor-version":[{"id":1536,"href":"https:\/\/alpar.com.co\/blog\/wp-json\/wp\/v2\/posts\/1531\/revisions\/1536"}],"wp:featuredmedia":[{"embeddable":true,"href":"https:\/\/alpar.com.co\/blog\/wp-json\/wp\/v2\/media\/1535"}],"wp:attachment":[{"href":"https:\/\/alpar.com.co\/blog\/wp-json\/wp\/v2\/media?parent=1531"}],"wp:term":[{"taxonomy":"category","embeddable":true,"href":"https:\/\/alpar.com.co\/blog\/wp-json\/wp\/v2\/categories?post=1531"},{"taxonomy":"post_tag","embeddable":true,"href":"https:\/\/alpar.com.co\/blog\/wp-json\/wp\/v2\/tags?post=1531"}],"curies":[{"name":"wp","href":"https:\/\/api.w.org\/{rel}","templated":true}]}}