{"id":1597,"date":"2020-04-17T08:25:45","date_gmt":"2020-04-17T13:25:45","guid":{"rendered":"http:\/\/alpar.com.co\/blog\/?p=1597"},"modified":"2020-04-17T11:10:12","modified_gmt":"2020-04-17T16:10:12","slug":"abogado-alfredo-gosalvez-este-virus-nos-ha-cambiado-la-forma-de-vivir-de-relacionarnos-y-de-morir","status":"publish","type":"post","link":"https:\/\/alpar.com.co\/blog\/abogado-alfredo-gosalvez-este-virus-nos-ha-cambiado-la-forma-de-vivir-de-relacionarnos-y-de-morir\/","title":{"rendered":"Abogado Alfredo Gos\u00e1lvez: \u00abEste virus nos ha cambiado la forma de vivir, de relacionarnos y de morir\u00bb"},"content":{"rendered":"<p style=\"text-align: justify;\">Para evitar nuevos focos de contagios masivos del COVID-19, en Espa\u00f1a han sido suspendidos los velatorios y funerales, sea cual sea la causa del fallecimiento. Esta medida se mantendr\u00e1 en vigencia hasta que se levante el estado de alarma. Una de las etapas m\u00e1s dolorosas que han tenido que vivir las familias que han perdido a sus seres queridos por el coronavirus es que no han podido acompa\u00f1arlos en sus \u00faltimos momentos ni tampoco darles un \u00faltimo adi\u00f3s. Desde este 30 de marzo se prohibieron todas las ceremonias funerales en el pa\u00eds y se estableci\u00f3 que m\u00e1ximo tres personas podr\u00edan acompa\u00f1ar a un fallecido durante su entierro.<\/p>\n<p style=\"text-align: justify;\">Para las familias ha supuesto un doble sufrimiento, y para los trabajadores y trabajadoras funerarias tambi\u00e9n. Son mujeres y hombres que, debido a esta emergencia sanitaria, han tenido que trabajar jornadas extenuantes de m\u00e1s de 16 horas continuas, sin d\u00edas de descanso, con una presi\u00f3n f\u00edsica y psicol\u00f3gica extrema y con la responsabilidad de mantenerse en pie para darle una digna despedida a las miles de v\u00edctimas que el COVID-19 ha dejado en Espa\u00f1a.<\/p>\n<p style=\"text-align: justify;\">Alfredo Gos\u00e1lvez, Secretario General de Asociaci\u00f3n Nacional de Empresas de Servicios Funerarios de Espa\u00f1a (Panasef) explica la situaci\u00f3n que atraviesan las funerarias:<\/p>\n<\/p>\n<div class=\"bajada\" style=\"text-align: left; padding-left: 40px;\">\n<p><strong>\u00bfCu\u00e1l es la situaci\u00f3n que se esta viviendo en las funerarias de Espa\u00f1a desde que empez\u00f3 esta crisis sanitaria por el coronavirus?<\/strong><em>\u2014Es un reto sin precedentes. Estamos viviendo un momento hist\u00f3rico. Yo creo que todo lo que nos ha tocado vivir saldr\u00e1 en los libros de historia.<\/em><\/p>\n<\/div>\n<div class=\"bajada\" style=\"text-align: left; padding-left: 40px;\">\n<p><em>Desde la Asociaci\u00f3n Nacional de Empresas de Servicios Funerarios de Espa\u00f1a lo que ahora mismo nos preocupa no es tanto el manejo de los cad\u00e1veres, porque entendemos que los protocolos que han dictado las autoridades son suficientemente seguros. Lo que nos preocupa es preservar a las familias y a nuestro personal funerario del entorno del fallecido para impedir la generaci\u00f3n de nuevos focos de contagios. Esto es nuestra principal prioridad.<\/em><\/p>\n<p><strong>\u00bfC\u00f3mo han cambiado las ceremonias funerarias con la llegada del coronavirus a Espa\u00f1a?<\/strong><\/p>\n<p><em>\u2014Este virus nos ha cambiado la forma de vivir, de relacionarnos y de morir. Antes, en las ceremonias de Espa\u00f1a vel\u00e1bamos a los fallecidos en unas salas que llamamos tanatorios y esto se prohibi\u00f3 desde hace semanas.<\/em><\/p>\n<\/div>\n<div class=\"bajada\" style=\"text-align: left; padding-left: 40px;\">\n<p><em>En la actualidad no se puede celebrar ninguna ceremonia de despedida al fallecido ni ning\u00fan funeral, y en el caso de los entierros solo se permite la asistencia de hasta un m\u00e1ximo de tres familiares. Tambi\u00e9n es verdad que las empresas est\u00e1n siendo responsables y lo cumplen. Pero justo ayer me contaban el caso de una madre que desped\u00eda a su esposo junto a sus tres hijos y la empresa funeraria no pod\u00eda decirle a ella o a alguno de sus hijos que se quedara fuera. Las empresas est\u00e1n acatando la norma con responsabilidad, pero es verdad que es doloroso porque nos han cambiado la forma de despedir a nuestros seres queridos.<\/em><\/p>\n<p><strong>\u00bfEs cierto que se est\u00e1n realizando ceremonias funerarias v\u00eda streaming?<\/strong><\/p>\n<p><em>\u2014S\u00ed, alguna empresa est\u00e1 ofreciendo este servicio, pero sin ir muy lejos, tambi\u00e9n hay muchas familias que est\u00e1n transmitiendo las ceremonias funerales a trav\u00e9s de sus celulares. En estos d\u00edas sal\u00eda por la televisi\u00f3n una familia que grababa con sus tel\u00e9fonos un funeral y los periodistas que estaban en el cementerio le preguntaron \u00bfpor qu\u00e9 est\u00e1n grabando? y ellos explicaban que no estaban grabando, sino retransmitiendo la ceremonia para que el resto de familiares, desde sus casas, pudieran acompa\u00f1arles.<\/em><\/p>\n<\/div>\n<div class=\"bajada\" style=\"text-align: left; padding-left: 40px;\">\n<p><strong>Al dolor de perder a un familiar se suma el dolor de no poder despedirlo \u00bfC\u00f3mo le ha afectado a las familias esta situaci\u00f3n?<\/strong><\/p>\n<p><em>\u2014Las familias, de verdad, que est\u00e1n teniendo una comprensi\u00f3n de la situaci\u00f3n y del problema muy grande, incluso m\u00e1s all\u00e1 de lo razonable. Todo el mundo se est\u00e1 comportando excepcionalmente bien, siendo muy comprensivos ante una situaci\u00f3n tan dif\u00edcil como es no poder despedirte de un ser querido. Hace poco el hijo del presidente del Real Madrid contaba que el \u00faltimo d\u00eda que vio a su padre fue cuando ingres\u00f3 en el hospital, luego muri\u00f3 y d\u00edas despu\u00e9s fue que recibi\u00f3 en su casa las cenizas. Muy doloroso.<\/em><br \/>\n<em>El repunte de actividad de estos d\u00edas, especialmente en Madrid y en Catalu\u00f1a, provoca un poco de retraso en la entrega de cenizas a los seres queridos. Yo quiero que nos entiendan porque as\u00ed como hay retrasos en los hospitales, tambi\u00e9n hay retrasos en las funerarias. Para que tengan una idea: en Madrid en un d\u00eda normal de marzo son 80 personas las que atendemos y los tres \u00faltimos d\u00edas estamos dando cifras de 300 fallecidos. Esto es multiplicar por cuatro, por cinco, la actividad de un d\u00eda normal.<\/em><\/p>\n<\/div>\n<div class=\"bajada\" style=\"text-align: left; padding-left: 40px;\">\n<p>&nbsp;<\/p>\n<p><strong>\u00bfLa cantidad de fallecidos que ustedes atienden coincide con las cifras de v\u00edctimas mortales que est\u00e1n dando las autoridades?<\/strong><\/p>\n<p><em>\u2014Es verdad que los n\u00fameros pueden ser un poco mayores porque hay muchos casos que no est\u00e1n confirmados, que no se les ha podido hacer una prueba y que no est\u00e1n confirmados.<\/em><\/p>\n<p><strong>\u00bfQu\u00e9 protocolos est\u00e1n siguiendo ustedes para proteger a los trabajadores funerarios para que no sean contagiados y tambi\u00e9n para contenerlos emocionalmente?<\/strong><\/p>\n<p><em>\u2014Por un lado estamos procurando que todas las empresas cuenten con los Equipos de Protecci\u00f3n Individual (EPI) suficientes para tratar a los fallecidos y no resulten contagiados, es decir, que trabajen con mascarillas, guantes y todo el equipo necesario.<\/em><br \/>\n<em>Ah\u00ed tenemos una pelea constante con la administraci\u00f3n porque este material no termina de llegar. Las empresas ten\u00edan mucho material porque hab\u00edan sido previsoras, pero claro, el n\u00famero de fallecidos en Madrid est\u00e1 haciendo que ese material no sea suficiente y las autoridades se tardan en hacernos llegar ese material. Por otro lado, hay un servicio de ayuda psicol\u00f3gica que las empresas est\u00e1n ofreciendo tanto a los familiares como a los trabajadores funerarios, porque son trabajadores que ahora mismo est\u00e1n realizando un gran esfuerzo f\u00edsico y emocional, y necesitan aliento y acompa\u00f1amiento psicol\u00f3gico.<\/em><\/p>\n<p><strong>\u00bfSe est\u00e1n trasladando cuerpos de Madrid a funerarias de otras regiones?<\/strong><\/p>\n<p><em>\u2014Todo el sector est\u00e1 poniendo a disposici\u00f3n de esta pandemia todas las infraestructuras y medios de los que disponemos a escala nacional. En Espa\u00f1a hay m\u00e1s de 2.500 instalaciones funerarias, con m\u00e1s de 7.000 salas de vela, con m\u00e1s de 450 hornos crematorios, entonces es cierto que en algunas ciudades cercanas a Madrid, en aquellos hornos y recursos que est\u00e1n disponibles se est\u00e1n destinando a paliar ese repunte de actividad que hay en localidades como Madrid o Barcelona.<\/em><\/p>\n<p><strong>\u00bfQu\u00e9 piensa de las dos morgues que se han desplegado en el Palacio de Hielo y en la Ciudad de la Justicia en Madrid para acoger a los fallecidos con coronavirus?<\/strong><\/p>\n<p><em>\u2014No ha habido un plan de coordinaci\u00f3n, ni siquiera han contado con los funerarios para montar esas morgues, que adem\u00e1s no est\u00e1n funcionando al 100% ni mucho menos.<\/em><\/p>\n<p><strong>Pero han permitido aligerar la carga.<\/strong><\/p>\n<p><em>\u2014Cualquier medida que vaya encaminada a atender este repunte de la actividad est\u00e1 bien, pero es verdad que nos ha faltado un plan y una coordinaci\u00f3n mucho m\u00e1s estrecha.<\/em><\/p>\n<p><strong>Desde el ministerio de Consumo se ha denunciado que algunas funerarias en Espa\u00f1a han aprovechado la pandemia del coronavirus para especular con el precio de sus servicios y por esa raz\u00f3n se prohibi\u00f3 el incremento de precios funerarios en medio de esta emergencia. \u00bfEso es as\u00ed? \u00bfQu\u00e9 responden ustedes?<\/strong><\/p>\n<p><em>\u2014Es cierto que aparecieron dos noticias de una funeraria en Madrid y otra en Barcelona que, al parecer, ten\u00eda alguna malinterpretaci\u00f3n en las facturas, pero las declaraciones del ministro son inexactas y no contrastadas. Esto no es verdad.<\/em><br \/>\n<em>Los precios siguen siendo los mismos antes y durante la pandemia, son p\u00fablicos y est\u00e1n a disposici\u00f3n de los ciudadanos y de las autoridades competentes. Nosotros mismos le hemos pedido al ministerio que dictara esta medida de regular, estabilizar los precios para evitar suspicacias y dar mayor seguridad jur\u00eddica y econ\u00f3mica a las familias. Creo que un caso aislado de una posible mala actuaci\u00f3n no puede poner en entredicho el nombre de los funerarios. Es necesario poner en valor la labor que est\u00e1n haciendo los trabajadores funerarios hoy en d\u00eda. Se est\u00e1n dejando la piel, algunos de ellos llevan 18 d\u00edas sin descanso, est\u00e1n haciendo jornadas de 14 y 16 horas, dej\u00e1ndose la vida y a veces est\u00e1n siendo un poco olvidados o menospreciados por las autoridades. Todo el sector funerario est\u00e1 dando el mil por mil para poder atender a todas las necesidades y a todas las familias. Es un equipo nacional de unas 12.000 personas que lo est\u00e1n dando todo.<\/em><\/p>\n<\/div>\n<div><\/div>\n<div class=\"cuerpo\" style=\"text-align: left;\">\n<hr \/>\n<p><strong><em>Tomado de:<\/em><\/strong><br \/>\n<em>NexNews (abril 7 de 2020). Abogado Alfredo Gos\u00e1lvez: \u00abEste virus nos ha cambiado la forma de vivir, de relacionarnos y de morir\u00bb. Recuperado de: <a href=\"http:\/\/portal.nexnews.cl\/showN?valor=UjE1ODU1NTc1UTU0NTgwNzM3ODg0Njk4Mjc4Njk4NDQ1NTA1MTQ5NTc1MDU3NTc1MjQ1NzM2ODgwNDU1NDUwNTU1NzUzNTI0OTUxUTQ0NDQ0NDQ0NDQ0NDQ0NDQ0Mg==\" target=\"_blank\" rel=\"noopener noreferrer\">http:\/\/portal.nexnews.cl\/\u00a0<\/a><\/em><\/p>\n<\/div>\n<div><em>Escitor por: Karen M\u00e9ndez Loffredo Sputnik<\/em><\/div>\n","protected":false},"excerpt":{"rendered":"<p>Para evitar nuevos focos de contagios masivos del COVID-19, en Espa\u00f1a han sido suspendidos los velatorios y funerales, sea cual sea la causa del fallecimiento. Esta medida se mantendr\u00e1 en vigencia hasta que se levante el estado de alarma. Una de las etapas m\u00e1s dolorosas que han tenido que vivir las familias que han perdido [&hellip;]<\/p>\n","protected":false},"author":106,"featured_media":1598,"comment_status":"open","ping_status":"open","sticky":false,"template":"","format":"standard","meta":{"_et_pb_use_builder":"","_et_pb_old_content":"","_et_gb_content_width":"","footnotes":""},"categories":[3],"tags":[],"class_list":["post-1597","post","type-post","status-publish","format-standard","has-post-thumbnail","hentry","category-articulos"],"_links":{"self":[{"href":"https:\/\/alpar.com.co\/blog\/wp-json\/wp\/v2\/posts\/1597","targetHints":{"allow":["GET"]}}],"collection":[{"href":"https:\/\/alpar.com.co\/blog\/wp-json\/wp\/v2\/posts"}],"about":[{"href":"https:\/\/alpar.com.co\/blog\/wp-json\/wp\/v2\/types\/post"}],"author":[{"embeddable":true,"href":"https:\/\/alpar.com.co\/blog\/wp-json\/wp\/v2\/users\/106"}],"replies":[{"embeddable":true,"href":"https:\/\/alpar.com.co\/blog\/wp-json\/wp\/v2\/comments?post=1597"}],"version-history":[{"count":7,"href":"https:\/\/alpar.com.co\/blog\/wp-json\/wp\/v2\/posts\/1597\/revisions"}],"predecessor-version":[{"id":1605,"href":"https:\/\/alpar.com.co\/blog\/wp-json\/wp\/v2\/posts\/1597\/revisions\/1605"}],"wp:featuredmedia":[{"embeddable":true,"href":"https:\/\/alpar.com.co\/blog\/wp-json\/wp\/v2\/media\/1598"}],"wp:attachment":[{"href":"https:\/\/alpar.com.co\/blog\/wp-json\/wp\/v2\/media?parent=1597"}],"wp:term":[{"taxonomy":"category","embeddable":true,"href":"https:\/\/alpar.com.co\/blog\/wp-json\/wp\/v2\/categories?post=1597"},{"taxonomy":"post_tag","embeddable":true,"href":"https:\/\/alpar.com.co\/blog\/wp-json\/wp\/v2\/tags?post=1597"}],"curies":[{"name":"wp","href":"https:\/\/api.w.org\/{rel}","templated":true}]}}