{"id":1606,"date":"2020-04-23T15:56:36","date_gmt":"2020-04-23T20:56:36","guid":{"rendered":"http:\/\/alpar.com.co\/blog\/?p=1606"},"modified":"2020-04-24T17:08:15","modified_gmt":"2020-04-24T22:08:15","slug":"campanas-en-pro-de-la-industria-de-cementerios-y-funerarias","status":"publish","type":"post","link":"https:\/\/alpar.com.co\/blog\/campanas-en-pro-de-la-industria-de-cementerios-y-funerarias\/","title":{"rendered":"Campa\u00f1as en pro de la Industria de Cementerios y funerarias"},"content":{"rendered":"<p style=\"text-align: justify;\">Empresas asociadas a ALPAR en 9 pa\u00edses y asociaciones internacionales de la Industria de Cementerios y Funerarias, ante la emergencia sanitaria mundial que se vive actualmente, han emprendido diversas campa\u00f1as de sensibilizaci\u00f3n sobre la Industria, sus marcas y la labor que ejercen todas las personas que sirven d\u00eda a d\u00eda a las familias en los momentos m\u00e1s tristes y dif\u00edciles.<\/p>\n<h2><strong>Exaltaci\u00f3n al profesional funerario:<\/strong><\/h2>\n<p>&nbsp;<\/p>\n<table border=\"0\" width=\"600\" align=\"center\">\n<tbody>\n<tr>\n<td style=\"text-align: center;\" width=\"200\"><strong>Casa Napolitano S.A.<br \/>\nArgentina<br \/>\n<\/strong><\/td>\n<td style=\"text-align: center;\" width=\"200\"><strong>Camposanto Parque de la Paz<br \/>\nEcuador<br \/>\n<\/strong><\/td>\n<td style=\"text-align: center;\" width=\"200\"><strong>Funeraria Campos de Paz<br \/>\nColombia<\/strong><\/td>\n<\/tr>\n<tr>\n<td width=\"200\"><div style=\"width: 200px;\" class=\"wp-video\"><video class=\"wp-video-shortcode\" id=\"video-1606-1\" width=\"200\" height=\"113\" poster=\"http:\/\/alpar.com.co\/blog\/wp-content\/uploads\/argentina-casa-napolitano.jpg\" preload=\"metadata\" controls=\"controls\"><source type=\"video\/mp4\" src=\"http:\/\/alpar.com.co\/blog\/wp-content\/uploads\/argentina-casa-napolitano.mp4?_=1\" \/><a href=\"http:\/\/alpar.com.co\/blog\/wp-content\/uploads\/argentina-casa-napolitano.mp4\">http:\/\/alpar.com.co\/blog\/wp-content\/uploads\/argentina-casa-napolitano.mp4<\/a><\/video><\/div><\/td>\n<td width=\"200\"><a href=\"http:\/\/alpar.com.co\/blog\/wp-content\/uploads\/ecuador-parque-de-la-paz.jpg\" target=\"_blank\" rel=\"noopener noreferrer\"><img loading=\"lazy\" decoding=\"async\" class=\"aligncenter wp-image-1656\" src=\"http:\/\/alpar.com.co\/blog\/wp-content\/uploads\/ecuador-parque-de-la-paz.jpg\" alt=\"\" width=\"200\" height=\"202\" \/><\/a><\/td>\n<td width=\"200\"><div style=\"width: 200px;\" class=\"wp-video\"><video class=\"wp-video-shortcode\" id=\"video-1606-2\" width=\"200\" height=\"250\" poster=\"http:\/\/alpar.com.co\/blog\/wp-content\/uploads\/camposdepaz-200250.jpg\" preload=\"auto\" controls=\"controls\"><source type=\"video\/mp4\" src=\"http:\/\/alpar.com.co\/blog\/wp-content\/uploads\/Colombia-Campos-de-Paz.mp4?_=2\" \/><a href=\"http:\/\/alpar.com.co\/blog\/wp-content\/uploads\/Colombia-Campos-de-Paz.mp4\">http:\/\/alpar.com.co\/blog\/wp-content\/uploads\/Colombia-Campos-de-Paz.mp4<\/a><\/video><\/div><\/td>\n<\/tr>\n<tr>\n<td style=\"text-align: center;\" width=\"200\"><strong>Funeraria Hogar de Cristo<br \/>\nChile<\/strong><\/td>\n<td style=\"text-align: center;\" width=\"200\"><strong>Grupo Plenitud<\/strong><br \/>\n<strong>Colombia<\/strong><\/td>\n<td style=\"text-align: center;\" width=\"200\"><strong>INVERSIONES MUYA SAC. Camposanto Ecol\u00f3gico Esperanza Eterna<\/strong><br \/>\n<strong>Per\u00fa<\/strong><\/td>\n<\/tr>\n<tr>\n<td style=\"text-align: center;\" width=\"200\"><div style=\"width: 200px;\" class=\"wp-video\"><video class=\"wp-video-shortcode\" id=\"video-1606-3\" width=\"200\" height=\"112\" poster=\"http:\/\/alpar.com.co\/blog\/wp-content\/uploads\/chile-funeraria-del-hogar-de-crito.jpg\" preload=\"metadata\" controls=\"controls\"><source type=\"video\/mp4\" src=\"http:\/\/alpar.com.co\/blog\/wp-content\/uploads\/chile-hogar-de-cristo.mp4?_=3\" \/><a href=\"http:\/\/alpar.com.co\/blog\/wp-content\/uploads\/chile-hogar-de-cristo.mp4\">http:\/\/alpar.com.co\/blog\/wp-content\/uploads\/chile-hogar-de-cristo.mp4<\/a><\/video><\/div><\/td>\n<td style=\"text-align: center;\" width=\"200\"><a href=\"http:\/\/alpar.com.co\/blog\/wp-content\/uploads\/Colombia-Plenitud.png\" target=\"_blank\" rel=\"noopener noreferrer\"><img loading=\"lazy\" decoding=\"async\" class=\"aligncenter wp-image-1653\" src=\"http:\/\/alpar.com.co\/blog\/wp-content\/uploads\/Colombia-Plenitud.png\" alt=\"\" width=\"200\" height=\"212\" \/><\/a><\/td>\n<td width=\"200\"><a href=\"http:\/\/alpar.com.co\/blog\/wp-content\/uploads\/Peru-Camposanto-esperanza-eterna.jpg\" target=\"_blank\" rel=\"noopener noreferrer\"><img loading=\"lazy\" decoding=\"async\" class=\"aligncenter wp-image-1662\" src=\"http:\/\/alpar.com.co\/blog\/wp-content\/uploads\/Peru-Camposanto-esperanza-eterna.jpg\" alt=\"\" width=\"200\" height=\"130\" \/><\/a><\/td>\n<\/tr>\n<tr>\n<td style=\"text-align: center;\" width=\"200\"><strong>Jardines de Esperanza<\/strong><br \/>\n<strong>Ecuador<\/strong><\/td>\n<td style=\"text-align: center;\" width=\"200\"><strong>Jardines de la Paz<\/strong><br \/>\n<strong>Per\u00fa<\/strong><\/td>\n<td width=\"200\">\n<p style=\"text-align: center;\"><strong>Jardines del Valle<\/strong><br \/>\n<strong>Ecuador<\/strong><\/p>\n<\/td>\n<\/tr>\n<tr>\n<td style=\"text-align: center;\" width=\"200\"><a href=\"http:\/\/alpar.com.co\/blog\/wp-content\/uploads\/ecuador-jardinesdeesperanza.jpg\" target=\"_blank\" rel=\"noopener noreferrer\"><img loading=\"lazy\" decoding=\"async\" class=\"aligncenter wp-image-1633\" src=\"http:\/\/alpar.com.co\/blog\/wp-content\/uploads\/ecuador-jardinesdeesperanza.jpg\" alt=\"\" width=\"200\" height=\"201\" \/><\/a><\/td>\n<td style=\"text-align: center;\" width=\"200\"><a href=\"http:\/\/alpar.com.co\/blog\/wp-content\/uploads\/peru-jardines-de-la-paz.jpg\" target=\"_blank\" rel=\"noopener noreferrer\"><img loading=\"lazy\" decoding=\"async\" class=\"aligncenter wp-image-1663\" src=\"http:\/\/alpar.com.co\/blog\/wp-content\/uploads\/peru-jardines-de-la-paz.jpg\" alt=\"\" width=\"200\" height=\"200\" \/><\/a><\/td>\n<td width=\"200\">\n<p style=\"text-align: center;\"><a href=\"http:\/\/alpar.com.co\/blog\/wp-content\/uploads\/Ecuador-Jardines-del-valle.jpg\" target=\"_blank\" rel=\"noopener noreferrer\"><img loading=\"lazy\" decoding=\"async\" class=\"aligncenter wp-image-1655\" src=\"http:\/\/alpar.com.co\/blog\/wp-content\/uploads\/Ecuador-Jardines-del-valle.jpg\" alt=\"\" width=\"200\" height=\"199\" \/><\/a><\/p>\n<\/td>\n<\/tr>\n<tr>\n<td style=\"text-align: center;\" width=\"200\"><strong>Jardines La Colina S.A.S<\/strong><br \/>\n<strong>Colombia<\/strong><\/td>\n<td style=\"text-align: center;\" width=\"200\"><strong>La Ascensi\u00f3n S.A.<\/strong><br \/>\n<strong>Colombia<\/strong><\/td>\n<td style=\"text-align: center;\" width=\"200\"><strong>La Aurora Funerales y Capillas<\/strong><br \/>\n<strong>Colombia<\/strong><\/td>\n<\/tr>\n<tr>\n<td style=\"text-align: center;\" width=\"200\"><a href=\"http:\/\/alpar.com.co\/blog\/wp-content\/uploads\/Colombia-La-Colina.jpg\" target=\"_blank\" rel=\"noopener noreferrer\"><img loading=\"lazy\" decoding=\"async\" class=\"aligncenter wp-image-1651\" src=\"http:\/\/alpar.com.co\/blog\/wp-content\/uploads\/Colombia-La-Colina.jpg\" alt=\"\" width=\"200\" height=\"244\" \/><\/a><\/td>\n<td style=\"text-align: center;\" width=\"200\"><a href=\"http:\/\/alpar.com.co\/blog\/wp-content\/uploads\/Colombia-La-Asencion.jpg\" target=\"_blank\" rel=\"noopener noreferrer\"><img loading=\"lazy\" decoding=\"async\" class=\"aligncenter wp-image-1650\" src=\"http:\/\/alpar.com.co\/blog\/wp-content\/uploads\/Colombia-La-Asencion.jpg\" alt=\"\" width=\"200\" height=\"200\" \/><\/a><\/td>\n<td width=\"200\">\n<p style=\"text-align: center;\"><a href=\"http:\/\/alpar.com.co\/blog\/wp-content\/uploads\/colombia-La-Aurora.jpg\" target=\"_blank\" rel=\"noopener noreferrer\"><img loading=\"lazy\" decoding=\"async\" class=\"aligncenter wp-image-1652\" src=\"http:\/\/alpar.com.co\/blog\/wp-content\/uploads\/colombia-La-Aurora.jpg\" alt=\"\" width=\"200\" height=\"201\" \/><\/a><\/p>\n<\/td>\n<\/tr>\n<tr>\n<td style=\"text-align: center;\" width=\"200\"><strong>La Ofrenda S.A.<br \/>\nColombia<\/strong><\/td>\n<td style=\"text-align: center;\" width=\"200\"><strong>Organizaci\u00f3n San Francisco.<br \/>\nColombia<\/strong><\/td>\n<td style=\"text-align: center;\" width=\"200\"><strong>Parque Cementerio Puerta del Cielo<br \/>\nRep\u00fablica Dominicana<\/strong><\/td>\n<\/tr>\n<tr>\n<td style=\"text-align: center;\" width=\"200\"><a href=\"http:\/\/alpar.com.co\/blog\/wp-content\/uploads\/Colombia-La-Ofrenda.jpg\" target=\"_blank\" rel=\"noopener noreferrer\"><img loading=\"lazy\" decoding=\"async\" class=\"aligncenter wp-image-1624\" src=\"http:\/\/alpar.com.co\/blog\/wp-content\/uploads\/Colombia-La-Ofrenda.jpg\" alt=\"\" width=\"200\" height=\"185\" \/><\/a><\/td>\n<td style=\"text-align: center;\" width=\"200\"><div style=\"width: 200px;\" class=\"wp-video\"><video class=\"wp-video-shortcode\" id=\"video-1606-4\" width=\"200\" height=\"110\" poster=\"http:\/\/alpar.com.co\/blog\/wp-content\/uploads\/orgsanfrancisco.jpg\" preload=\"auto\" controls=\"controls\"><source type=\"video\/mp4\" src=\"http:\/\/alpar.com.co\/blog\/wp-content\/uploads\/Colombia-Organizacion-San-Francisco.mp4?_=4\" \/><a href=\"http:\/\/alpar.com.co\/blog\/wp-content\/uploads\/Colombia-Organizacion-San-Francisco.mp4\">http:\/\/alpar.com.co\/blog\/wp-content\/uploads\/Colombia-Organizacion-San-Francisco.mp4<\/a><\/video><\/div><\/td>\n<td width=\"200\"><a href=\"http:\/\/alpar.com.co\/blog\/wp-content\/uploads\/RepDomin-Puerta-del-cielo.jpg\" target=\"_blank\" rel=\"noopener noreferrer\"><img loading=\"lazy\" decoding=\"async\" class=\"aligncenter wp-image-1644\" src=\"http:\/\/alpar.com.co\/blog\/wp-content\/uploads\/RepDomin-Puerta-del-cielo.jpg\" alt=\"\" width=\"200\" height=\"200\" \/><\/a><\/td>\n<\/tr>\n<tr>\n<td style=\"text-align: center;\" width=\"200\"><strong>Parques y Jardines de Cuscatl\u00e1n S.A. de C.V. y Brillat S.A. de C.V.<\/strong><br \/>\n<strong>El Salvador<\/strong><\/td>\n<td style=\"text-align: center;\" width=\"200\"><strong>Previsi\u00f3n Exequial La Esperanza Cia. Ltda.<br \/>\nEcuador<\/strong><\/td>\n<td width=\"200\">\n<p style=\"text-align: center;\"><strong>Se\u00f1oriales Corporaci\u00f3n de Servicio<br \/>\nGuatemala<\/strong><\/p>\n<\/td>\n<\/tr>\n<tr>\n<td style=\"text-align: center;\" width=\"200\"><a href=\"http:\/\/alpar.com.co\/blog\/wp-content\/uploads\/El-Salvador.jpg\" target=\"_blank\" rel=\"noopener noreferrer\"><img loading=\"lazy\" decoding=\"async\" class=\"aligncenter wp-image-1657\" src=\"http:\/\/alpar.com.co\/blog\/wp-content\/uploads\/El-Salvador.jpg\" alt=\"\" width=\"200\" height=\"200\" \/><\/a><\/td>\n<td style=\"text-align: center;\" width=\"200\"><div style=\"width: 200px;\" class=\"wp-video\"><video class=\"wp-video-shortcode\" id=\"video-1606-5\" width=\"200\" height=\"200\" poster=\"http:\/\/alpar.com.co\/blog\/wp-content\/uploads\/ecuador-funeraria-jaramillo.jpg\" preload=\"metadata\" controls=\"controls\"><source type=\"video\/mp4\" src=\"http:\/\/alpar.com.co\/blog\/wp-content\/uploads\/ecuador-funeraria-jaramillo.mp4?_=5\" \/><a href=\"http:\/\/alpar.com.co\/blog\/wp-content\/uploads\/ecuador-funeraria-jaramillo.mp4\">http:\/\/alpar.com.co\/blog\/wp-content\/uploads\/ecuador-funeraria-jaramillo.mp4<\/a><\/video><\/div><\/td>\n<td width=\"200\"><div style=\"width: 200px;\" class=\"wp-video\"><video class=\"wp-video-shortcode\" id=\"video-1606-6\" width=\"200\" height=\"200\" poster=\"http:\/\/alpar.com.co\/blog\/wp-content\/uploads\/se\u00f1oriales200250.jpg\" preload=\"auto\" controls=\"controls\"><source type=\"video\/mp4\" src=\"http:\/\/alpar.com.co\/Guatemala-Se\u00f1oriales-artista%20de%20servicio.mp4?_=6\" \/><a href=\"http:\/\/alpar.com.co\/Guatemala-Se\u00f1oriales-artista%20de%20servicio.mp4\">http:\/\/alpar.com.co\/Guatemala-Se\u00f1oriales-artista%20de%20servicio.mp4<\/a><\/video><\/div><\/td>\n<\/tr>\n<tr>\n<td style=\"text-align: center;\" width=\"200\"><strong>Sortem Delivery<\/strong><br \/>\n<strong>Espa\u00f1a<\/strong><\/td>\n<td style=\"text-align: center;\" width=\"200\"><strong>National Funeral Directors Association NFDA<\/strong><br \/>\n<strong>Estados Unidos<\/strong><\/td>\n<td style=\"text-align: center;\" width=\"200\"><strong>C\u00e1mara de Empresas Servicios Funerarios y Afines<\/strong><br \/>\n<strong>Argentina<\/strong><\/td>\n<\/tr>\n<tr>\n<td width=\"200\"><a href=\"http:\/\/alpar.com.co\/blog\/wp-content\/uploads\/Espa\u00f1a-Sortem.png\" target=\"_blank\" rel=\"noopener noreferrer\"><img loading=\"lazy\" decoding=\"async\" class=\"aligncenter wp-image-1659\" src=\"http:\/\/alpar.com.co\/blog\/wp-content\/uploads\/Espa\u00f1a-Sortem.png\" alt=\"\" width=\"200\" height=\"168\" srcset=\"https:\/\/alpar.com.co\/blog\/wp-content\/uploads\/Espa\u00f1a-Sortem.png 940w, https:\/\/alpar.com.co\/blog\/wp-content\/uploads\/Espa\u00f1a-Sortem-300x251.png 300w, https:\/\/alpar.com.co\/blog\/wp-content\/uploads\/Espa\u00f1a-Sortem-768x644.png 768w, https:\/\/alpar.com.co\/blog\/wp-content\/uploads\/Espa\u00f1a-Sortem-480x402.png 480w\" sizes=\"(max-width: 200px) 100vw, 200px\" \/><\/a><\/td>\n<td width=\"200\"><div style=\"width: 200px;\" class=\"wp-video\"><video class=\"wp-video-shortcode\" id=\"video-1606-7\" width=\"200\" height=\"112\" poster=\"http:\/\/alpar.com.co\/blog\/wp-content\/uploads\/nfda.jpg\" preload=\"metadata\" controls=\"controls\"><source type=\"video\/mp4\" src=\"http:\/\/alpar.com.co\/blog\/wp-content\/uploads\/NFDA.mp4?_=7\" \/><a href=\"http:\/\/alpar.com.co\/blog\/wp-content\/uploads\/NFDA.mp4\">http:\/\/alpar.com.co\/blog\/wp-content\/uploads\/NFDA.mp4<\/a><\/video><\/div><\/td>\n<td width=\"200\"><div style=\"width: 200px;\" class=\"wp-video\"><video class=\"wp-video-shortcode\" id=\"video-1606-8\" width=\"200\" height=\"112\" poster=\"http:\/\/alpar.com.co\/blog\/wp-content\/uploads\/argentina-camara-de-empresas.jpg\" preload=\"metadata\" controls=\"controls\"><source type=\"video\/mp4\" src=\"http:\/\/alpar.com.co\/blog\/wp-content\/uploads\/argentina-camara-de-empresas.mp4?_=8\" \/><a href=\"http:\/\/alpar.com.co\/blog\/wp-content\/uploads\/argentina-camara-de-empresas.mp4\">http:\/\/alpar.com.co\/blog\/wp-content\/uploads\/argentina-camara-de-empresas.mp4<\/a><\/video><\/div><\/td>\n<\/tr>\n<tr>\n<td style=\"text-align: center;\" width=\"200\"><strong>Fadedsfya<br \/>\nArgentina<\/strong><\/td>\n<td style=\"text-align: center;\" width=\"200\"><strong>FADAF<br \/>\nArgentina<\/strong><\/td>\n<td style=\"text-align: center;\" width=\"200\"><strong>Panasef<br \/>\nEspa\u00f1a<\/strong><\/td>\n<\/tr>\n<tr>\n<td style=\"text-align: center;\" width=\"200\"><div style=\"width: 200px;\" class=\"wp-video\"><video class=\"wp-video-shortcode\" id=\"video-1606-9\" width=\"200\" height=\"112\" poster=\"http:\/\/alpar.com.co\/blog\/wp-content\/uploads\/fadedsfya.jpg\" preload=\"metadata\" controls=\"controls\"><source type=\"video\/mp4\" src=\"http:\/\/alpar.com.co\/blog\/wp-content\/uploads\/Argentina-Fadedsfya.mp4?_=9\" \/><a href=\"http:\/\/alpar.com.co\/blog\/wp-content\/uploads\/Argentina-Fadedsfya.mp4\">http:\/\/alpar.com.co\/blog\/wp-content\/uploads\/Argentina-Fadedsfya.mp4<\/a><\/video><\/div><\/td>\n<td style=\"text-align: center;\" width=\"200\"><div style=\"width: 200px;\" class=\"wp-video\"><video class=\"wp-video-shortcode\" id=\"video-1606-10\" width=\"200\" height=\"110\" poster=\"http:\/\/alpar.com.co\/blog\/wp-content\/uploads\/fadaf.jpg\" preload=\"metadata\" controls=\"controls\"><source type=\"video\/mp4\" src=\"http:\/\/alpar.com.co\/blog\/wp-content\/uploads\/Argencita-Asociacion-FADAF-1.mp4?_=10\" \/><a href=\"http:\/\/alpar.com.co\/blog\/wp-content\/uploads\/Argencita-Asociacion-FADAF-1.mp4\">http:\/\/alpar.com.co\/blog\/wp-content\/uploads\/Argencita-Asociacion-FADAF-1.mp4<\/a><\/video><\/div><\/td>\n<td style=\"text-align: center;\" width=\"200\"><iframe loading=\"lazy\" src=\"https:\/\/www.youtube.com\/embed\/Sxc2_ZbHdBo\" width=\"200\" height=\"112\" frameborder=\"0\" allowfullscreen=\"allowfullscreen\"><span style=\"display: inline-block; width: 0px; overflow: hidden; line-height: 0;\" data-mce-type=\"bookmark\" class=\"mce_SELRES_start\"><\/span><\/iframe><\/td>\n<\/tr>\n<tr>\n<td width=\"200\"><\/td>\n<td width=\"200\"><\/td>\n<td width=\"200\"><\/td>\n<\/tr>\n<\/tbody>\n<\/table>\n<h2><strong><br \/>\nCampa\u00f1as de marca:<\/strong><\/h2>\n<p>&nbsp;<\/p>\n<table border=\"0\" width=\"600\" align=\"center\">\n<tbody>\n<tr>\n<td style=\"text-align: center;\" width=\"200\"><strong>Asociaci\u00f3n Civil San Juan Bautista<\/strong><\/td>\n<td style=\"text-align: center;\" width=\"200\"><strong>Cementerio Las Flores<br \/>\nGuatemala<\/strong><\/td>\n<td style=\"text-align: center;\" width=\"200\"><strong>Funerales Las Flores S.A.<br \/>\nEl Salvador<\/strong><\/td>\n<\/tr>\n<tr>\n<td width=\"200\"><div style=\"width: 200px;\" class=\"wp-video\"><video class=\"wp-video-shortcode\" id=\"video-1606-11\" width=\"200\" height=\"113\" poster=\"http:\/\/alpar.com.co\/blog\/wp-content\/uploads\/peru-parque-del-recuerdo.jpg\" preload=\"metadata\" controls=\"controls\"><source type=\"video\/mp4\" src=\"http:\/\/alpar.com.co\/blog\/wp-content\/uploads\/Peru-Parque-del-recuerdo.mp4?_=11\" \/><a href=\"http:\/\/alpar.com.co\/blog\/wp-content\/uploads\/Peru-Parque-del-recuerdo.mp4\">http:\/\/alpar.com.co\/blog\/wp-content\/uploads\/Peru-Parque-del-recuerdo.mp4<\/a><\/video><\/div><\/td>\n<td width=\"200\"><div style=\"width: 200px;\" class=\"wp-video\"><video class=\"wp-video-shortcode\" id=\"video-1606-12\" width=\"200\" height=\"113\" poster=\"http:\/\/alpar.com.co\/blog\/wp-content\/uploads\/guatemala-cementerio-las-flores.jpg\" preload=\"metadata\" controls=\"controls\"><source type=\"video\/mp4\" src=\"http:\/\/alpar.com.co\/blog\/wp-content\/uploads\/Guatemala-funerales-las-flores.mp4?_=12\" \/><a href=\"http:\/\/alpar.com.co\/blog\/wp-content\/uploads\/Guatemala-funerales-las-flores.mp4\">http:\/\/alpar.com.co\/blog\/wp-content\/uploads\/Guatemala-funerales-las-flores.mp4<\/a><\/video><\/div><\/td>\n<td width=\"200\"><div style=\"width: 200px;\" class=\"wp-video\"><video class=\"wp-video-shortcode\" id=\"video-1606-13\" width=\"200\" height=\"112\" poster=\"http:\/\/alpar.com.co\/blog\/wp-content\/uploads\/elsalvador-gruporesurreccion.jpg\" preload=\"metadata\" controls=\"controls\"><source type=\"video\/mp4\" src=\"http:\/\/alpar.com.co\/blog\/wp-content\/uploads\/elsalvador-gruporesurreccion.mp4?_=13\" \/><a href=\"http:\/\/alpar.com.co\/blog\/wp-content\/uploads\/elsalvador-gruporesurreccion.mp4\">http:\/\/alpar.com.co\/blog\/wp-content\/uploads\/elsalvador-gruporesurreccion.mp4<\/a><\/video><\/div><\/td>\n<\/tr>\n<tr>\n<td style=\"text-align: center;\" width=\"200\"><strong>Funeraria Blandino<br \/>\nRep\u00fablica Dominicana<\/strong><\/td>\n<td style=\"text-align: center;\" width=\"200\"><strong>Grupo Funerario Iv\u00e1n Mart\u00ednez<\/strong><br \/>\n<strong>Chile<\/strong><\/td>\n<td style=\"text-align: center;\" width=\"200\"><strong>Grupo Recordar<br \/>\nColombia<\/strong><\/td>\n<\/tr>\n<tr>\n<td style=\"text-align: center;\" width=\"200\"><div style=\"width: 200px;\" class=\"wp-video\"><video class=\"wp-video-shortcode\" id=\"video-1606-14\" width=\"200\" height=\"250\" poster=\"http:\/\/alpar.com.co\/blog\/wp-content\/uploads\/rep-domin-blandino.jpg\" preload=\"metadata\" controls=\"controls\"><source type=\"video\/mp4\" src=\"http:\/\/alpar.com.co\/blog\/wp-content\/uploads\/RepDomin-blandino.mp4?_=14\" \/><a href=\"http:\/\/alpar.com.co\/blog\/wp-content\/uploads\/RepDomin-blandino.mp4\">http:\/\/alpar.com.co\/blog\/wp-content\/uploads\/RepDomin-blandino.mp4<\/a><\/video><\/div><\/td>\n<td style=\"text-align: center;\" width=\"200\"><div style=\"width: 200px;\" class=\"wp-video\"><video class=\"wp-video-shortcode\" id=\"video-1606-15\" width=\"200\" height=\"112\" poster=\"http:\/\/alpar.com.co\/blog\/wp-content\/uploads\/chile-ivan-martinez.jpg\" preload=\"metadata\" controls=\"controls\"><source type=\"video\/mp4\" src=\"http:\/\/alpar.com.co\/blog\/wp-content\/uploads\/chila-ivan-martinez.mp4?_=15\" \/><a href=\"http:\/\/alpar.com.co\/blog\/wp-content\/uploads\/chila-ivan-martinez.mp4\">http:\/\/alpar.com.co\/blog\/wp-content\/uploads\/chila-ivan-martinez.mp4<\/a><\/video><\/div><\/td>\n<td width=\"200\"><div style=\"width: 200px;\" class=\"wp-video\"><video class=\"wp-video-shortcode\" id=\"video-1606-16\" width=\"200\" height=\"200\" poster=\"http:\/\/alpar.com.co\/blog\/wp-content\/uploads\/gruporecordar.jpg\" preload=\"auto\" controls=\"controls\"><source type=\"video\/mp4\" src=\"http:\/\/alpar.com.co\/blog\/wp-content\/uploads\/Colombia-Grupo-Recordar.mp4?_=16\" \/><a href=\"http:\/\/alpar.com.co\/blog\/wp-content\/uploads\/Colombia-Grupo-Recordar.mp4\">http:\/\/alpar.com.co\/blog\/wp-content\/uploads\/Colombia-Grupo-Recordar.mp4<\/a><\/video><\/div><\/td>\n<\/tr>\n<tr>\n<td style=\"text-align: center;\" width=\"200\">\n<p style=\"text-align: center;\"><strong>Jard\u00edn Memorial C.A.<\/strong><br \/>\n<strong>Rep\u00fablica Dominicana<\/strong><\/p>\n<\/td>\n<td style=\"text-align: center;\" width=\"200\"><strong>Parque del Mar<\/strong><br \/>\n<strong>Chile<\/strong><\/td>\n<td style=\"text-align: center;\" width=\"200\"><\/td>\n<\/tr>\n<tr>\n<td width=\"200\"><div style=\"width: 200px;\" class=\"wp-video\"><video class=\"wp-video-shortcode\" id=\"video-1606-17\" width=\"200\" height=\"200\" poster=\"http:\/\/alpar.com.co\/blog\/wp-content\/uploads\/rep-domin-memorial.jpg\" preload=\"metadata\" controls=\"controls\"><source type=\"video\/mp4\" src=\"http:\/\/alpar.com.co\/blog\/wp-content\/uploads\/RepDomin-Memorial.mp4?_=17\" \/><a href=\"http:\/\/alpar.com.co\/blog\/wp-content\/uploads\/RepDomin-Memorial.mp4\">http:\/\/alpar.com.co\/blog\/wp-content\/uploads\/RepDomin-Memorial.mp4<\/a><\/video><\/div><\/p>\n<p style=\"text-align: center;\">\n<\/td>\n<td style=\"text-align: center;\" width=\"200\"><div style=\"width: 200px;\" class=\"wp-video\"><video class=\"wp-video-shortcode\" id=\"video-1606-18\" width=\"200\" height=\"112\" poster=\"http:\/\/alpar.com.co\/blog\/wp-content\/uploads\/chile-paquedelmar.jpg\" preload=\"metadata\" controls=\"controls\"><source type=\"video\/mp4\" src=\"http:\/\/alpar.com.co\/blog\/wp-content\/uploads\/Chile-PArque-del-Mar.mp4?_=18\" \/><a href=\"http:\/\/alpar.com.co\/blog\/wp-content\/uploads\/Chile-PArque-del-Mar.mp4\">http:\/\/alpar.com.co\/blog\/wp-content\/uploads\/Chile-PArque-del-Mar.mp4<\/a><\/video><\/div><\/td>\n<td style=\"text-align: center;\" width=\"200\"><\/td>\n<\/tr>\n<\/tbody>\n<\/table>\n<p style=\"text-align: justify;\">As\u00ed mismo, desde ALPAR hemos iniciado una campa\u00f1a de valoraci\u00f3n y reconocimiento a la profesi\u00f3n del funerario, con mensajes de motivaci\u00f3n y reconocimiento a la gesti\u00f3n que desarrollamos las personas que tenemos el privilegio de servir a empresas de la Industria de Cementerios y Funerarias. A trav\u00e9s de correo electr\u00f3nico y redes sociales <strong>(<a href=\"https:\/\/www.facebook.com\/alpar.asociacion\" target=\"_blank\" rel=\"noopener noreferrer\">Facebook<\/a> e <a href=\"https:\/\/www.instagram.com\/alpar.asociacion\/\" target=\"_blank\" rel=\"noopener noreferrer\">Instagram<\/a>: <em>@alpar.asociacion<\/em>)<\/strong> publicamos estos mensajes con el objetivo que sean replicados a los equipos de colaboradores de las empresas de la Industria, al igual que en grupos de WhatsApp, redes sociales empresariales y personales, junto a los hashtags:<br \/>\n<em>#SomosFunerarios #H\u00e9roesFunerarios #GraciasFunerarios #ServimosHastaElFinal<\/em><\/p>\n","protected":false},"excerpt":{"rendered":"<p>Empresas asociadas a ALPAR en 9 pa\u00edses y asociaciones internacionales de la Industria de Cementerios y Funerarias, ante la emergencia sanitaria mundial que se vive actualmente, han emprendido diversas campa\u00f1as de sensibilizaci\u00f3n sobre la Industria, sus marcas y la labor que ejercen todas las personas que sirven d\u00eda a d\u00eda a las familias en los [&hellip;]<\/p>\n","protected":false},"author":106,"featured_media":1697,"comment_status":"open","ping_status":"open","sticky":false,"template":"","format":"standard","meta":{"_et_pb_use_builder":"","_et_pb_old_content":"","_et_gb_content_width":"","footnotes":""},"categories":[3],"tags":[],"class_list":["post-1606","post","type-post","status-publish","format-standard","has-post-thumbnail","hentry","category-articulos"],"_links":{"self":[{"href":"https:\/\/alpar.com.co\/blog\/wp-json\/wp\/v2\/posts\/1606","targetHints":{"allow":["GET"]}}],"collection":[{"href":"https:\/\/alpar.com.co\/blog\/wp-json\/wp\/v2\/posts"}],"about":[{"href":"https:\/\/alpar.com.co\/blog\/wp-json\/wp\/v2\/types\/post"}],"author":[{"embeddable":true,"href":"https:\/\/alpar.com.co\/blog\/wp-json\/wp\/v2\/users\/106"}],"replies":[{"embeddable":true,"href":"https:\/\/alpar.com.co\/blog\/wp-json\/wp\/v2\/comments?post=1606"}],"version-history":[{"count":30,"href":"https:\/\/alpar.com.co\/blog\/wp-json\/wp\/v2\/posts\/1606\/revisions"}],"predecessor-version":[{"id":1696,"href":"https:\/\/alpar.com.co\/blog\/wp-json\/wp\/v2\/posts\/1606\/revisions\/1696"}],"wp:featuredmedia":[{"embeddable":true,"href":"https:\/\/alpar.com.co\/blog\/wp-json\/wp\/v2\/media\/1697"}],"wp:attachment":[{"href":"https:\/\/alpar.com.co\/blog\/wp-json\/wp\/v2\/media?parent=1606"}],"wp:term":[{"taxonomy":"category","embeddable":true,"href":"https:\/\/alpar.com.co\/blog\/wp-json\/wp\/v2\/categories?post=1606"},{"taxonomy":"post_tag","embeddable":true,"href":"https:\/\/alpar.com.co\/blog\/wp-json\/wp\/v2\/tags?post=1606"}],"curies":[{"name":"wp","href":"https:\/\/api.w.org\/{rel}","templated":true}]}}