{"id":1701,"date":"2020-04-29T17:28:56","date_gmt":"2020-04-29T22:28:56","guid":{"rendered":"http:\/\/alpar.com.co\/blog\/?p=1701"},"modified":"2020-04-30T15:29:32","modified_gmt":"2020-04-30T20:29:32","slug":"servicios-funerario-y-velatorios-por-internet-en-tiempos-de-aislamiento","status":"publish","type":"post","link":"https:\/\/alpar.com.co\/blog\/servicios-funerario-y-velatorios-por-internet-en-tiempos-de-aislamiento\/","title":{"rendered":"Servicios funerarios y velatorios por internet en tiempos de aislamiento"},"content":{"rendered":"\r\n<p style=\"text-align: justify;\"><br \/>La crisis sanitaria originada a partir de la pandemia COVID-19, ha cambiado los estilos de vida en el \u00e1mbito mundial y ha hecho que todos los sectores empresariales empiecen a repensar y transformar la forma como ofrecen sus servicios y productos, especialmente enfocando \u00e9stos en el uso de las tecnolog\u00edas y los servicios de internet. <br \/>La Industria de Cementerios y Funerarias no es la excepci\u00f3n y aunque en algunos pa\u00edses las empresas ya ofrec\u00edan servicios en l\u00ednea, como la transmisi\u00f3n de velaciones por internet. Hoy se ha vuelto m\u00e1s que un valor agregado, una necesidad, especialmente a ra\u00edz de las medidas tomadas por los gobiernos acerca de restringir el contacto entre las personas y evitar las aglomeraciones en espacios privados y p\u00fablicos, lo que hace que el proceso de velaci\u00f3n y las ceremonias de despedida tambi\u00e9n se limiten.<\/p>\r\n<p style=\"text-align: justify;\">\u201cUn funeral es apoyo a las familias para empezar un proceso de duelo adecuado\u201d. \u201cLa \u00faltima despedida de un ser querido es importante para todos\u201d, expresa Erika Maldonado, Gerente de Servicio, de Capillas Se\u00f1oriales (empresa asociada de ALPAR en Guatemala) a Juan Jos\u00e9 Muralles en su entrevista para <em>Relato <a href=\"https:\/\/www.relato.gt\/estilo-de-vida\/velatorios-virtuales-una-opcion-ante-la-crisis-sanitaria\" target=\"_blank\" rel=\"noopener noreferrer\">[Velatorios virtuales, una opci\u00f3n ante la crisis sanitaria]<\/a><\/em>, explicando la importancia que tiene para las personas realizar el proceso de velaci\u00f3n en compa\u00f1\u00eda de sus seres queridos. Y a\u00f1ade que \u201cla situaci\u00f3n nos est\u00e1 generando que la familia no tenga contacto con su difunto y que todo el proceso debe ser r\u00e1pido y bajo fuertes medidas de seguridad higi\u00e9nica\u201d por lo que han implementado los homenajes virtuales, como una ceremonia en honor al fallecido.<\/p>\r\n<p style=\"text-align: justify;\">Isabel Cristina Arango, Directora de la Unidad de Duelo de Funeraria San Vicente, empresa asociada de ALPAR en Colombia, complementa la entrevista a <em>Telediario <a href=\"https:\/\/www.rtve.es\/alacarta\/videos\/telediario\/colombia-organiza-velatorios-internet\/5555220\/\" target=\"_blank\" rel=\"noopener noreferrer\">[Colombia organiza velatorios y funerales por Internet]<\/a><\/em>, indicando que estas formas de despedidas virtuales son v\u00e1lidas para el proceso de duelo \u201c\u2026en la medida que las personas somos quienes hacemos los rituales. De esa manera, lo que depositemos en ese ritual, si esa es la forma en que logramos expresarnos, acompa\u00f1arnos, aceptar la realidad de la muerte, validar esa realidad, cualquier forma de ritualizaci\u00f3n, que tenga sentido para quien lo hace y para las personas que participen en ella, puede ser v\u00e1lida para su proceso de duelo\u201d.<\/p>\r\n<p style=\"text-align: justify;\">Esta nueva forma de servicios funerarios por internet, velatorios y despedidas a trav\u00e9s de ceremonias virtuales es una opci\u00f3n que las empresas de la Industria de Cementerios y Funerarias pueden ofrecer a las familias, para evitar que salgan de casa y adem\u00e1s les permite realizar el proceso de despedida con sus seres queridos, no solo en el tiempo que dure el aislamiento social, sino tambi\u00e9n proyect\u00e1ndolo como una realidad futura en la era digital.<\/p>\r\n\r\n\r\n\r\n\r\n<figure class=\"wp-block-embed-youtube wp-block-embed is-type-video is-provider-youtube wp-embed-aspect-16-9 wp-has-aspect-ratio\"><div class=\"wp-block-embed__wrapper\">\r\n<iframe loading=\"lazy\" title=\"Colombia organiza velatorios y funerales por Internet\" width=\"1080\" height=\"608\" src=\"https:\/\/www.youtube.com\/embed\/68wzFUdEbiU?feature=oembed\" frameborder=\"0\" allow=\"accelerometer; autoplay; encrypted-media; gyroscope; picture-in-picture\" allowfullscreen><\/iframe>\r\n<\/div><\/figure>\r\n\r\n\r\n\r\n<hr class=\"wp-block-separator\"\/>\r\n\r\n\r\n\r\n<p><strong>Fuentes:<\/strong><br \/>&#8211; TeleDiario (abril 10 de 2020). Colombia organiza velatorios y funerales por Internet. Recuperado de: <a href=\"https:\/\/www.rtve.es\/alacarta\/videos\/telediario\/colombia-organiza-velatorios-internet\/5555220\/\" target=\"_blank\" rel=\"noopener noreferrer\">www.rtve.es<\/a><br \/>&#8211; Relato. Velatorios virtuales, una opci\u00f3n ante la crisis sanitaria. Escrito por: Juan Jos\u00e9 Muralles. Recuperado de: <a href=\"https:\/\/www.relato.gt\/estilo-de-vida\/velatorios-virtuales-una-opcion-ante-la-crisis-sanitaria\" target=\"_blank\" rel=\"noopener noreferrer\">www.relato.gt<\/a><\/p>\r\n\r\n","protected":false},"excerpt":{"rendered":"<p>La crisis sanitaria originada a partir de la pandemia COVID-19, ha cambiado los estilos de vida en el \u00e1mbito mundial y ha hecho que todos los sectores empresariales empiecen a repensar y transformar la forma como ofrecen sus servicios y productos, especialmente enfocando \u00e9stos en el uso de las tecnolog\u00edas y los servicios de internet. [&hellip;]<\/p>\n","protected":false},"author":106,"featured_media":1707,"comment_status":"open","ping_status":"open","sticky":false,"template":"","format":"video","meta":{"_et_pb_use_builder":"off","_et_pb_old_content":"","_et_gb_content_width":"","footnotes":""},"categories":[4],"tags":[],"class_list":["post-1701","post","type-post","status-publish","format-video","has-post-thumbnail","hentry","category-videos","post_format-post-format-video"],"_links":{"self":[{"href":"https:\/\/alpar.com.co\/blog\/wp-json\/wp\/v2\/posts\/1701","targetHints":{"allow":["GET"]}}],"collection":[{"href":"https:\/\/alpar.com.co\/blog\/wp-json\/wp\/v2\/posts"}],"about":[{"href":"https:\/\/alpar.com.co\/blog\/wp-json\/wp\/v2\/types\/post"}],"author":[{"embeddable":true,"href":"https:\/\/alpar.com.co\/blog\/wp-json\/wp\/v2\/users\/106"}],"replies":[{"embeddable":true,"href":"https:\/\/alpar.com.co\/blog\/wp-json\/wp\/v2\/comments?post=1701"}],"version-history":[{"count":10,"href":"https:\/\/alpar.com.co\/blog\/wp-json\/wp\/v2\/posts\/1701\/revisions"}],"predecessor-version":[{"id":1712,"href":"https:\/\/alpar.com.co\/blog\/wp-json\/wp\/v2\/posts\/1701\/revisions\/1712"}],"wp:featuredmedia":[{"embeddable":true,"href":"https:\/\/alpar.com.co\/blog\/wp-json\/wp\/v2\/media\/1707"}],"wp:attachment":[{"href":"https:\/\/alpar.com.co\/blog\/wp-json\/wp\/v2\/media?parent=1701"}],"wp:term":[{"taxonomy":"category","embeddable":true,"href":"https:\/\/alpar.com.co\/blog\/wp-json\/wp\/v2\/categories?post=1701"},{"taxonomy":"post_tag","embeddable":true,"href":"https:\/\/alpar.com.co\/blog\/wp-json\/wp\/v2\/tags?post=1701"}],"curies":[{"name":"wp","href":"https:\/\/api.w.org\/{rel}","templated":true}]}}