{"id":1722,"date":"2020-05-14T16:44:08","date_gmt":"2020-05-14T21:44:08","guid":{"rendered":"http:\/\/alpar.com.co\/blog\/?p=1722"},"modified":"2020-05-15T09:27:23","modified_gmt":"2020-05-15T14:27:23","slug":"campana-virtual-para-homenajear-a-las-madres","status":"publish","type":"post","link":"https:\/\/alpar.com.co\/blog\/campana-virtual-para-homenajear-a-las-madres\/","title":{"rendered":"En Brasil, campa\u00f1a virtual para homenajear a las madres"},"content":{"rendered":"<p style=\"text-align: left;\">Parque Memorial de Goi\u00e2nia, empresa asociada de ALPAR en Goi\u00e2nia, Brasil, ha creado una campa\u00f1a titulada \u00abMadre, mi mejor canci\u00f3n\u00bb, que tiene como objetivo ofrecer a su p\u00fablico una forma virtual de honrar la memoria y recuerdos de sus madres, a trav\u00e9s de dedicatorias musicales en vivo.<\/p>\n<p style=\"text-align: left;\">En el desarrollo de la campa\u00f1a, cada domingo del mes de mayo, a trav\u00e9s de sus cuentas de <a href=\"https:\/\/www.instagram.com\/parquememorial\/\" target=\"_blank\" rel=\"noopener noreferrer\">Instagram<\/a> y <a href=\"https:\/\/www.youtube.com\/channel\/UCSms95qQoQCqQfsfn3uew_A\/featured\" target=\"_blank\" rel=\"noopener noreferrer\">canal de YouTube<\/a>, se hace la dedicatoria de una canci\u00f3n instrumentada con la menci\u00f3n de los nombres de la madre y las personas que realizan el homenaje.<\/p>\n<p style=\"text-align: left;\">Con esta campa\u00f1a se fomenta adem\u00e1s que las personas no salgan de casa y cuiden su salud, al tiempo realizan sus homenajes en el mes de las madres.<\/p>\n<p>&nbsp;<\/p>\n<h2 style=\"text-align: center;\"><strong>Bases para participar en la campa\u00f1a:<\/strong><\/h2>\n<p style=\"text-align: center;\">[envira-gallery id=\u00bb1724&#8243;]<\/p>\n<p>&nbsp;<\/p>\n<p><iframe loading=\"lazy\" title=\"Live Campanha Dia das M\u00e3es 2020\" width=\"1080\" height=\"608\" src=\"https:\/\/www.youtube.com\/embed\/igi8HgYvitU?start=453&#038;feature=oembed\" frameborder=\"0\" allow=\"accelerometer; autoplay; encrypted-media; gyroscope; picture-in-picture\" allowfullscreen><\/iframe><\/p>\n<hr \/>\n<p><strong>Un aporte de Parque Memorial de Goi\u00e2nia. Brasil.<\/strong><br \/>\nAsociado ALPAR.<\/p>\n","protected":false},"excerpt":{"rendered":"<p>Parque Memorial de Goi\u00e2nia, empresa asociada de ALPAR en Goi\u00e2nia, Brasil, ha creado una campa\u00f1a titulada \u00abMadre, mi mejor canci\u00f3n\u00bb, que tiene como objetivo ofrecer a su p\u00fablico una forma virtual de honrar la memoria y recuerdos de sus madres, a trav\u00e9s de dedicatorias musicales en vivo. En el desarrollo de la campa\u00f1a, cada domingo [&hellip;]<\/p>\n","protected":false},"author":106,"featured_media":1723,"comment_status":"open","ping_status":"open","sticky":false,"template":"","format":"standard","meta":{"_et_pb_use_builder":"","_et_pb_old_content":"","_et_gb_content_width":"","footnotes":""},"categories":[3,4],"tags":[],"class_list":["post-1722","post","type-post","status-publish","format-standard","has-post-thumbnail","hentry","category-articulos","category-videos"],"_links":{"self":[{"href":"https:\/\/alpar.com.co\/blog\/wp-json\/wp\/v2\/posts\/1722","targetHints":{"allow":["GET"]}}],"collection":[{"href":"https:\/\/alpar.com.co\/blog\/wp-json\/wp\/v2\/posts"}],"about":[{"href":"https:\/\/alpar.com.co\/blog\/wp-json\/wp\/v2\/types\/post"}],"author":[{"embeddable":true,"href":"https:\/\/alpar.com.co\/blog\/wp-json\/wp\/v2\/users\/106"}],"replies":[{"embeddable":true,"href":"https:\/\/alpar.com.co\/blog\/wp-json\/wp\/v2\/comments?post=1722"}],"version-history":[{"count":9,"href":"https:\/\/alpar.com.co\/blog\/wp-json\/wp\/v2\/posts\/1722\/revisions"}],"predecessor-version":[{"id":1736,"href":"https:\/\/alpar.com.co\/blog\/wp-json\/wp\/v2\/posts\/1722\/revisions\/1736"}],"wp:featuredmedia":[{"embeddable":true,"href":"https:\/\/alpar.com.co\/blog\/wp-json\/wp\/v2\/media\/1723"}],"wp:attachment":[{"href":"https:\/\/alpar.com.co\/blog\/wp-json\/wp\/v2\/media?parent=1722"}],"wp:term":[{"taxonomy":"category","embeddable":true,"href":"https:\/\/alpar.com.co\/blog\/wp-json\/wp\/v2\/categories?post=1722"},{"taxonomy":"post_tag","embeddable":true,"href":"https:\/\/alpar.com.co\/blog\/wp-json\/wp\/v2\/tags?post=1722"}],"curies":[{"name":"wp","href":"https:\/\/api.w.org\/{rel}","templated":true}]}}