{"id":1738,"date":"2020-05-21T17:45:08","date_gmt":"2020-05-21T22:45:08","guid":{"rendered":"http:\/\/alpar.com.co\/blog\/?p=1738"},"modified":"2020-05-22T11:00:06","modified_gmt":"2020-05-22T16:00:06","slug":"la-pandemia-y-sus-aprendizajes","status":"publish","type":"post","link":"https:\/\/alpar.com.co\/blog\/la-pandemia-y-sus-aprendizajes\/","title":{"rendered":"La Pandemia y sus aprendizajes"},"content":{"rendered":"<p style=\"text-align: justify;\">Actualmente es muy conocida la frase \u201cno es por qu\u00e9, sino el para qu\u00e9\u201d, casi se convierte en un modelo de pensamiento a seguir ante las crisis. Pues bien, estamos ante una evidente crisis y vale la pena hacer acopio de la frase citada para reflexionar algunos asuntos al respecto.<\/p>\n<p style=\"text-align: justify;\">Respecto a la situaci\u00f3n actual, nos enfrentamos a un c\u00famulo de p\u00e9rdidas, algunas m\u00e1s evidentes que otras, pero todas apuntando a la necesidad de replantear nuestra forma de existir y de relacionarnos con la vida. Por un lado, nos encontramos ante la evidente p\u00e9rdida del equilibrio f\u00edsico el cu\u00e1l es un componente de la salud en t\u00e9rminos de la OMS. Con esta p\u00e9rdida se asocian otras como la p\u00e9rdida de la tranquilidad, la p\u00e9rdida de los ideales frente a la estabilidad econ\u00f3mica o el poder adquisitivo que son grandes imperativos de este tiempo.<\/p>\n<p style=\"text-align: justify;\">Entonces, \u00bfpara qu\u00e9 atravesar esta situaci\u00f3n? cada persona debe responderse eso, sin embargo, algunas reflexiones que vale tener en cuenta en torno al tema son:<\/p>\n<p style=\"text-align: justify;\"><strong>La naturaleza sigue siendo el sustento verdadero de la existencia: <\/strong>Entender que en \u00e9pocas de par\u00e1lisis econ\u00f3mica sigue la naturaleza trabajando y generando al ritmo que siempre lo hace; adem\u00e1s de observar c\u00f3mo se despejan los paisajes en medio de grandes ciudades y c\u00f3mo los animales discretamente vuelven a habitar espacios dominados por las ciudades, ayudan a reconocer el poder de resiliencia tan fuerte que existe en la naturaleza y c\u00f3mo ella sigue siendo el verdadero sost\u00e9n de la vida. En la p\u00e1gina de la ONU se hace una interesante reflexi\u00f3n sobre el aporte ambiental que genera esta pandemia e invita a pensar de una manera diferente el modelo de crecimiento que se tiene hasta el momento. De igual manera, un art\u00edculo web del portal sostenibilidad semana, muestra con datos concretos c\u00f3mo la naturaleza y los efectos de la contaminaci\u00f3n en ella han sido visibles debido a la disminuci\u00f3n de la carga contaminante de las actividades cotidianas, lo que se traduce en mejores condiciones ambientales para la propia subsistencia y la calidad de vida.<\/p>\n<p style=\"text-align: justify;\"><strong>La fragilidad de nuestro modelo econ\u00f3mico:<\/strong> Es una iron\u00eda que las sociedades modernas tanto que centran sus esfuerzos en tener, en conseguir bienes y servicios, en adquirir un status, se vean paralizadas por un microorganismo, algo que ni siquiera vemos a simple vista lo neutraliza casi todo. Creo que es no s\u00f3lo una clara lecci\u00f3n de humildad sino tambi\u00e9n una invitaci\u00f3n a mirar cu\u00e1les son las cosas que realmente se sostienen a lo largo de la vida y no tienen que ver con las condiciones externas sino con aquello que tiene cada ser humano en su interior y que permite la relaci\u00f3n con la vida.<\/p>\n<p style=\"text-align: justify;\"><strong>La empat\u00eda es un acto cotidiano: <\/strong>No necesitamos grandes cat\u00e1strofes que abarquen la atenci\u00f3n de los medios para pensar en el otro, y tampoco necesitamos mostrar generosidad como un acto de l\u00e1stima o superioridad moral, es un acto de mirar al otro con profundo respeto en su d\u00eda a d\u00eda, aportar desde lo que cada uno pueda brindar a una sociedad sin necesidad de esperar protagonismo o que acontezcan \u00a0crisis profundas, cada d\u00eda implica levantar y sostener la vida y lo que hacemos por otros, no demanda de grandes crisis sino de una intenci\u00f3n continua.<\/p>\n<p style=\"text-align: justify;\"><strong>\u00bfQu\u00e9 es lo importante?: <\/strong>Dentro de todas las frases que se vuelven m\u00e1ximas en la sociedad, tambi\u00e9n es com\u00fan escuchar que el mejor momento que se tiene es el presente, que el hoy es lo importante, bueno; pues vale la pena pensar c\u00f3mo estamos viviendo el hoy, a qu\u00e9 se le da importancia en la vida, qu\u00e9 se est\u00e1 sacrificando del propio ser por seguir otras demandas con el fin de obtener reconocimiento y ser visto con buenos ojos, como si se aprobara el examen para existir y ser alguien. El simple hecho de estar vivos es ya suficiente m\u00e9rito, con todo lo que ha significado para cada uno su historia de vida personal y aunque muchas veces eso no da lugar a un reconocimiento de los dem\u00e1s, si permite encontrar una satisfacci\u00f3n real relacionada con el sentido de vida.<\/p>\n<hr \/>\n<p><strong>Autor: Julian Martinez. <\/strong><br \/>\n<strong>Psic\u00f3logo de la Unidad de Acompa\u00f1amiento<br \/>\nFuneraria Campos de Paz <\/strong><br \/>\nAsociado de ALPAR en Colombia.<\/p>\n","protected":false},"excerpt":{"rendered":"<p>Actualmente es muy conocida la frase \u201cno es por qu\u00e9, sino el para qu\u00e9\u201d, casi se convierte en un modelo de pensamiento a seguir ante las crisis. Pues bien, estamos ante una evidente crisis y vale la pena hacer acopio de la frase citada para reflexionar algunos asuntos al respecto. Respecto a la situaci\u00f3n actual, [&hellip;]<\/p>\n","protected":false},"author":106,"featured_media":1740,"comment_status":"open","ping_status":"open","sticky":false,"template":"","format":"standard","meta":{"_et_pb_use_builder":"","_et_pb_old_content":"","_et_gb_content_width":"","footnotes":""},"categories":[3],"tags":[],"class_list":["post-1738","post","type-post","status-publish","format-standard","has-post-thumbnail","hentry","category-articulos"],"_links":{"self":[{"href":"https:\/\/alpar.com.co\/blog\/wp-json\/wp\/v2\/posts\/1738","targetHints":{"allow":["GET"]}}],"collection":[{"href":"https:\/\/alpar.com.co\/blog\/wp-json\/wp\/v2\/posts"}],"about":[{"href":"https:\/\/alpar.com.co\/blog\/wp-json\/wp\/v2\/types\/post"}],"author":[{"embeddable":true,"href":"https:\/\/alpar.com.co\/blog\/wp-json\/wp\/v2\/users\/106"}],"replies":[{"embeddable":true,"href":"https:\/\/alpar.com.co\/blog\/wp-json\/wp\/v2\/comments?post=1738"}],"version-history":[{"count":2,"href":"https:\/\/alpar.com.co\/blog\/wp-json\/wp\/v2\/posts\/1738\/revisions"}],"predecessor-version":[{"id":1743,"href":"https:\/\/alpar.com.co\/blog\/wp-json\/wp\/v2\/posts\/1738\/revisions\/1743"}],"wp:featuredmedia":[{"embeddable":true,"href":"https:\/\/alpar.com.co\/blog\/wp-json\/wp\/v2\/media\/1740"}],"wp:attachment":[{"href":"https:\/\/alpar.com.co\/blog\/wp-json\/wp\/v2\/media?parent=1738"}],"wp:term":[{"taxonomy":"category","embeddable":true,"href":"https:\/\/alpar.com.co\/blog\/wp-json\/wp\/v2\/categories?post=1738"},{"taxonomy":"post_tag","embeddable":true,"href":"https:\/\/alpar.com.co\/blog\/wp-json\/wp\/v2\/tags?post=1738"}],"curies":[{"name":"wp","href":"https:\/\/api.w.org\/{rel}","templated":true}]}}