{"id":1764,"date":"2020-05-28T16:32:12","date_gmt":"2020-05-28T21:32:12","guid":{"rendered":"http:\/\/alpar.com.co\/blog\/?p=1764"},"modified":"2020-05-29T10:28:28","modified_gmt":"2020-05-29T15:28:28","slug":"acompanar-a-ninos-en-el-duelo-por-la-muerte-de-un-ser-querido-por-covid-19","status":"publish","type":"post","link":"https:\/\/alpar.com.co\/blog\/acompanar-a-ninos-en-el-duelo-por-la-muerte-de-un-ser-querido-por-covid-19\/","title":{"rendered":"Acompa\u00f1ar a ni\u00f1os en el duelo por la muerte de un ser querido por COVID-19"},"content":{"rendered":"<p style=\"text-align: justify;\">La p\u00e9rdida de seres queridos por el COVID-19 supone un impacto para todos los familiares,\u00a0incluidos los m\u00e1s peque\u00f1os de la casa. La situaci\u00f3n que estamos viviendo hace que podamos tener dificultades para ayudarles a enfrentar estas p\u00e9rdidas<em>. \u201cCada miembro de la familia atravesar\u00e1 su propio duelo, pero es importante no dejar a los ni\u00f1os y ni\u00f1as fuera, sino hacerles part\u00edcipes del proceso. Aunque resulte doloroso y dif\u00edcil es necesario comunicar al menor la noticia lo antes posible<\/em>\u201d, afirman representantes del Ministerio de Sanidad de Espa\u00f1a. Aunque la manera de entender la muerte variar\u00e1 seg\u00fan la edad que tengan, sus vivencias y su personalidad, hay algunas cuestiones comunes que se pueden tener en cuenta para ayudarles a afrontar la p\u00e9rdida del familiar y que se detallan en la gu\u00eda para acompa\u00f1ar a ni\u00f1os en el duelo por la muerte de un ser querido por COVID-19:<\/p>\r\n<p>\u00a0 <iframe loading=\"lazy\" style=\"width: 100%; height: 900px;\" src=\"http:\/\/alpar.com.co\/blog\/wp-content\/uploads\/acompanar_ninos_duelo_por_covid.pdf\" width=\"300\" height=\"150\"><span style=\"display: inline-block; width: 0px; overflow: hidden; line-height: 0;\" data-mce-type=\"bookmark\" class=\"mce_SELRES_start\"><\/span><\/iframe><\/p>\r\n<hr class=\"wp-block-separator\" \/>\r\n\r\n\r\n<p><strong><em>Fuente:<\/em><\/strong> <em>Revista Funeraria (Abril 29 de 2020): <\/em><a href=\"https:\/\/www.revistafuneraria.com\/\" target=\"_blank\" rel=\"noreferrer noopener\" aria-label=\"www.revistafuneraria.com (abre en una nueva pesta\u00f1a)\"><em>www.revistafuneraria.com<\/em><\/a><\/p>\r\n","protected":false},"excerpt":{"rendered":"<p>La p\u00e9rdida de seres queridos por el COVID-19 supone un impacto para todos los familiares,\u00a0incluidos los m\u00e1s peque\u00f1os de la casa. La situaci\u00f3n que estamos viviendo hace que podamos tener dificultades para ayudarles a enfrentar estas p\u00e9rdidas. \u201cCada miembro de la familia atravesar\u00e1 su propio duelo, pero es importante no dejar a los ni\u00f1os y [&hellip;]<\/p>\n","protected":false},"author":106,"featured_media":1767,"comment_status":"open","ping_status":"open","sticky":false,"template":"","format":"standard","meta":{"_et_pb_use_builder":"","_et_pb_old_content":"","_et_gb_content_width":"","footnotes":""},"categories":[3,5],"tags":[],"class_list":["post-1764","post","type-post","status-publish","format-standard","has-post-thumbnail","hentry","category-articulos","category-documentos"],"_links":{"self":[{"href":"https:\/\/alpar.com.co\/blog\/wp-json\/wp\/v2\/posts\/1764","targetHints":{"allow":["GET"]}}],"collection":[{"href":"https:\/\/alpar.com.co\/blog\/wp-json\/wp\/v2\/posts"}],"about":[{"href":"https:\/\/alpar.com.co\/blog\/wp-json\/wp\/v2\/types\/post"}],"author":[{"embeddable":true,"href":"https:\/\/alpar.com.co\/blog\/wp-json\/wp\/v2\/users\/106"}],"replies":[{"embeddable":true,"href":"https:\/\/alpar.com.co\/blog\/wp-json\/wp\/v2\/comments?post=1764"}],"version-history":[{"count":7,"href":"https:\/\/alpar.com.co\/blog\/wp-json\/wp\/v2\/posts\/1764\/revisions"}],"predecessor-version":[{"id":1773,"href":"https:\/\/alpar.com.co\/blog\/wp-json\/wp\/v2\/posts\/1764\/revisions\/1773"}],"wp:featuredmedia":[{"embeddable":true,"href":"https:\/\/alpar.com.co\/blog\/wp-json\/wp\/v2\/media\/1767"}],"wp:attachment":[{"href":"https:\/\/alpar.com.co\/blog\/wp-json\/wp\/v2\/media?parent=1764"}],"wp:term":[{"taxonomy":"category","embeddable":true,"href":"https:\/\/alpar.com.co\/blog\/wp-json\/wp\/v2\/categories?post=1764"},{"taxonomy":"post_tag","embeddable":true,"href":"https:\/\/alpar.com.co\/blog\/wp-json\/wp\/v2\/tags?post=1764"}],"curies":[{"name":"wp","href":"https:\/\/api.w.org\/{rel}","templated":true}]}}