{"id":1793,"date":"2020-06-26T07:54:12","date_gmt":"2020-06-26T12:54:12","guid":{"rendered":"http:\/\/alpar.com.co\/blog\/?p=1793"},"modified":"2020-07-10T08:42:01","modified_gmt":"2020-07-10T13:42:01","slug":"certificacion-de-protocolos-covid-19","status":"publish","type":"post","link":"https:\/\/alpar.com.co\/blog\/certificacion-de-protocolos-covid-19\/","title":{"rendered":"Certificaci\u00f3n de Protocolos COVID-19"},"content":{"rendered":"<p style=\"text-align: justify;\"><em>En Santo Domingo, Rep\u00fablica Dominicana, l<\/em>a empresa asociada a ALPAR, Parque del Prado, complejo funerario integrado que ofrece servicios de velaci\u00f3n, inhumaci\u00f3n y cremaci\u00f3n, buscando afianzar su compromiso de buenas pr\u00e1cticas, ha iniciado proceso de certificaci\u00f3n de sus protocolos frente al Covid-19, bajo las auditor\u00edas de la reconocida empresa certificadora internacional AENOR, garantizando con esto el cuidado de la salud y seguridad de sus colaboradores, las familias que han depositado la confianza para honrar las vidas de sus requeridos, as\u00ed como de la poblaci\u00f3n de manera general que visiten sus instalaciones.<\/p>\n<p><img loading=\"lazy\" decoding=\"async\" class=\"wp-image-1794 alignright\" src=\"http:\/\/alpar.com.co\/blog\/wp-content\/uploads\/protocolo-parquedelprado.jpg\" alt=\"\" width=\"200\" height=\"308\" \/><\/p>\n<p style=\"text-align: justify;\">Parque del Prado, desde el inicio de la pandemia puso en marcha acciones importantes para prevenir y reducir la transmisi\u00f3n del Covid-19, en cumplimiento estricto a las disposiciones del Ministerio de Salud P\u00fablica del pa\u00eds y otros organismos gubernamentales, tomando en cuenta, adem\u00e1s, protocolos internacionales aplicados por el sector funerario.<\/p>\n<p style=\"text-align: justify;\">Puso en marcha para \u00e1reas administrativas en sus diversas oficinas, herramientas de trabajo que permitiesen el trabajo remoto, creaci\u00f3n de turnos de trabajo en el camposanto, organizaci\u00f3n adecuada de horarios para servicios de velaci\u00f3n e inhumaci\u00f3n, para evitar concentraciones de personas y que las familias pudiesen seguir rindiendo homenaje.\u00a0 Igualmente puso en marcha pol\u00edticas y facilidades en beneficio de sus clientes.<\/p>\n<p style=\"text-align: justify;\">Parque del Prado es el \u00fanico y primer complejo funerario de su pa\u00eds en poseer certificaci\u00f3n de calidad bajo la Norma ISO 9001-2015, de todos sus servicios.\u00a0 Con esta nueva certificaci\u00f3n se convierte en la primera empresa del sector funerario en la Rep\u00fablica Dominicana, en tener sus protocolos frente al Covid-19, certificados.<\/p>\n<hr \/>\n<p><strong>Un aporte de Parque del Prado. Rep\u00fablica Dominicana.<br \/>\n<\/strong>Asociado ALPAR<\/p>\n","protected":false},"excerpt":{"rendered":"<p>En Santo Domingo, Rep\u00fablica Dominicana, la empresa asociada a ALPAR, Parque del Prado, complejo funerario integrado que ofrece servicios de velaci\u00f3n, inhumaci\u00f3n y cremaci\u00f3n, buscando afianzar su compromiso de buenas pr\u00e1cticas, ha iniciado proceso de certificaci\u00f3n de sus protocolos frente al Covid-19, bajo las auditor\u00edas de la reconocida empresa certificadora internacional AENOR, garantizando con esto [&hellip;]<\/p>\n","protected":false},"author":106,"featured_media":1817,"comment_status":"open","ping_status":"open","sticky":false,"template":"","format":"standard","meta":{"_et_pb_use_builder":"","_et_pb_old_content":"","_et_gb_content_width":"","footnotes":""},"categories":[3],"tags":[],"class_list":["post-1793","post","type-post","status-publish","format-standard","has-post-thumbnail","hentry","category-articulos"],"_links":{"self":[{"href":"https:\/\/alpar.com.co\/blog\/wp-json\/wp\/v2\/posts\/1793","targetHints":{"allow":["GET"]}}],"collection":[{"href":"https:\/\/alpar.com.co\/blog\/wp-json\/wp\/v2\/posts"}],"about":[{"href":"https:\/\/alpar.com.co\/blog\/wp-json\/wp\/v2\/types\/post"}],"author":[{"embeddable":true,"href":"https:\/\/alpar.com.co\/blog\/wp-json\/wp\/v2\/users\/106"}],"replies":[{"embeddable":true,"href":"https:\/\/alpar.com.co\/blog\/wp-json\/wp\/v2\/comments?post=1793"}],"version-history":[{"count":10,"href":"https:\/\/alpar.com.co\/blog\/wp-json\/wp\/v2\/posts\/1793\/revisions"}],"predecessor-version":[{"id":1805,"href":"https:\/\/alpar.com.co\/blog\/wp-json\/wp\/v2\/posts\/1793\/revisions\/1805"}],"wp:featuredmedia":[{"embeddable":true,"href":"https:\/\/alpar.com.co\/blog\/wp-json\/wp\/v2\/media\/1817"}],"wp:attachment":[{"href":"https:\/\/alpar.com.co\/blog\/wp-json\/wp\/v2\/media?parent=1793"}],"wp:term":[{"taxonomy":"category","embeddable":true,"href":"https:\/\/alpar.com.co\/blog\/wp-json\/wp\/v2\/categories?post=1793"},{"taxonomy":"post_tag","embeddable":true,"href":"https:\/\/alpar.com.co\/blog\/wp-json\/wp\/v2\/tags?post=1793"}],"curies":[{"name":"wp","href":"https:\/\/api.w.org\/{rel}","templated":true}]}}