{"id":1810,"date":"2020-07-09T16:05:59","date_gmt":"2020-07-09T21:05:59","guid":{"rendered":"http:\/\/alpar.com.co\/blog\/?p=1810"},"modified":"2020-07-16T09:31:51","modified_gmt":"2020-07-16T14:31:51","slug":"covid19-acompanar-en-el-duelo","status":"publish","type":"post","link":"https:\/\/alpar.com.co\/blog\/covid19-acompanar-en-el-duelo\/","title":{"rendered":"Covid-19:  Acompa\u00f1ar en el duelo"},"content":{"rendered":"<p style=\"text-align: justify;\">La Secretar\u00eda General de Promoci\u00f3n de la Salud y Vigilancia en Salud P\u00fablica del Ministerio de Sanidad de Espa\u00f1a, ha elaborado una infograf\u00eda con algunas ideas sobre c\u00f3mo demostrar a un familiar o amigo, que ha sufrido el fallecimiento de un ser querido debido al COVID-19, que estamos a su lado para apoyarlo.<\/p>\r\n<p style=\"text-align: justify;\"><em>\u201cEn estos momentos, puedes tener alg\u00fan familiar, amigo\/a o ser querido que se encuentre en una situaci\u00f3n de duelo por la p\u00e9rdida de una persona debido al coronavirus. Es posible que no sepas qu\u00e9 decir o qu\u00e9 hacer, pero puedes demostrar lo mucho que te importa su sufrimiento y que est\u00e1s dispuesto a acompa\u00f1arlo en ese proceso\u201d<\/em>, explican desde el Ministerio de Sanidad.<\/p>\r\n<p>\u00a0 <iframe loading=\"lazy\" style=\"width: 100%; height: 900px;\" src=\"http:\/\/alpar.com.co\/blog\/wp-content\/uploads\/acompanar_en_el_duelo_sfm_ministeriosanidad.pdf\" width=\"300\" height=\"150\"><span style=\"display: inline-block; width: 0px; overflow: hidden; line-height: 0;\" data-mce-type=\"bookmark\" class=\"mce_SELRES_start\">\ufeff<\/span><span style=\"display: inline-block; width: 0px; overflow: hidden; line-height: 0;\" data-mce-type=\"bookmark\" class=\"mce_SELRES_start\"><\/span><\/iframe><\/p>\r\n<hr class=\"wp-block-separator\" \/>\r\n\r\n\r\n<p><strong><em>Fuente:<\/em><\/strong> <em>Revista Funeraria (Abril 29 de 2020): <\/em><a href=\"https:\/\/www.revistafuneraria.com\/\" target=\"_blank\" rel=\"noreferrer noopener\" aria-label=\"www.revistafuneraria.com (abre en una nueva pesta\u00f1a)\"><em>www.revistafuneraria.com<\/em><\/a><\/p>\r\n","protected":false},"excerpt":{"rendered":"<p>La Secretar\u00eda General de Promoci\u00f3n de la Salud y Vigilancia en Salud P\u00fablica del Ministerio de Sanidad de Espa\u00f1a, ha elaborado una infograf\u00eda con algunas ideas sobre c\u00f3mo demostrar a un familiar o amigo, que ha sufrido el fallecimiento de un ser querido debido al COVID-19, que estamos a su lado para apoyarlo. \u201cEn estos [&hellip;]<\/p>\n","protected":false},"author":106,"featured_media":1811,"comment_status":"open","ping_status":"open","sticky":false,"template":"","format":"standard","meta":{"_et_pb_use_builder":"","_et_pb_old_content":"","_et_gb_content_width":"","footnotes":""},"categories":[3,5],"tags":[],"class_list":["post-1810","post","type-post","status-publish","format-standard","has-post-thumbnail","hentry","category-articulos","category-documentos"],"_links":{"self":[{"href":"https:\/\/alpar.com.co\/blog\/wp-json\/wp\/v2\/posts\/1810","targetHints":{"allow":["GET"]}}],"collection":[{"href":"https:\/\/alpar.com.co\/blog\/wp-json\/wp\/v2\/posts"}],"about":[{"href":"https:\/\/alpar.com.co\/blog\/wp-json\/wp\/v2\/types\/post"}],"author":[{"embeddable":true,"href":"https:\/\/alpar.com.co\/blog\/wp-json\/wp\/v2\/users\/106"}],"replies":[{"embeddable":true,"href":"https:\/\/alpar.com.co\/blog\/wp-json\/wp\/v2\/comments?post=1810"}],"version-history":[{"count":4,"href":"https:\/\/alpar.com.co\/blog\/wp-json\/wp\/v2\/posts\/1810\/revisions"}],"predecessor-version":[{"id":1813,"href":"https:\/\/alpar.com.co\/blog\/wp-json\/wp\/v2\/posts\/1810\/revisions\/1813"}],"wp:featuredmedia":[{"embeddable":true,"href":"https:\/\/alpar.com.co\/blog\/wp-json\/wp\/v2\/media\/1811"}],"wp:attachment":[{"href":"https:\/\/alpar.com.co\/blog\/wp-json\/wp\/v2\/media?parent=1810"}],"wp:term":[{"taxonomy":"category","embeddable":true,"href":"https:\/\/alpar.com.co\/blog\/wp-json\/wp\/v2\/categories?post=1810"},{"taxonomy":"post_tag","embeddable":true,"href":"https:\/\/alpar.com.co\/blog\/wp-json\/wp\/v2\/tags?post=1810"}],"curies":[{"name":"wp","href":"https:\/\/api.w.org\/{rel}","templated":true}]}}