{"id":1823,"date":"2020-07-16T10:08:11","date_gmt":"2020-07-16T15:08:11","guid":{"rendered":"http:\/\/alpar.com.co\/blog\/?p=1823"},"modified":"2020-07-17T10:27:35","modified_gmt":"2020-07-17T15:27:35","slug":"actualizaciones-de-restricciones-y-cifras-de-fallecimientos-por-covid-19-de-los-paises-miembro-de-la-effs","status":"publish","type":"post","link":"https:\/\/alpar.com.co\/blog\/actualizaciones-de-restricciones-y-cifras-de-fallecimientos-por-covid-19-de-los-paises-miembro-de-la-effs\/","title":{"rendered":"Actualizaciones de restricciones y cifras de fallecimientos por Covid-19 de los pa\u00edses miembro de la EFFS"},"content":{"rendered":"<p style=\"text-align: center;\"><em><strong>La entidad sigue de cerca la evoluci\u00f3n de la epidemia del nuevo coronavirus.<\/strong><\/em><\/p>\r\n<p style=\"text-align: justify;\">Desde el inicio de la pandemia provocada por la Covid-19, la Federaci\u00f3n Europea de Servicios Funerarios (EFFS) ha seguido de cerca las cifras de fallecimientos en cada uno de sus pa\u00edses miembro, as\u00ed como las restricciones relativas a la celebraci\u00f3n de servicios funerarios. A continuaci\u00f3n reproducimos la \u00faltima actualizaci\u00f3n de datos, con fecha 28 de mayo.<\/p>\r\n<table class=\" aligncenter\" border=\"0\" width=\"650\">\r\n<tbody>\r\n<tr>\r\n<td>\r\n<h2><strong>Francia <\/strong><\/h2>\r\n<p style=\"text-align: justify;\">Se permiten ceremonias f\u00fanebres con hasta 20 personas. La cifra de fallecidos ronda los 28.000 y el estado de emergencia se alarga hasta el 10 de julio.<\/p>\r\n<h2><strong>Suecia <\/strong><\/h2>\r\n<p style=\"text-align: justify;\">El periodo de espera para los funerales aument\u00f3 de los habituales 24 d\u00edas a 30. Las ceremonias se realizan sin embalsamamiento del cad\u00e1ver y las bolsas para cad\u00e1veres son obligatorias. Las muertes se elevan a 4.200, de las cuales 3.900 ocurrieron en las \u00faltimas 10 semanas (un 50% en Estocolmo). Se permite un m\u00e1ximo de 50 asistentes a las ceremonias f\u00fanebres, los cuales pueden visualizar al finado.<\/p>\r\n<h2><strong>Italia <\/strong><\/h2>\r\n<p style=\"text-align: justify;\">Desde el 11 de mayo se levantan muchas de las restricciones y regulaciones. Pueden asistir hasta 15 personas a los funerales. En el caso de muerte por Covid-19 no se permite ver al difunto y el ata\u00fad permanece cerrado. La cifra de fallecidos aumenta a 34.000 y la tasa de mortalidad vuelve a la normalidad.<\/p>\r\n<h2><strong>Alemania <\/strong><\/h2>\r\n<p style=\"text-align: justify;\">Se Inician los primeros pasos hacia la &#8216;nueva normalidad\u2019. El modelo de organizaci\u00f3n estatal de Alemania como pa\u00eds federal causa algunos problemas, debido a que cada uno de los 16 condados puede tomar sus propias decisiones sobre regulaciones y restricciones. La cifra de fallecidos roza los 8.000 y la tasa de mortalidad se acerca a la habitual. Las limitaciones en los funerales dependen de cada condado: algunos permiten la asistencia de la familia m\u00e1s cercana y otros elevan la cifra a un m\u00e1ximo de 50 asistentes. Preocupa la escasez de Equipos de Protecci\u00f3n Individual para profesionales funerarios y sanitarios.<\/p>\r\n<h2><strong>Espa\u00f1a <\/strong><\/h2>\r\n<p style=\"text-align: justify;\">La tasa de mortalidad comenz\u00f3 a regresar a cifras normales a principios de abril y desde mediados de mayo tuvo un ritmo normal. EI camino hacia la &#8216;nueva normalidad&#8217; se plantea en cuatro fases, con intervalos de dos semanas entre ellas. La mayor\u00eda de los municipios se encuentran en la fase 1, aunque Barcelona y Madrid siguen en la fase 0. La cifra de muertes llega a las 28.000 y el n\u00famero de nuevos contagios es bajo. Se permiten funerales con un m\u00e1ximo de 10 asistentes. Las funerarias solo pueden operar al 30% de su capacidad.<\/p>\r\n<\/td>\r\n<td>\r\n<h2><strong>Portugal<\/strong><\/h2>\r\n<p style=\"text-align: justify;\">El estado de emergencia en el pa\u00eds luso se decret\u00f3 a finales de abril. Se contabilizan un total de 29.000 casos positivos de Covid -19 y se registran, 1.200 muertes. Se restringen las reuniones a un m\u00e1ximo de 10 personas. La Asociaci\u00f3n Funeraria Portuguesa decide no practicar la tradici\u00f3n de las vigilias. Los dolientes pueden ver a los fallecidos 30 minutos antes del funeral.<\/p>\r\n<h2><strong>Austria<\/strong><\/h2>\r\n<p style=\"text-align: justify;\">En un primer momento, el cierre de fronteras caus\u00f3 problemas. Las escuelas y tiendas reabren y se permiten funerales con hasta 30 asistentes, aunque puede haber variaciones dependiendo del tama\u00f1o de la instalaci\u00f3n funeraria, ya que se requiere un espacio de 10 metros cuadrados por persona. La cifra de muertes no pas\u00f3 de 500 fallecidos. Los servidos funerarios relacionados con las tecnolog\u00edas digitales y el streaming aumentaron sustancialmente, aunque los ingresos del sector disminuyeron en un 25% debido a la menor compra de servidos para funerales.<\/p>\r\n<h2><strong>Eslovaquia<\/strong><\/h2>\r\n<p style=\"text-align: justify;\">Se permiten funerales al aire libre con hasta 5 personas. Si la muerte se ha producido por Covid-19 es obligatorio colocar el cuerpo en una bolsa para cad\u00e1veres. Se registran un total de 24 en todo el pa\u00eds. El gobierno cerr\u00f3 fronteras, aeropuertos, escuelas e Iglesias y el pa\u00eds avanza ahora hacia la normalidad en cuatro fases, estando actualmente en la fase 3. En junio se reabren las escuelas.<\/p>\r\n<h2><strong>Noruega<\/strong><\/h2>\r\n<p style=\"text-align: justify;\">El 13 de marzo el pa\u00eds cerr\u00f3 sus escuelas. En cuanto a los servicios funerarios, destaca la reducci\u00f3n de los ingresos y la buena aceptaci\u00f3n de los servidos de streaming. Los funerales permiten hasta 50 personas. Las muertes suman un total de 235, encontrando el epicentro de la pandemia en Oslo. La tasa de mortalidad es menos que el a\u00f1o anterior en la misma \u00e9poca del a\u00f1o\u25a0<\/p>\r\n<p>&nbsp;<\/p>\r\n<p>&nbsp;<\/p>\r\n<p>&nbsp;<\/p>\r\n<p>&nbsp;<\/p>\r\n<p>&nbsp;<\/p>\r\n<\/td>\r\n<\/tr>\r\n<\/tbody>\r\n<\/table>\r\n<hr \/>\r\n<p><em><strong>Extra\u00eddo de:<\/strong> Revista Funeraria n\u00ba 155 (Junio &#8211; Julio 2020). P\u00e1gina 60: <a href=\"https:\/\/www.revistafuneraria.com\/hemerotecas\/RF155\/index.html#pagina60\" target=\"_blank\" rel=\"noreferrer noopener\" aria-label=\"www.revistafuneraria.com (abre en una nueva pesta\u00f1a)\">www.revistafuneraria.com<\/a><\/em><\/p>\r\n","protected":false},"excerpt":{"rendered":"<p>La entidad sigue de cerca la evoluci\u00f3n de la epidemia del nuevo coronavirus. Desde el inicio de la pandemia provocada por la Covid-19, la Federaci\u00f3n Europea de Servicios Funerarios (EFFS) ha seguido de cerca las cifras de fallecimientos en cada uno de sus pa\u00edses miembro, as\u00ed como las restricciones relativas a la celebraci\u00f3n de servicios [&hellip;]<\/p>\n","protected":false},"author":106,"featured_media":1825,"comment_status":"open","ping_status":"open","sticky":false,"template":"","format":"standard","meta":{"_et_pb_use_builder":"off","_et_pb_old_content":"","_et_gb_content_width":"","footnotes":""},"categories":[3],"tags":[],"class_list":["post-1823","post","type-post","status-publish","format-standard","has-post-thumbnail","hentry","category-articulos"],"_links":{"self":[{"href":"https:\/\/alpar.com.co\/blog\/wp-json\/wp\/v2\/posts\/1823","targetHints":{"allow":["GET"]}}],"collection":[{"href":"https:\/\/alpar.com.co\/blog\/wp-json\/wp\/v2\/posts"}],"about":[{"href":"https:\/\/alpar.com.co\/blog\/wp-json\/wp\/v2\/types\/post"}],"author":[{"embeddable":true,"href":"https:\/\/alpar.com.co\/blog\/wp-json\/wp\/v2\/users\/106"}],"replies":[{"embeddable":true,"href":"https:\/\/alpar.com.co\/blog\/wp-json\/wp\/v2\/comments?post=1823"}],"version-history":[{"count":5,"href":"https:\/\/alpar.com.co\/blog\/wp-json\/wp\/v2\/posts\/1823\/revisions"}],"predecessor-version":[{"id":1834,"href":"https:\/\/alpar.com.co\/blog\/wp-json\/wp\/v2\/posts\/1823\/revisions\/1834"}],"wp:featuredmedia":[{"embeddable":true,"href":"https:\/\/alpar.com.co\/blog\/wp-json\/wp\/v2\/media\/1825"}],"wp:attachment":[{"href":"https:\/\/alpar.com.co\/blog\/wp-json\/wp\/v2\/media?parent=1823"}],"wp:term":[{"taxonomy":"category","embeddable":true,"href":"https:\/\/alpar.com.co\/blog\/wp-json\/wp\/v2\/categories?post=1823"},{"taxonomy":"post_tag","embeddable":true,"href":"https:\/\/alpar.com.co\/blog\/wp-json\/wp\/v2\/tags?post=1823"}],"curies":[{"name":"wp","href":"https:\/\/api.w.org\/{rel}","templated":true}]}}