{"id":1842,"date":"2020-07-24T08:38:28","date_gmt":"2020-07-24T13:38:28","guid":{"rendered":"http:\/\/alpar.com.co\/blog\/?p=1842"},"modified":"2020-07-24T10:53:31","modified_gmt":"2020-07-24T15:53:31","slug":"los-trabajadores-funerarios-desempenaron-un-papel-esencial-y-muy-delicado","status":"publish","type":"post","link":"https:\/\/alpar.com.co\/blog\/los-trabajadores-funerarios-desempenaron-un-papel-esencial-y-muy-delicado\/","title":{"rendered":"En Italia: \u201cLos trabajadores funerarios desempe\u00f1aron un papel esencial y muy delicado\u201d"},"content":{"rendered":"<h4 style=\"text-align: justify;\"><strong>Funermostra entrevista a Luca Tabossi, CEO de la centenaria casa funeraria Casa Tabossi. Adem\u00e1s, es miembro de la Federaci\u00f3n Nacional de Empresas de Pompas Funebres de Italia y de la Federaci\u00f3n Europea de Servicios Funerarios.<\/strong><\/h4>\n<p>&nbsp;<\/p>\n<p><strong>1. \u00bfC\u00f3mo resumir\u00eda en pocas palabras la respuesta que la industria ha dado a la crisis de salud de Covid-19?<\/strong><\/p>\n<p style=\"text-align: justify; padding-left: 40px;\"><em>Creo que el sector funerario italiano ha respondido muy bien a la emergencia sanitaria de Covid-19. Las empresas tuvieron que adaptarse a una forma de trabajo nunca antes vista tanto desde el punto de vista psicol\u00f3gico como organizativo. De hecho, el trabajo durante el cierre result\u00f3 ser particularmente dif\u00edcil de manejar, debemos considerar que los trabajadores funerarios se han encontrado realizando trabajos diarios en un clima surrealista, con el terror de ingresar a las salas mortuorias de los hospitales y todas las instalaciones de salud. Este fue particularmente el caso en las primeras semanas del cierre, cuando las directrices gubernamentales para definir los protocolos que se adoptar\u00e1n para llevar a cabo nuestro negocio a\u00fan no se hab\u00edan dictado. A esto hay que agregar que, en algunas regiones de Italia particularmente afectadas por Covid-19, los trabajadores funerarios han tenido que manejar un n\u00famero absolutamente.<\/em><\/p>\n<p style=\"padding-left: 40px; text-align: justify;\"><em>Adem\u00e1s, los trabajadores funerarios desempe\u00f1aron un papel muy delicado desde el punto de vista humano, ya que tuvieron que gestionar las relaciones con los familiares de los fallecidos que, durante los per\u00edodos de encierro, recibieron la noticia de la muerte de su ser querido y ya no pudieron verlo porque, en la mayor\u00eda de las muertes, el protocolo de seguridad requer\u00eda cerrar inmediatamente el ata\u00fad, no permitir la vigilia f\u00fanebre y no realizar el funeral extraordinario de muertes en comparaci\u00f3n con el promedio habitual.<\/em><\/p>\n<p>&nbsp;<\/p>\n<p><strong>2. \u00bfCree que los medios han informado bien sobre el sector funerario durante la crisis? \u00bfCrees que la sociedad hizo justicia a todos los profesionales en los que trabajaron?<\/strong><\/p>\n<p style=\"text-align: justify; padding-left: 40px;\"><em>Los medios no proporcionaron informaci\u00f3n clara y correcta, en particular sobre el compromiso del sector funerario durante la explosi\u00f3n de la pandemia de Covid en Italia. Desafortunadamente, las noticias a menudo no dan una idea de los esfuerzos reales de quienes trabajan en un sector tan delicado en un per\u00edodo tan dif\u00edcil como el que se caracteriza por el brote de Covid-19. El mundo entero ha visto im\u00e1genes de Italia que retratan camiones militares llamados para transportar ata\u00fades a los crematorios. Estas im\u00e1genes no deben entenderse como la imposibilidad de los operadores de funerarias para realizar su trabajo, sino como la necesidad de la intervenci\u00f3n del Estado italiano para tratar con un n\u00famero extremadamente grande de fallecidos que en las \u00e1reas m\u00e1s afectadas ha alcanzado un 400% m\u00e1s que el promedio del per\u00edodo, especialmente en lo que respecta a la cremaci\u00f3n.<\/em><\/p>\n<p style=\"text-align: justify; padding-left: 40px;\"><em>Durante la Santa Misa del 25 de abril celebrada en Santa Marta, el Papa tambi\u00e9n expres\u00f3 su cercan\u00eda al sector funerario al dedicar algunas palabras a mejorar el trabajo realizado por los operadores funerarios.<\/em><\/p>\n<p>&nbsp;<\/p>\n<p><strong>3. \u00bfCu\u00e1les son las tres conclusiones que sacar\u00eda de la situaci\u00f3n experimentada durante la crisis de Covid-19 en el sector?<\/strong><\/p>\n<p style=\"text-align: justify; padding-left: 40px;\"><em>Lo primero es que se ha demostrado que son necesarios protocolos operativos que gu\u00eden los procedimientos que se utilizar\u00e1n en nuestro sector durante situaciones de emergencia como la dictada por Covid.<\/em><\/p>\n<p style=\"text-align: justify; padding-left: 40px;\"><em>Adem\u00e1s, despu\u00e9s de la emergencia del Covid, se han adoptado procedimientos electr\u00f3nicos simplificados en Italia con referencia a la parte burocr\u00e1tica de nuestro sector: solicitar y obtener autorizaciones y certificados. \u00a1Eso es muy positivo!<\/em><\/p>\n<p style=\"text-align: justify; padding-left: 40px;\"><em>Por \u00faltimo, esperamos que nunca tengamos que pasar por un bloqueo como el vivido nuevamente.<\/em><\/p>\n<p>&nbsp;<\/p>\n<p><strong>4. \u00bfQu\u00e9 cambios har\u00e1 el sector funerario despu\u00e9s de todo lo que se ha experimentado?<\/strong><\/p>\n<p style=\"text-align: justify; padding-left: 40px;\"><em>Todav\u00eda estamos demasiado cerca y en medio de la pandemia. Es pronto para poder resumir los cambios en el sector funerario. Ciertamente, tanto a nivel regulatorio como operativo, el sector funerario italiano ahora est\u00e1 listo para enfrentar otra pandemia \u2026 pero esperamos sinceramente que nunca tengamos que enfrentarla nuevamente.<\/em><\/p>\n<p>&nbsp;<\/p>\n<p><strong>5. \u00bfCrees que los memoriales volver\u00e1n? \u00bfC\u00f3mo ser\u00e1n?<\/strong><\/p>\n<p style=\"text-align: justify; padding-left: 40px;\"><em>Si por memorial nos referimos a funerales, se\u00f1alo que los funerales y ceremonias funerarias a partir del 4 de mayo se pueden celebrar en Italia. Los p\u00e1rrocos (sacerdotes) regulan la afluencia de participantes en las iglesias y se aseguran de garantizar el grado de saneamiento requerido de las habitaciones despu\u00e9s de cada funeral.<\/em><\/p>\n<p>&nbsp;<\/p>\n<hr \/>\n<p><strong><em>Fuente:<\/em><\/strong>\u00a0 Funermostra<em> (Julio 23 de 2020): <\/em><a href=\"https:\/\/funermostra.feriavalencia.com\/luca-tabossi-italia-los-trabajadores-funerarios-desempenaron-un-papel-esencial-y-muy-delicado\/\" target=\"_blank\" rel=\"noreferrer noopener\" aria-label=\"www.revistafuneraria.com (abre en una nueva pesta\u00f1a)\"><em>www.funermostra.feriavalencia.com<\/em><\/a><\/p>\n","protected":false},"excerpt":{"rendered":"<p>Funermostra entrevista a Luca Tabossi, CEO de la centenaria casa funeraria Casa Tabossi. Adem\u00e1s, es miembro de la Federaci\u00f3n Nacional de Empresas de Pompas Funebres de Italia y de la Federaci\u00f3n Europea de Servicios Funerarios. &nbsp; 1. \u00bfC\u00f3mo resumir\u00eda en pocas palabras la respuesta que la industria ha dado a la crisis de salud de [&hellip;]<\/p>\n","protected":false},"author":106,"featured_media":1843,"comment_status":"open","ping_status":"open","sticky":false,"template":"","format":"standard","meta":{"_et_pb_use_builder":"","_et_pb_old_content":"","_et_gb_content_width":"","footnotes":""},"categories":[3],"tags":[],"class_list":["post-1842","post","type-post","status-publish","format-standard","has-post-thumbnail","hentry","category-articulos"],"_links":{"self":[{"href":"https:\/\/alpar.com.co\/blog\/wp-json\/wp\/v2\/posts\/1842","targetHints":{"allow":["GET"]}}],"collection":[{"href":"https:\/\/alpar.com.co\/blog\/wp-json\/wp\/v2\/posts"}],"about":[{"href":"https:\/\/alpar.com.co\/blog\/wp-json\/wp\/v2\/types\/post"}],"author":[{"embeddable":true,"href":"https:\/\/alpar.com.co\/blog\/wp-json\/wp\/v2\/users\/106"}],"replies":[{"embeddable":true,"href":"https:\/\/alpar.com.co\/blog\/wp-json\/wp\/v2\/comments?post=1842"}],"version-history":[{"count":5,"href":"https:\/\/alpar.com.co\/blog\/wp-json\/wp\/v2\/posts\/1842\/revisions"}],"predecessor-version":[{"id":1848,"href":"https:\/\/alpar.com.co\/blog\/wp-json\/wp\/v2\/posts\/1842\/revisions\/1848"}],"wp:featuredmedia":[{"embeddable":true,"href":"https:\/\/alpar.com.co\/blog\/wp-json\/wp\/v2\/media\/1843"}],"wp:attachment":[{"href":"https:\/\/alpar.com.co\/blog\/wp-json\/wp\/v2\/media?parent=1842"}],"wp:term":[{"taxonomy":"category","embeddable":true,"href":"https:\/\/alpar.com.co\/blog\/wp-json\/wp\/v2\/categories?post=1842"},{"taxonomy":"post_tag","embeddable":true,"href":"https:\/\/alpar.com.co\/blog\/wp-json\/wp\/v2\/tags?post=1842"}],"curies":[{"name":"wp","href":"https:\/\/api.w.org\/{rel}","templated":true}]}}