{"id":1852,"date":"2020-08-06T17:53:04","date_gmt":"2020-08-06T22:53:04","guid":{"rendered":"http:\/\/alpar.com.co\/blog\/?p=1852"},"modified":"2020-08-07T09:36:04","modified_gmt":"2020-08-07T14:36:04","slug":"saca-a-tus-muertos-la-recoleccion-y-eliminacion-de-cuerpos-de-covid-19-varia-en-todo-el-mundo","status":"publish","type":"post","link":"https:\/\/alpar.com.co\/blog\/saca-a-tus-muertos-la-recoleccion-y-eliminacion-de-cuerpos-de-covid-19-varia-en-todo-el-mundo\/","title":{"rendered":"La recolecci\u00f3n y eliminaci\u00f3n de cuerpos de COVID-19 var\u00eda en todo el mundo"},"content":{"rendered":"<p style=\"text-align: justify;\">Somos conscientes de los problemas de almacenamiento de cuerpos que asolaron Nueva York en el punto \u00e1lgido de la pandemia. Estos mismos problemas ahora est\u00e1n aumentando en Texas, Arizona y probablemente en otros estados. Tambi\u00e9n hemos escuchado sobre el aumento de las tasas de cremaci\u00f3n (a\u00fan no contadas) en los Estados Unidos, debido a las restricciones por el COVID-19 y el exceso de muertes. Otras partes del mundo est\u00e1n en el mismo barco, pero est\u00e1n lidiando con sus problemas por COVID de maneras muy diferentes.<\/p>\n<h2><strong>Per\u00fa contrata inmigrantes para la recolecci\u00f3n de cuerpos<\/strong><\/h2>\n<p style=\"text-align: justify;\">El 26 de julio, el n\u00famero de muertes en Per\u00fa atribuidas al COVID-19 alcanz\u00f3 los 18.030. Esto puede sonar como un n\u00famero modesto en comparaci\u00f3n con las 149.000 muertes en los EE. UU. Sin embargo, con sus 32 millones de personas, su tasa de mortalidad es en realidad m\u00e1s alta. Casi 900.000 de la poblaci\u00f3n son inmigrantes pobres que huyeron de una econom\u00eda en colapso en Venezuela. Hoy, estos inmigrantes est\u00e1n tomando los trabajos que los peruanos no quieren: lidiar con los cad\u00e1veres que se acumulan en los barrios m\u00e1s pobres de Per\u00fa.<\/p>\n<p>&nbsp;<\/p>\n<p style=\"text-align: justify;\">CNN recientemente describi\u00f3 a dos de estos trabajadores, N\u00e9stor Vargas y Luis Jos\u00e9 Cerpas. Cerpas, un ex bar tender y Vargas, que trabajaba en la industria funeraria en Venezuela, pero era conductor en Per\u00fa, trabajan hasta 19 horas al d\u00eda, siete d\u00edas a la semana. Ganan USD500.00 al mes por recoger cuerpos en hogares y hospitales con morgues desbordantes. Cerpas y Vargas entregan estos cuerpos a los crematorios locales, que tambi\u00e9n son atendidos por inmigrantes que trabajan las 24 horas.<\/p>\n<p><img loading=\"lazy\" decoding=\"async\" class=\"wp-image-1864  aligncenter\" src=\"http:\/\/alpar.com.co\/blog\/wp-content\/uploads\/Body-in-Ecuador.jpg\" alt=\"\" width=\"408\" height=\"271\" \/><img loading=\"lazy\" decoding=\"async\" class=\"wp-image-1855 aligncenter\" src=\"http:\/\/alpar.com.co\/blog\/wp-content\/uploads\/cnn01.jpg\" alt=\"\" width=\"410\" height=\"229\" \/><\/p>\n<h2><strong>India celebra cremaci\u00f3n masiva de 50 cuerpos<\/strong><\/h2>\n<p style=\"text-align: justify;\">En India, la cifra oficial de muertos por COVID-19 era de 29.000 a fines de julio. Sin embargo, los residentes (y reporteros) creen que el gobierno no reconoce ni hace lo suficiente para prevenir la r\u00e1pida propagaci\u00f3n de la enfermedad. Es por eso que, un video del 21 de julio de autoridades que realizan una cremaci\u00f3n masiva, se volvi\u00f3 viral.<\/p>\n<p style=\"text-align: justify;\">Un funcionario del gobierno tuite\u00f3 el video con el siguiente mensaje: <em>\u201cImpactante. El 21 de julio, se inform\u00f3 que las muertes reportadas de #Corona eran 7 por parte del gobierno, mientras que m\u00e1s de 30 cuerpos fueron cremados solo en el cementerio de ESI. El gobierno desde el principio nos proporcion\u00f3 estad\u00edsticas err\u00f3neas para ocultar su incapacidad para controlar el virus\u00bb.<\/em><\/p>\n<p style=\"text-align: justify;\">M\u00e1s tarde, los medios informaron que 50 cuerpos, no 30, fueron incinerados en el crematorio de un hospital administrado por el gobierno, debido a \u00abfalta de transporte\u00bb. Un m\u00e9dico confirm\u00f3 que los cuerpos se hab\u00edan acumulado durante dos o tres d\u00edas.<\/p>\n<h2><strong>Ecuador deja que los cuerpos se amontonen<\/strong><\/h2>\n<p style=\"text-align: justify;\">Guayaquil, Ecuador, fue una de las ciudades m\u00e1s afectadas en Am\u00e9rica Latina en el pico de la pandemia del coronavirus. Hoy en d\u00eda, las tasas de infecci\u00f3n del \u00e1rea est\u00e1n disminuyendo, pero en marzo y abril Guayaquil fue el ejemplo de las ciudades mal preparadas para manejar la crisis COVID. Sus sistemas de atenci\u00f3n m\u00e9dica y atenci\u00f3n de la muerte manejaron 3,000 muertes durante marzo y abril. En 2020, perdieron al menos 12.350 almas en el mismo per\u00edodo de tiempo. Las familias dejaron cuerpos fuera de los hospitales con exceso de capacidad. Dentro de esas instalaciones, los pacientes moribundos compart\u00edan sus habitaciones con tres o cuatro muertos. Los hospitales incluso perdieron la pista de algunos cuerpos, dici\u00e9ndole a sus seres queridos que buscaran las pilas de cuerpos en la morgue si quer\u00edan.<\/p>\n<p><img loading=\"lazy\" decoding=\"async\" class=\"aligncenter wp-image-1857\" src=\"http:\/\/alpar.com.co\/blog\/wp-content\/uploads\/ecuador.jpg\" alt=\"\" width=\"400\" height=\"223\" \/><\/p>\n<p style=\"text-align: justify;\">Muchos de los que no llegaron a los hospitales, la poblaci\u00f3n pobre que no pod\u00eda pagar la atenci\u00f3n m\u00e9dica, murieron en sus hogares. Sus familias los dejaron cubiertos en la casa durante d\u00edas o los envolvieron en pl\u00e1stico y colocaron los cuerpos en la acera. Un hombre muri\u00f3 mientras estaba en la fila afuera de una tienda. Alguien cubri\u00f3 su cuerpo con una lona azul y la multitud simplemente lo rode\u00f3 durante horas hasta que las autoridades finalmente lo levantaron.<\/p>\n<p style=\"text-align: justify;\">Las autoridades ecuatorianas eventualmente crearon una fuerza de tarea de soldados para recolectar cuerpos y llevarlos a los cementerios. A pesar del mandato del gobierno de incinerar los cuerpos de COVID-19, los soldados recurrieron al entierro porque los crematorios estaban llenos.<\/p>\n<h2><strong>Fosas comunes y transporte masivo<\/strong><\/h2>\n<p style=\"text-align: justify;\">En otras partes del mundo, el entierro tambi\u00e9n fue la \u00fanica soluci\u00f3n viable para deshacerse de los muertos por COVID-19. Los entierros masivos se volvieron comunes en Brasil.<\/p>\n<p><img loading=\"lazy\" decoding=\"async\" class=\"aligncenter wp-image-1854\" src=\"http:\/\/alpar.com.co\/blog\/wp-content\/uploads\/brasil.jpg\" alt=\"\" width=\"400\" height=\"198\" \/><\/p>\n<p>En Ir\u00e1n, una de las fosas funerarias del pa\u00eds era tan grande que era visible desde el espacio.<\/p>\n<p><img loading=\"lazy\" decoding=\"async\" class=\"aligncenter wp-image-1858\" src=\"http:\/\/alpar.com.co\/blog\/wp-content\/uploads\/iran.jpg\" alt=\"\" width=\"400\" height=\"229\" \/><\/p>\n<p>&nbsp;<\/p>\n<p style=\"text-align: justify;\">En Italia, hasta el 60% de las familias solicitan cremaci\u00f3n, la mayor\u00eda por miedo a infectarse con un cad\u00e1ver. Algunas regiones han pedido camiones del ej\u00e9rcito para transportar cuerpos a crematorios menos estresados en otras \u00e1reas del pa\u00eds.<\/p>\n<p><img loading=\"lazy\" decoding=\"async\" class=\"aligncenter wp-image-1853\" src=\"http:\/\/alpar.com.co\/blog\/wp-content\/uploads\/italia.jpg\" alt=\"\" width=\"300\" height=\"325\" \/><\/p>\n<p style=\"text-align: justify;\">Los profesionales funerarios de nuestro pa\u00eds se han enfrentado a luchas incre\u00edbles. No se puede negar eso en absoluto. No podemos consolarnos al saber que las cosas son peores en otras \u00e1reas del mundo. Sin embargo, con suerte podemos hacer preparativos y ajustes ahora para evitar situaciones similares m\u00e1s adelante.<\/p>\n<hr \/>\n<p><em>Texto con traducci\u00f3n autom\u00e1tica de Google.<\/em><\/p>\n<hr \/>\n<p><strong><em>Fuente:<\/em><\/strong>\u00a0 Conecting Directors<em> (Agosto 5 de 2020): <\/em><a href=\"https:\/\/connectingdirectors.com\/57380-body-collection-across-the-globe\" target=\"_blank\" rel=\"noreferrer noopener\" aria-label=\"www.revistafuneraria.com (abre en una nueva pesta\u00f1a)\"><em>www.connectingdirectors.com<\/em><\/a><\/p>\n","protected":false},"excerpt":{"rendered":"<p>Somos conscientes de los problemas de almacenamiento de cuerpos que asolaron Nueva York en el punto \u00e1lgido de la pandemia. Estos mismos problemas ahora est\u00e1n aumentando en Texas, Arizona y probablemente en otros estados. Tambi\u00e9n hemos escuchado sobre el aumento de las tasas de cremaci\u00f3n (a\u00fan no contadas) en los Estados Unidos, debido a las [&hellip;]<\/p>\n","protected":false},"author":106,"featured_media":1865,"comment_status":"open","ping_status":"open","sticky":false,"template":"","format":"standard","meta":{"_et_pb_use_builder":"","_et_pb_old_content":"","_et_gb_content_width":"","footnotes":""},"categories":[3],"tags":[],"class_list":["post-1852","post","type-post","status-publish","format-standard","has-post-thumbnail","hentry","category-articulos"],"_links":{"self":[{"href":"https:\/\/alpar.com.co\/blog\/wp-json\/wp\/v2\/posts\/1852","targetHints":{"allow":["GET"]}}],"collection":[{"href":"https:\/\/alpar.com.co\/blog\/wp-json\/wp\/v2\/posts"}],"about":[{"href":"https:\/\/alpar.com.co\/blog\/wp-json\/wp\/v2\/types\/post"}],"author":[{"embeddable":true,"href":"https:\/\/alpar.com.co\/blog\/wp-json\/wp\/v2\/users\/106"}],"replies":[{"embeddable":true,"href":"https:\/\/alpar.com.co\/blog\/wp-json\/wp\/v2\/comments?post=1852"}],"version-history":[{"count":5,"href":"https:\/\/alpar.com.co\/blog\/wp-json\/wp\/v2\/posts\/1852\/revisions"}],"predecessor-version":[{"id":1866,"href":"https:\/\/alpar.com.co\/blog\/wp-json\/wp\/v2\/posts\/1852\/revisions\/1866"}],"wp:featuredmedia":[{"embeddable":true,"href":"https:\/\/alpar.com.co\/blog\/wp-json\/wp\/v2\/media\/1865"}],"wp:attachment":[{"href":"https:\/\/alpar.com.co\/blog\/wp-json\/wp\/v2\/media?parent=1852"}],"wp:term":[{"taxonomy":"category","embeddable":true,"href":"https:\/\/alpar.com.co\/blog\/wp-json\/wp\/v2\/categories?post=1852"},{"taxonomy":"post_tag","embeddable":true,"href":"https:\/\/alpar.com.co\/blog\/wp-json\/wp\/v2\/tags?post=1852"}],"curies":[{"name":"wp","href":"https:\/\/api.w.org\/{rel}","templated":true}]}}