{"id":1900,"date":"2020-09-17T17:49:12","date_gmt":"2020-09-17T22:49:12","guid":{"rendered":"http:\/\/alpar.com.co\/blog\/?p=1900"},"modified":"2020-09-18T09:05:02","modified_gmt":"2020-09-18T14:05:02","slug":"como-seran-los-cementerios-en-el-futuro","status":"publish","type":"post","link":"https:\/\/alpar.com.co\/blog\/como-seran-los-cementerios-en-el-futuro\/","title":{"rendered":"\u00bfC\u00f3mo ser\u00e1n los cementerios en el futuro?"},"content":{"rendered":"<p style=\"text-align: justify;\">El crecimiento demogr\u00e1fico en Lima es un reto para el sector de servicios funerarios. Los complejos de nichos verticales se perfilan como la soluci\u00f3n hacia el futuro.<\/p>\n<p style=\"text-align: justify;\">Lima es una megaurbe en constante crecimiento: ocho millones y medio de personas viven en la capital. El boom demogr\u00e1fico contin\u00faa y afecta de manera distinta a diferentes sectores. En el de vivienda, por ejemplo, los edificios por departamentos vienen reemplazando a las tradicionales casas desde hace al menos dos d\u00e9cadas. El terreno se vuelve escaso y su precio aumenta considerablemente.<\/p>\n<p style=\"text-align: justify;\">Lo mismo ocurre en el sector de servicios funerarios. Lima Metropolitana registra 40 mil defunciones cada a\u00f1o, pero apenas existen 20 cementerios formales para satisfacer esta demanda. Adicionalmente, la pandemia del\u00a0COVID-19\u00a0ha agravado la situaci\u00f3n y es necesario adaptarse a ella.<\/p>\n<p style=\"text-align: justify;\">Otras grandes ciudades de la regi\u00f3n y el mundo han solucionado este problema gracias a la innovaci\u00f3n arquitect\u00f3nica de los cementerios verticales. El m\u00e1s grande del pa\u00eds es el complejo de nichos de Parque del Recuerdo, inaugurado recientemente en Puente Piedra. Con ocho pisos y una terraza de columbarios, se trata de la edificaci\u00f3n m\u00e1s alta en el Per\u00fa destinada a un camposanto.<\/p>\n<p style=\"text-align: justify;\">Ha sido construida sobre un terreno de 900 metros cuadrados y alberga m\u00e1s de 7.000 nichos y 8.000 columbarios (cub\u00edculos destinados a las urnas que contienen cenizas). El espacio para las urnas es cada vez m\u00e1s necesario ya que el 30% de los difuntos en Lima son cremados. La nueva propuesta viene acompa\u00f1ada de precios accesibles -que oscilan entre los S\/ 6.600 y S\/ 11.900- con planes de financiamiento y facilidades para los deudos.<\/p>\n<p style=\"text-align: justify;\"><em>\u201cPara nosotros, el complejo de nichos representa la modernidad y perpetuidad. Valoramos mucho nuestra fe cat\u00f3lica. Por ello el complejo est\u00e1 bendecido y es digno para el descanso eterno de los seres queridos. Contamos adem\u00e1s con cuotas accesibles, posibilidad de elecci\u00f3n de nichos contiguos para parejas, dos ascensores con capacidad para m\u00e1s de diez personas, ventilaci\u00f3n permanente y seguridad permanente todo el a\u00f1o\u201d,<\/em> afirma\u00a0Waldo Sierra, Gerente comercial del camposanto cat\u00f3lico Parque del Recuerdo.<\/p>\n<p style=\"text-align: justify;\">En el complejo de nichos se sigue tambi\u00e9n un estricto protocolo para evitar contagios de COVID-19. Se permite un aforo m\u00e1ximo de 10 personas en cada sepelio y solo 5 en caso de que el fallecimiento haya sido por COVID-19. Adem\u00e1s, no se permite el ingreso de ni\u00f1os, mujeres gestantes o adultos mayores.<\/p>\n<p style=\"text-align: justify;\"><em>\u201cComo medida preventiva, nuestro personal de protocolo se coloca a una distancia de dos metros de los familiares y operarios. En caso de COVID-19 o sospecha del mismo, tras finalizar cada atenci\u00f3n, desinfectan sus gafas y desechan los guantes y cobertores de zapatos que utilizan. Para los sepelios tradicionales, tambi\u00e9n se utilizan mascarillas, guantes y se mantiene la distancia de dos metros\u201d,<\/em> agrega Sierra.<\/p>\n<hr \/>\n<p dir=\"ltr\"><strong><em>Tomado de:<\/em><\/strong><br \/>\n<em>Expreso (Agosto de 2020). \u00bfC\u00f3mo ser\u00e1n los cementerios en el futuro?. Recuperado de: <\/em><a href=\"https:\/\/www.expreso.com.pe\/medicina\/como-seran-los-cementerios-en-el-futuro\/\" target=\"_blank\" rel=\"noreferrer noopener\" aria-label=\"www.expreso.com.pe (abre en una nueva pesta\u00f1a)\"><em>www.expreso.com.pe<\/em><\/a><\/p>\n","protected":false},"excerpt":{"rendered":"<p>El crecimiento demogr\u00e1fico en Lima es un reto para el sector de servicios funerarios. Los complejos de nichos verticales se perfilan como la soluci\u00f3n hacia el futuro. Lima es una megaurbe en constante crecimiento: ocho millones y medio de personas viven en la capital. El boom demogr\u00e1fico contin\u00faa y afecta de manera distinta a diferentes [&hellip;]<\/p>\n","protected":false},"author":106,"featured_media":1901,"comment_status":"open","ping_status":"open","sticky":false,"template":"","format":"standard","meta":{"_et_pb_use_builder":"","_et_pb_old_content":"","_et_gb_content_width":"","footnotes":""},"categories":[3],"tags":[],"class_list":["post-1900","post","type-post","status-publish","format-standard","has-post-thumbnail","hentry","category-articulos"],"_links":{"self":[{"href":"https:\/\/alpar.com.co\/blog\/wp-json\/wp\/v2\/posts\/1900","targetHints":{"allow":["GET"]}}],"collection":[{"href":"https:\/\/alpar.com.co\/blog\/wp-json\/wp\/v2\/posts"}],"about":[{"href":"https:\/\/alpar.com.co\/blog\/wp-json\/wp\/v2\/types\/post"}],"author":[{"embeddable":true,"href":"https:\/\/alpar.com.co\/blog\/wp-json\/wp\/v2\/users\/106"}],"replies":[{"embeddable":true,"href":"https:\/\/alpar.com.co\/blog\/wp-json\/wp\/v2\/comments?post=1900"}],"version-history":[{"count":1,"href":"https:\/\/alpar.com.co\/blog\/wp-json\/wp\/v2\/posts\/1900\/revisions"}],"predecessor-version":[{"id":1902,"href":"https:\/\/alpar.com.co\/blog\/wp-json\/wp\/v2\/posts\/1900\/revisions\/1902"}],"wp:featuredmedia":[{"embeddable":true,"href":"https:\/\/alpar.com.co\/blog\/wp-json\/wp\/v2\/media\/1901"}],"wp:attachment":[{"href":"https:\/\/alpar.com.co\/blog\/wp-json\/wp\/v2\/media?parent=1900"}],"wp:term":[{"taxonomy":"category","embeddable":true,"href":"https:\/\/alpar.com.co\/blog\/wp-json\/wp\/v2\/categories?post=1900"},{"taxonomy":"post_tag","embeddable":true,"href":"https:\/\/alpar.com.co\/blog\/wp-json\/wp\/v2\/tags?post=1900"}],"curies":[{"name":"wp","href":"https:\/\/api.w.org\/{rel}","templated":true}]}}