{"id":1959,"date":"2020-11-12T15:59:14","date_gmt":"2020-11-12T20:59:14","guid":{"rendered":"http:\/\/alpar.com.co\/blog\/?p=1959"},"modified":"2020-11-13T09:56:37","modified_gmt":"2020-11-13T14:56:37","slug":"actualizacion-de-restricciones-y-cifras-de-contagios-y-fallecimientos-por-covid-19-de-los-paises-miembro-de-la-effs","status":"publish","type":"post","link":"https:\/\/alpar.com.co\/blog\/actualizacion-de-restricciones-y-cifras-de-contagios-y-fallecimientos-por-covid-19-de-los-paises-miembro-de-la-effs\/","title":{"rendered":"Actualizaci\u00f3n de las restricciones y cifras de contagios y fallecimientos por COVID-19 en los pa\u00edses miembros de EFFS."},"content":{"rendered":"<p style=\"text-align: left;\">Desde el inicio de la pandemia provocada por la Covid-19, la Federaci\u00f3n Europea de Servicios Funerarios (EFFS) ha seguido de cerca las cifras de fallecimientos en cada uno de sus pa\u00edses miembro, as\u00ed como las restricciones relativas a la celebraci\u00f3n de servicios funerarios. A continuaci\u00f3n reproducimos la \u00faltima actualizaci\u00f3n de datos, con fecha 2 de noviembre:<\/p>\r\n<h2><strong>&#x1f1e6;&#x1f1f9; Austria<\/strong><\/h2>\r\n<p style=\"text-align: left;\">El aforo m\u00e1ximo para las ceremonias f\u00fanebres queda limitado a un total de 100 participantes. Hasta la fecha, el n\u00famero total de fallecidos es de 1.064 y la cifra de personas infectadas est\u00e1 aumentando considerablemente. Se espera la implantaci\u00f3n de fuertes medidas restrictivas en las pr\u00f3ximas semanas.<\/p>\r\n<h2><strong>&#x1f1e9;&#x1f1ea; Alemania<\/strong><\/h2>\r\n<p style=\"text-align: left;\">El gobierno federal ha establecido restricciones estrictas durante el mes de noviembre que implican un cierre parcial en todas las regiones, con el objetivo de mantener bajo control la capacidad de los centros sanitarios. As\u00ed, las instalaciones de ocio han quedado clausuradas aunque las escuelas permanecen abiertas y se permite la celebraci\u00f3n de funerales siempre y cuando se mantengan las medidas de higiene establecidas: respetar la distancia m\u00ednima de 1,50 m. excepto en el caso de los familiares cercanos y el uso de mascarilla. De la misma manera, los funerales de 25 asistentes o m\u00e1s deben celebrarse al aire libre, el conductor de la ceremonia puede no usar mascarilla y los servicios de catering est\u00e1n prohibidos. Aunque estas son las restricciones con car\u00e1cter general, cada uno de los 16 estados que conforman Alemania puede implementar sus propias medidas.<\/p>\r\n<p style=\"text-align: left;\">El n\u00famero de infectados por Covid-19 est\u00e1 aumentando r\u00e1pidamente (m\u00e1s de 19.000 personas al d\u00eda a fecha 31 de octubre) y la cifra de muertes ha aumentado muy ligeramente.<\/p>\r\n<h2><strong>&#x1f1ee;&#x1f1f9; Italia <\/strong><\/h2>\r\n<p style=\"text-align: justify;\">La cifra medida de fallecimientos causados por la Covid-19 es de 200 al d\u00eda y el n\u00famero de contagios aumenta a diario, habiendo llegado a rozar los 20.000. Recientemente, el gobierno italiano ha impuesto fuertes restricciones a las actividades de ocio \u2013los restaurantes y bares pueden abrir solo hasta las 18 h y no pueden celebrarse reuniones de m\u00e1s de 6 personas- y el uso de mascarilla es obligatorio en espacios abiertos y cerrados. Asimismo, se promueve el teletrabajo. Aunque con algunas restricciones, los centros educativos permanecen abiertos. Existe la posibilidad de que se declare el confinamiento en algunas ciudades y \u00e1reas donde el n\u00famero de contagios y hospitalizaciones sea peligrosamente alto.<\/p>\r\n<h2><strong>&#x1f1f3;&#x1f1f4; Noruega <\/strong><\/h2>\r\n<p style=\"text-align: justify;\">El pa\u00eds n\u00f3rdico est\u00e1 experimentando un crecimiento en el n\u00famero de infectados, aunque la cifra de fallecidos por Covid-19 es muy baja: 275. En las ceremonias f\u00fanebres se admiten hasta 200 participantes y las reuniones privadas est\u00e1n restringidas a 50. En algunos municipios esta cifra se limita a 20.<\/p>\r\n<h2><strong>&#x1f1f5;&#x1f1f9; Portugal<\/strong><\/h2>\r\n<p style=\"text-align: justify;\">Desde el inicio de la pandemia, Portugal ha notificado 144.341 casos de Covid-19, de los que se han recuperado 81.771 pacientes. La cifra de muertes asciende a 2.544. El pasado mes de octubre se registr\u00f3 un promedio diario de 3.596 nuevos positivos (un 512% m\u00e1s que abril) y 30 muertes al d\u00eda (un 7% m\u00e1s que abril). Estas cifras indican que la pandemia va en aumento y preocupa la capacidad de los centros sanitarios. Por ello, las autoridades recomiendan a la poblaci\u00f3n permanecer en sus hogares y establecer el teletrabajo siempre que sea posible. No se permiten reuniones de m\u00e1s de 5 personas, el uso de mascarilla es obligatorio y las tiendas y restaurantes deben cerrar a las 22 h. En cuanto a los funerales, \u00e9stos no tienen aforo limitado si se celebran en el exterior. Las limitaciones para asistentes en ceremonias en espacios interiores est\u00e1n marcadas por las autoridades de cada zona.<\/p>\r\n<h2><strong>&#x1f1ea;&#x1f1f8; Espa\u00f1a<\/strong><\/h2>\r\n<p style=\"text-align: justify;\">A petici\u00f3n del Gobierno, el Congreso de los Diputados aprobaba el pasado mes de octubre un nuevo periodo de estado de alarma, vigente durante seis meses. Bajo esta cobertura legal, las diferentes Comunidades Aut\u00f3nomas pueden aprobar restricciones dependiendo de c\u00f3mo evolucione la pandemia en sus territorios.<\/p>\r\n<p style=\"text-align: justify;\">Dentro de la declaraci\u00f3n del estado de alarma, se ha instaurado el toque de queda, establecido para todos los d\u00edas de la semana entre las 22 y las 6 h. Tambi\u00e9n se ha impuesto en algunos casos el cierre perimetral por municipios o comunidades, aunque no el confinamiento domiciliario. En diversas regiones, los restaurantes y bares permanecen cerrados al p\u00fablico \u2013se permite la entrega de comida para llevar- , as\u00ed como cines, teatros, clubes deportivos, entre otras instalaciones dedicadas al ocio. Los colegios permanecen abiertos y las universidades imparten clases principalmente de manera telem\u00e1tica.<\/p>\r\n<p style=\"text-align: justify;\">La tasa de nuevas infecciones ha aumentado de forma considerable y, en total, Espa\u00f1a ha notificado 1.190.000 casos de Covid-19 y 35.877 muertes. El n\u00famero diario de ingresos hospitalarios tambi\u00e9n est\u00e1 aumentando y las autoridades prev\u00e9n un colapso del sistema de salud en pocas semanas. A pesar de todo, las restricciones empiezan a manifestar efectos positivos en los territorios donde se inici\u00f3 antes su aplicaci\u00f3n.<\/p>\r\n<p style=\"text-align: justify;\">El n\u00famero de muertes diarias por Covid-19 ha aumentado, pero est\u00e1 muy por debajo de los niveles alcanzados en marzo y abril. Las salas de vela pueden acoger un m\u00e1ximo de 6 personas y durante las ceremonias el aforo debe estar limitado al 30%. Durante el fin de semana de la festividad de Todos los Santos, el n\u00famero de visitantes a los cementerios se redujo significativamente, en comparaci\u00f3n con el pasado a\u00f1o.<\/p>\r\n<h2><strong>&#x1f1f8;&#x1f1ea; Suecia<\/strong><\/h2>\r\n<p style=\"text-align: justify;\">La cifra de mortalidad es muy baja, aunque en las \u00faltimas semanas se ha constatado una mayor tasa de contagios. A pesar de ello, se ha aumentado el aforo en los funerales, pasando de 50 asistentes a 300.<\/p>\r\n<hr \/>\r\n<p><em><strong>Fuente:<\/strong> Revista Funeraria (Noviembre de 2020): <a href=\"https:\/\/revistafuneraria.com\/noticias\/actualizaciones-de-restricciones-y-cifras-de-contagios-y-fallecimientos-por-covid-19-de-los?utm_source=Newsletter+Revista+Funeraria&amp;utm_campaign=618620abe1-EMAIL_CAMPAIGN_2020_11_06_11_45&amp;utm_medium=email&amp;utm_term=0_47e7cbc405-618620abe1-110310305\" target=\"_blank\" rel=\"noreferrer noopener\" aria-label=\"www.revistafuneraria.com (abre en una nueva pesta\u00f1a)\">www.revistafuneraria.com<\/a><\/em><\/p>","protected":false},"excerpt":{"rendered":"<p>Desde el inicio de la pandemia provocada por la Covid-19, la Federaci\u00f3n Europea de Servicios Funerarios (EFFS) ha seguido de cerca las cifras de fallecimientos en cada uno de sus pa\u00edses miembro, as\u00ed como las restricciones relativas a la celebraci\u00f3n de servicios funerarios. A continuaci\u00f3n reproducimos la \u00faltima actualizaci\u00f3n de datos, con fecha 2 de [&hellip;]<\/p>\n","protected":false},"author":106,"featured_media":1974,"comment_status":"open","ping_status":"open","sticky":false,"template":"","format":"standard","meta":{"_et_pb_use_builder":"","_et_pb_old_content":"","_et_gb_content_width":"","footnotes":""},"categories":[3],"tags":[],"class_list":["post-1959","post","type-post","status-publish","format-standard","has-post-thumbnail","hentry","category-articulos"],"_links":{"self":[{"href":"https:\/\/alpar.com.co\/blog\/wp-json\/wp\/v2\/posts\/1959","targetHints":{"allow":["GET"]}}],"collection":[{"href":"https:\/\/alpar.com.co\/blog\/wp-json\/wp\/v2\/posts"}],"about":[{"href":"https:\/\/alpar.com.co\/blog\/wp-json\/wp\/v2\/types\/post"}],"author":[{"embeddable":true,"href":"https:\/\/alpar.com.co\/blog\/wp-json\/wp\/v2\/users\/106"}],"replies":[{"embeddable":true,"href":"https:\/\/alpar.com.co\/blog\/wp-json\/wp\/v2\/comments?post=1959"}],"version-history":[{"count":16,"href":"https:\/\/alpar.com.co\/blog\/wp-json\/wp\/v2\/posts\/1959\/revisions"}],"predecessor-version":[{"id":1976,"href":"https:\/\/alpar.com.co\/blog\/wp-json\/wp\/v2\/posts\/1959\/revisions\/1976"}],"wp:featuredmedia":[{"embeddable":true,"href":"https:\/\/alpar.com.co\/blog\/wp-json\/wp\/v2\/media\/1974"}],"wp:attachment":[{"href":"https:\/\/alpar.com.co\/blog\/wp-json\/wp\/v2\/media?parent=1959"}],"wp:term":[{"taxonomy":"category","embeddable":true,"href":"https:\/\/alpar.com.co\/blog\/wp-json\/wp\/v2\/categories?post=1959"},{"taxonomy":"post_tag","embeddable":true,"href":"https:\/\/alpar.com.co\/blog\/wp-json\/wp\/v2\/tags?post=1959"}],"curies":[{"name":"wp","href":"https:\/\/api.w.org\/{rel}","templated":true}]}}