{"id":1979,"date":"2020-11-26T18:19:05","date_gmt":"2020-11-26T23:19:05","guid":{"rendered":"http:\/\/alpar.com.co\/blog\/?p=1979"},"modified":"2020-11-27T11:22:28","modified_gmt":"2020-11-27T16:22:28","slug":"puerta-del-cielo-representa-a-la-republica-dominicana-en-la-convencion-internacional-de-la-red-iberoamericana-de-valorizacion-y-gestion-de-cementerios-patrimoniales","status":"publish","type":"post","link":"https:\/\/alpar.com.co\/blog\/puerta-del-cielo-representa-a-la-republica-dominicana-en-la-convencion-internacional-de-la-red-iberoamericana-de-valorizacion-y-gestion-de-cementerios-patrimoniales\/","title":{"rendered":"Puerta del Cielo representa a la Rep\u00fablica Dominicana en la Convenci\u00f3n Internacional de la Red Iberoamericana de Valorizaci\u00f3n y Gesti\u00f3n de Cementerios Patrimoniales."},"content":{"rendered":"<p style=\"text-align: justify;\">La Red Iberoamericana de Gesti\u00f3n y Valorizaci\u00f3n de Cementerios Patrimoniales celebr\u00f3 en el mes de noviembre su convenci\u00f3n Internacional 2020, en un encuentro modalidad virtual que abarc\u00f3 27 pa\u00edses de Iberoam\u00e9rica incluyendo Espa\u00f1a, Francia, Brasil, M\u00e9xico y Rep\u00fablica Dominicana. Los cementerios patrimoniales son camposantos con valor cultural, art\u00edstico e hist\u00f3rico.<\/p>\r\n<p>&nbsp;<\/p>\r\n<p style=\"text-align: justify;\">En la Rep\u00fablica Dominicana tenemos el cementerio de la Ave. Independencia, primer cementerio oficial\u00a0 declarado Monumento Hist\u00f3rico y el cementerio\u00a0 Puerta del Cielo, primer cementerio privado con un amplio valor Patrimonial, Cultural, siendo ambos reconocidos como museos a Cielo Abierto.<\/p>\r\n<p>&nbsp;<\/p>\r\n<p style=\"text-align: justify;\">Parque Cementerio Puerta del Cielo, fue incluido en la membres\u00eda de La Red Iberoamericana de Cementerios Patrimoniales por ser un cementerio con gran\u00a0 riqueza cultural\u00a0 e hist\u00f3rica\u00a0 de valor\u00a0 Patrimonial,\u00a0 ya que en su camposanto han sido enterrados y trasladados m\u00e1s de 100 ilustres\u00a0 personalidades de la historia y cultura\u00a0 de la Rep\u00fablica Dominicana. Entre ellos figuras de gran importancia y relevancia como poetas, historiadores, pintores, escritores, h\u00e9roes nacionales y connotados empresarios.\u00a0 Este colectivo de gestores de saberes est\u00e1 recogido en un libro para dotar a las futuras generaciones de su herencia hist\u00f3rica y cultural.<\/p>\r\n<p>&nbsp;<\/p>\r\n<p style=\"text-align: justify;\">En esta ocasi\u00f3n la Red Iberoamericana \u00a0incluy\u00f3 como tema principal de\u00a0 la Convenci\u00f3n\u00a0 Internacional, un espacio de discusi\u00f3n y reflexi\u00f3n sobre el tema \u00a0\u201cCovid 19\u201d: <em>Retos, Oportunidades y Afectaciones frente al Patrimonio Funerario Material e Inmaterial y las pol\u00edticas p\u00fablicas\u00a0 para la gesti\u00f3n de servicios funerarios en \u00e9poca de pandemia.<\/em><\/p>\r\n<p>&nbsp;<\/p>\r\n<p style=\"text-align: justify;\">La Sra. Norma de Vargas, represent\u00f3 a la Rep\u00fablica Dominicana en la mesa redonda virtual\u00a0 y en su disertaci\u00f3n \u00a0destac\u00f3 que Puerta del Cielo acoge las medidas de protocolo de la Organizaci\u00f3n Mundial de Salud y de la Comisi\u00f3n de Alto Nivel del Ministerio de Salud P\u00fablica del pa\u00eds.\u00a0 Su ponencia fue ampliada por ilustraciones, que mostraban los materiales y equipos de Bioseguridad\u00a0 y Protecci\u00f3n Personal EPP utilizados, y las acciones implementadas por Puerta del Cielo para contribuir a la contenci\u00f3n y mitigaci\u00f3n ante la pandemia\u00a0 Covid-19, \u00a0con el fin de proteger a los colaboradores y a las familias.<\/p>\r\n<p>El encuentro\u00a0 virtual se llev\u00f3 a cabo en las plataformas digital Zoom y YouTube durante 2 jornadas y fue organizado por la Red Iberoamericana de Valoraci\u00f3n y Gesti\u00f3n de Cementerios Patrimoniales, con el objetivo de dar a conocer los retos y oportunidades frente a la tem\u00e1tica del COVID 19 en los diferentes pa\u00edses que participaron, ampliando su importancia en estos tiempos de estado de emergencia de salud a nivel internacional.<\/p>\r\n<p>&nbsp;<\/p>\r\n<p style=\"text-align: justify;\">Las ponencias expuestas\u00a0 ser\u00e1n recogidas por la Red Iberoamericana y un compendio de las mismas ser\u00e1 preparado\u00a0 para que la membrec\u00eda lo socialice con las autoridades pertinentes de cada pa\u00eds.<\/p>\r\n<hr class=\"wp-block-separator\" \/>\r\n<p><strong>Un aporte de Parque Cementerio Puerta del Cielo. <\/strong><\/br> <strong>Rep\u00fablica Dominicana.<\/strong><\/br> Asociado ALPAR<\/p>\r\n\r\n\r\n","protected":false},"excerpt":{"rendered":"<p>La Red Iberoamericana de Gesti\u00f3n y Valorizaci\u00f3n de Cementerios Patrimoniales celebr\u00f3 en el mes de noviembre su convenci\u00f3n Internacional 2020, en un encuentro modalidad virtual que abarc\u00f3 27 pa\u00edses de Iberoam\u00e9rica incluyendo Espa\u00f1a, Francia, Brasil, M\u00e9xico y Rep\u00fablica Dominicana. Los cementerios patrimoniales son camposantos con valor cultural, art\u00edstico e hist\u00f3rico. &nbsp; En la Rep\u00fablica Dominicana [&hellip;]<\/p>\n","protected":false},"author":106,"featured_media":1981,"comment_status":"open","ping_status":"open","sticky":false,"template":"","format":"standard","meta":{"_et_pb_use_builder":"","_et_pb_old_content":"","_et_gb_content_width":"","footnotes":""},"categories":[3],"tags":[],"class_list":["post-1979","post","type-post","status-publish","format-standard","has-post-thumbnail","hentry","category-articulos"],"_links":{"self":[{"href":"https:\/\/alpar.com.co\/blog\/wp-json\/wp\/v2\/posts\/1979","targetHints":{"allow":["GET"]}}],"collection":[{"href":"https:\/\/alpar.com.co\/blog\/wp-json\/wp\/v2\/posts"}],"about":[{"href":"https:\/\/alpar.com.co\/blog\/wp-json\/wp\/v2\/types\/post"}],"author":[{"embeddable":true,"href":"https:\/\/alpar.com.co\/blog\/wp-json\/wp\/v2\/users\/106"}],"replies":[{"embeddable":true,"href":"https:\/\/alpar.com.co\/blog\/wp-json\/wp\/v2\/comments?post=1979"}],"version-history":[{"count":4,"href":"https:\/\/alpar.com.co\/blog\/wp-json\/wp\/v2\/posts\/1979\/revisions"}],"predecessor-version":[{"id":1985,"href":"https:\/\/alpar.com.co\/blog\/wp-json\/wp\/v2\/posts\/1979\/revisions\/1985"}],"wp:featuredmedia":[{"embeddable":true,"href":"https:\/\/alpar.com.co\/blog\/wp-json\/wp\/v2\/media\/1981"}],"wp:attachment":[{"href":"https:\/\/alpar.com.co\/blog\/wp-json\/wp\/v2\/media?parent=1979"}],"wp:term":[{"taxonomy":"category","embeddable":true,"href":"https:\/\/alpar.com.co\/blog\/wp-json\/wp\/v2\/categories?post=1979"},{"taxonomy":"post_tag","embeddable":true,"href":"https:\/\/alpar.com.co\/blog\/wp-json\/wp\/v2\/tags?post=1979"}],"curies":[{"name":"wp","href":"https:\/\/api.w.org\/{rel}","templated":true}]}}