{"id":1986,"date":"2020-12-03T09:46:08","date_gmt":"2020-12-03T14:46:08","guid":{"rendered":"http:\/\/alpar.com.co\/blog\/?p=1986"},"modified":"2020-12-04T10:57:44","modified_gmt":"2020-12-04T15:57:44","slug":"panasef-solicita-que-el-personal-funerario-sea-colectivo-prioritario-en-la-vacunacion-contra-la-covid-19","status":"publish","type":"post","link":"https:\/\/alpar.com.co\/blog\/panasef-solicita-que-el-personal-funerario-sea-colectivo-prioritario-en-la-vacunacion-contra-la-covid-19\/","title":{"rendered":"PANASEF solicita que el personal funerario sea colectivo prioritario en la vacunaci\u00f3n contra la covid-19"},"content":{"rendered":"<p style=\"text-align: justify;\">La\u00a0<strong>Asociaci\u00f3n Espa\u00f1ola de Servicios Funerarios (PANASEF)<\/strong>\u00a0ha solicitado al\u00a0<strong>Centro de Coordinaci\u00f3n de Alertas y Emergencias Sanitarias<\/strong> (Ministerio de Sanidad de Espa\u00f1a) que el personal de las empresas de <strong>servicios funerarios sea considerado colectivo prioritario para la vacunaci\u00f3n contra la Covid-19\u00a0<\/strong>y sea incluido en el Plan de Vacunaci\u00f3n que se present\u00f3 este martes, ya que estos profesionales est\u00e1n en contacto directo no solo con los fallecidos por la Covid-19 sino tambi\u00e9n con sus familiares, habitualmente \u00faltimos contactos directos con estos fallecidos.<\/p>\n<p style=\"text-align: justify;\">\u201c<strong><em>Los profesionales funerarios son el \u00faltimo<\/em><\/strong>\u00a0<strong><em>eslab\u00f3n de la cadena sanitaria y est\u00e1n muy expuestos al virus<\/em><\/strong><em>. Parte importante de su labor es la retirada de fallecidos en los hospitales y residencias de ancianos, lugares con una alta incidencia de fallecidos por Covid-19. Por tanto, creemos que es necesario que el personal funerario sea considerado colectivo prioritario y se les pueda administrar la vacuna contra la Covid-19 en una primera fase\u201d,\u00a0<\/em>seg\u00fan Alfredo Gos\u00e1lvez, secretario general de PANASEF, quien a\u00f1ade que el servicio funerario es un servicio esencial b\u00e1sico y,<strong>\u00a0<\/strong>\u00a0aunque las empresas funerarias hayan adoptado todas las medidas para minimizar el riesgo entre el personal, el riesgo cero no existe.<\/p>\n<p style=\"text-align: justify;\">El cierre de las instalaciones funerarias por cuarentena de sus trabajadores, no solo supondr\u00eda un riesgo sanitario sino tambi\u00e9n emocional para los familiares y amigos de los fallecidos, ya que no podr\u00edan despedirse de su ser querido y se retrasar\u00eda el proceso de duelo. Una situaci\u00f3n que ya se ha vivido en la primera ola de la pandemia y que ha supuesto importantes consecuencias psicol\u00f3gicas para las familias afectadas.<em>\u00a0\u201cEl posible cierre de alguna empresa funeraria por contagio de Covid-19 entre sus trabajadores podr\u00eda suponer un riesgo sanitario ya que no se podr\u00edan realizar las recogidas de fallecidos y se podr\u00edan bloquear los hospitales. No nos podemos permitir esta situaci\u00f3n sobre todo estos meses en los que el incremento de fallecidos est\u00e1 siendo tan importante<\/em>\u201d, afirma Gos\u00e1lvez.<\/p>\n<hr \/>\n<p><strong><em>Fuente:<\/em><\/strong> <em>Revista Funeraria (Noviembre de 2020): <\/em><a href=\"https:\/\/revistafuneraria.com\/noticias\/panasef-solicita-que-el-personal-funerario-sea-colectivo-prioritario-en-la-vacunaci%C3%B3n?utm_source=Newsletter+Revista+Funeraria&amp;utm_campaign=3261465b48-EMAIL_CAMPAIGN_2020_11_27_11_34&amp;utm_medium=email&amp;utm_term=0_47e7cbc405-3261465b48-110310305\" target=\"_blank\" rel=\"noreferrer noopener\" aria-label=\"www.revistafuneraria.com (abre en una nueva pesta\u00f1a)\"><em>www.revistafuneraria.com<\/em><\/a><\/p>\n","protected":false},"excerpt":{"rendered":"<p>La\u00a0Asociaci\u00f3n Espa\u00f1ola de Servicios Funerarios (PANASEF)\u00a0ha solicitado al\u00a0Centro de Coordinaci\u00f3n de Alertas y Emergencias Sanitarias (Ministerio de Sanidad de Espa\u00f1a) que el personal de las empresas de servicios funerarios sea considerado colectivo prioritario para la vacunaci\u00f3n contra la Covid-19\u00a0y sea incluido en el Plan de Vacunaci\u00f3n que se present\u00f3 este martes, ya que estos profesionales [&hellip;]<\/p>\n","protected":false},"author":106,"featured_media":1987,"comment_status":"open","ping_status":"open","sticky":false,"template":"","format":"standard","meta":{"_et_pb_use_builder":"","_et_pb_old_content":"","_et_gb_content_width":"","footnotes":""},"categories":[3],"tags":[],"class_list":["post-1986","post","type-post","status-publish","format-standard","has-post-thumbnail","hentry","category-articulos"],"_links":{"self":[{"href":"https:\/\/alpar.com.co\/blog\/wp-json\/wp\/v2\/posts\/1986","targetHints":{"allow":["GET"]}}],"collection":[{"href":"https:\/\/alpar.com.co\/blog\/wp-json\/wp\/v2\/posts"}],"about":[{"href":"https:\/\/alpar.com.co\/blog\/wp-json\/wp\/v2\/types\/post"}],"author":[{"embeddable":true,"href":"https:\/\/alpar.com.co\/blog\/wp-json\/wp\/v2\/users\/106"}],"replies":[{"embeddable":true,"href":"https:\/\/alpar.com.co\/blog\/wp-json\/wp\/v2\/comments?post=1986"}],"version-history":[{"count":2,"href":"https:\/\/alpar.com.co\/blog\/wp-json\/wp\/v2\/posts\/1986\/revisions"}],"predecessor-version":[{"id":1990,"href":"https:\/\/alpar.com.co\/blog\/wp-json\/wp\/v2\/posts\/1986\/revisions\/1990"}],"wp:featuredmedia":[{"embeddable":true,"href":"https:\/\/alpar.com.co\/blog\/wp-json\/wp\/v2\/media\/1987"}],"wp:attachment":[{"href":"https:\/\/alpar.com.co\/blog\/wp-json\/wp\/v2\/media?parent=1986"}],"wp:term":[{"taxonomy":"category","embeddable":true,"href":"https:\/\/alpar.com.co\/blog\/wp-json\/wp\/v2\/categories?post=1986"},{"taxonomy":"post_tag","embeddable":true,"href":"https:\/\/alpar.com.co\/blog\/wp-json\/wp\/v2\/tags?post=1986"}],"curies":[{"name":"wp","href":"https:\/\/api.w.org\/{rel}","templated":true}]}}