{"id":1991,"date":"2020-12-10T18:27:45","date_gmt":"2020-12-10T23:27:45","guid":{"rendered":"http:\/\/alpar.com.co\/blog\/?p=1991"},"modified":"2020-12-11T11:04:54","modified_gmt":"2020-12-11T16:04:54","slug":"grupo-resurreccion-comprometido-con-la-innovacion-en-proyectos-exequiales","status":"publish","type":"post","link":"https:\/\/alpar.com.co\/blog\/grupo-resurreccion-comprometido-con-la-innovacion-en-proyectos-exequiales\/","title":{"rendered":"Grupo Resurrecci\u00f3n comprometido con la innovaci\u00f3n en proyectos exequiales"},"content":{"rendered":"<p style=\"text-align: justify;\">Con m\u00e1s de 40 a\u00f1os de experiencia y trayectoria, Grupo Resurrecci\u00f3n, empresa afiliada a ALPAR en El Salvador, ha estado al servicio de miles de salvadore\u00f1os que han confiado en su responsabilidad y compa\u00f1\u00eda en los momentos de dolor por la p\u00e9rdida de un ser querido.<\/p>\n<p style=\"text-align: justify;\">Desde sus inicios, la corporaci\u00f3n se ha esmerado por ofrecer servicios exequiales de primera calidad, caracterizados por la innovaci\u00f3n y el alto valor agregado.<\/p>\n<p style=\"text-align: justify;\">Como entidad cuentan con la certificaci\u00f3n m\u00e1xima brindada por Salvanatura, debido a que son el \u00fanico cementerio del pa\u00eds como un parque memorial socialmente responsable en compromiso con el medio ambiente.<\/p>\n<p style=\"text-align: justify;\">Por ese motivo han apostado en continuar su buena pr\u00e1ctica con el desarrollo de tres nuevos proyectos que buscan estar a la vanguardia de los servicios para la poblaci\u00f3n con un sentido m\u00e1s ecol\u00f3gico, seg\u00fan coment\u00f3 Sara\u00ed Orantes, coordinadora de Mercadeo de Grupo Resurrecci\u00f3n.<\/p>\n<p style=\"text-align: justify;\">El primero se trata de cremoriales Los Crisantemos, un espacio que permitir\u00e1 resguardar las cenizas del fallecido en el interior del Parque Memorial La Resurrecci\u00f3n y contar\u00e1 con vista panor\u00e1mica.<\/p>\n<p style=\"text-align: justify;\">El segundo proyecto es la creaci\u00f3n de osarios a\u00e9reos y de piso, pensados como una opci\u00f3n para la disposici\u00f3n de los restos de un ser querido y liberar espacio de sus propiedades en cementerios municipales.<\/p>\n<p style=\"text-align: justify;\">Bajo la premisa de un desarrollo e innovaci\u00f3n constante, Grupo Resurrecci\u00f3n tambi\u00e9n lanzar\u00e1 el complejo funerario Capillas Altamira, el cual ofrecer\u00e1 un novedoso concepto en la industria funeraria salvadore\u00f1a.<\/p>\n<p style=\"text-align: justify;\">Este proyecto, al igual que los otros dos, apostar\u00e1n por combinar un concepto Eco-Urban\u00edstico para brindar un espacio donde dignificar la vida de un ser querido en contacto con la naturaleza, la reflexi\u00f3n y la paz.<\/p>\n<p style=\"text-align: justify;\">Capilla Altamira contar\u00e1 con cuatro salas de velaciones donde ofrecer\u00e1n un servicio universal con las mismas amenidades, sus precios rondar\u00e1n entre los $4,200; pero con el motivo de lanzamiento estar\u00e1n en promoci\u00f3n de precios especiales de $2,500 hasta el primero de enero de 2021.<\/p>\n<p style=\"text-align: justify;\">La manera de adquirir estos nuevos servicios ser\u00e1 por medios de los agentes de previsi\u00f3n de Grupo Resurrecci\u00f3n, quienes brindan una asesor\u00eda personalizada para conocer los gustos de los clientes y ofrecerles promociones.<\/p>\n<p style=\"text-align: justify;\">Los servicios con los que cuenta la corporaci\u00f3n son muy completos y est\u00e1n al alcance de todos, \u201cnuestros precios son bastante accesibles a pesar de que nuestra calidad e innovaci\u00f3n es superior\u201d, finaliz\u00f3 Orantes.<\/p>\n<p><img loading=\"lazy\" decoding=\"async\" class=\"size-full wp-image-1993 aligncenter\" src=\"http:\/\/alpar.com.co\/blog\/wp-content\/uploads\/grupo-resurreccion.jpg\" alt=\"\" width=\"600\" height=\"532\" srcset=\"http:\/\/alpar.com.co\/blog\/wp-content\/uploads\/grupo-resurreccion.jpg 600w, http:\/\/alpar.com.co\/blog\/wp-content\/uploads\/grupo-resurreccion-480x426.jpg 480w\" sizes=\"(min-width: 0px) and (max-width: 480px) 480px, (min-width: 481px) 600px, 100vw\" \/><\/p>\n<hr \/>\n<p><strong><em>Fuente:<\/em><\/strong> <em>El Salvador (Octubre 31 de 2020): <\/em><a href=\"https:\/\/www.elsalvador.com\/recomendados\/grupo-resurreccion-servicios-funerarios-dia-de-los-difuntos-proyectos\/770381\/2020\/\" target=\"_blank\" rel=\"noreferrer noopener\" aria-label=\"www.elsalvador.com (abre en una nueva pesta\u00f1a)\"><em>www.elsalvador.com<\/em><\/a><\/p>\n","protected":false},"excerpt":{"rendered":"<p>Con m\u00e1s de 40 a\u00f1os de experiencia y trayectoria, Grupo Resurrecci\u00f3n, empresa afiliada a ALPAR en El Salvador, ha estado al servicio de miles de salvadore\u00f1os que han confiado en su responsabilidad y compa\u00f1\u00eda en los momentos de dolor por la p\u00e9rdida de un ser querido. Desde sus inicios, la corporaci\u00f3n se ha esmerado por [&hellip;]<\/p>\n","protected":false},"author":106,"featured_media":1994,"comment_status":"open","ping_status":"open","sticky":false,"template":"","format":"standard","meta":{"_et_pb_use_builder":"","_et_pb_old_content":"","_et_gb_content_width":"","footnotes":""},"categories":[3],"tags":[],"class_list":["post-1991","post","type-post","status-publish","format-standard","has-post-thumbnail","hentry","category-articulos"],"_links":{"self":[{"href":"https:\/\/alpar.com.co\/blog\/wp-json\/wp\/v2\/posts\/1991","targetHints":{"allow":["GET"]}}],"collection":[{"href":"https:\/\/alpar.com.co\/blog\/wp-json\/wp\/v2\/posts"}],"about":[{"href":"https:\/\/alpar.com.co\/blog\/wp-json\/wp\/v2\/types\/post"}],"author":[{"embeddable":true,"href":"https:\/\/alpar.com.co\/blog\/wp-json\/wp\/v2\/users\/106"}],"replies":[{"embeddable":true,"href":"https:\/\/alpar.com.co\/blog\/wp-json\/wp\/v2\/comments?post=1991"}],"version-history":[{"count":1,"href":"https:\/\/alpar.com.co\/blog\/wp-json\/wp\/v2\/posts\/1991\/revisions"}],"predecessor-version":[{"id":1995,"href":"https:\/\/alpar.com.co\/blog\/wp-json\/wp\/v2\/posts\/1991\/revisions\/1995"}],"wp:featuredmedia":[{"embeddable":true,"href":"https:\/\/alpar.com.co\/blog\/wp-json\/wp\/v2\/media\/1994"}],"wp:attachment":[{"href":"https:\/\/alpar.com.co\/blog\/wp-json\/wp\/v2\/media?parent=1991"}],"wp:term":[{"taxonomy":"category","embeddable":true,"href":"https:\/\/alpar.com.co\/blog\/wp-json\/wp\/v2\/categories?post=1991"},{"taxonomy":"post_tag","embeddable":true,"href":"https:\/\/alpar.com.co\/blog\/wp-json\/wp\/v2\/tags?post=1991"}],"curies":[{"name":"wp","href":"https:\/\/api.w.org\/{rel}","templated":true}]}}