{"id":1998,"date":"2021-01-14T17:26:33","date_gmt":"2021-01-14T22:26:33","guid":{"rendered":"http:\/\/alpar.com.co\/blog\/?p=1998"},"modified":"2021-01-15T11:35:56","modified_gmt":"2021-01-15T16:35:56","slug":"memora-ofrece-a-las-familias-un-nuevo-servicio-de-experiencia-inmersiva-en-el-proceso-de-despedida","status":"publish","type":"post","link":"https:\/\/alpar.com.co\/blog\/memora-ofrece-a-las-familias-un-nuevo-servicio-de-experiencia-inmersiva-en-el-proceso-de-despedida\/","title":{"rendered":"M\u00e9mora ofrece a las familias un nuevo servicio de experiencia inmersiva en el proceso de despedida"},"content":{"rendered":"<p style=\"text-align: justify;\">La empresa funeraria M\u00e9mora, empresa afiliada a ALPAR en Espa\u00f1a, con la voluntad de ofrecer el mejor servicio a las familias y hacer firme su compromiso con la innovaci\u00f3n en el sector funerario, ha inaugurado el servicio <em><strong>\u2018Ventana del recuerdo\u2019<\/strong><\/em>, cuyo objetivo es enfatizar el valor de la despedida a trav\u00e9s de las nuevas tecnolog\u00edas, as\u00ed como mejorar la experiencia de las familias, contribuyendo a la generaci\u00f3n de un recuerdo familiar \u00fanico.<\/p>\n<p style=\"text-align: justify;\">El nuevo servicio,<strong>\u00a0inaugurado en el oratorio del Tanatorio Les Corts de Barcelona<\/strong>, ofrece una experiencia inmersiva del proceso de la despedida a trav\u00e9s de una adaptaci\u00f3n de la escenograf\u00eda. La iniciativa quiere que\u00a0<strong>elementos como la iluminaci\u00f3n, el sonido o las im\u00e1genes jueguen un papel protagonista en la despedida, ofreciendo una experiencia diferente y \u00fanica a trav\u00e9s de todos los sentidos<\/strong>. El servicio innovador tambi\u00e9n<strong>\u00a0permite la posibilidad de proyectar im\u00e1genes de paisajes animados, creando as\u00ed una atm\u00f3sfera acogedora y familiar<\/strong>. De la misma manera, y con la voluntad de personalizar todos sus servicios, M\u00e9mora tambi\u00e9n ofrecer\u00e1 la posibilidad de proyectar fotograf\u00edas elegidas por los amigos y familiares. El proyecto &#8216;<em>Ventana del recuerdo&#8217;<\/em>\u00a0se ha elaborado con la colaboraci\u00f3n de t\u00e9cnicos expertos del\u00a0<em>Palau de la M\u00fasica<\/em>\u00a0de Barcelona, que ya ofrece este servicio en su escenario.<\/p>\n<p style=\"text-align: justify;\">\u201c<em>En M\u00e9mora sabemos que la despedida de un familiar suele ser algo complejo y con un alto componente emocional. Es por este motivo que desde la compa\u00f1\u00eda apostamos por aquellas iniciativas que contribuyan a hacer de la despedida un momento \u00fanico y que permanecer\u00e1 en el recuerdo de los presentes. Nuestro objetivo es ofrecer un\u00a0<strong>servicio de m\u00e1xima calidad y seguiremos trabajando para que las familias puedan despedir a los suyos en el mejor entorno posible<\/strong><\/em>\u201d, asegura Juan Jes\u00fas Domingo, consejero delegado de M\u00e9mora, compa\u00f1\u00eda \u00a0que espera que el nuevo servicio pueda estar activos en otros tanatorios de la compa\u00f1\u00eda en los pr\u00f3ximos meses.<\/p>\n<p style=\"text-align: justify;\">La empresa funeraria ya ha demostrado su apuesta por las nuevas tecnolog\u00edas con proyectos como la emisi\u00f3n en directo de ceremonias por\u00a0<em>streaming<\/em>, la utilizaci\u00f3n de recordatorios digitales, la creaci\u00f3n de espacios de recuerdo en internet y la posibilidad de contratar sus servicios de manera totalmente telem\u00e1tica, especialmente en estos momentos en los que la atenci\u00f3n presencial es de riesgo.<\/p>\n<hr \/>\n<p><strong><em>Fuente:<\/em><\/strong> <em>Revista Funeraria (Octubre de 2020): <\/em><a href=\"https:\/\/revistafuneraria.com\/noticias\/m%C3%A9mora-ofrece-las-familias-un-nuevo-servicio-de-experiencia-inmersiva-en-el-proceso-de?utm_source=Newsletter+Revista+Funeraria&amp;utm_campaign=4958c0e385-EMAIL_CAMPAIGN_2020_10_29_08_57&amp;utm_medium=email&amp;utm_term=0_47e7cbc405-4958c0e385-110310305\" target=\"_blank\" rel=\"noreferrer noopener\" aria-label=\"www.revistafuneraria.com (abre en una nueva pesta\u00f1a)\"><em>www.revistafuneraria.com<\/em><\/a><\/p>\n","protected":false},"excerpt":{"rendered":"<p>La empresa funeraria M\u00e9mora, empresa afiliada a ALPAR en Espa\u00f1a, con la voluntad de ofrecer el mejor servicio a las familias y hacer firme su compromiso con la innovaci\u00f3n en el sector funerario, ha inaugurado el servicio \u2018Ventana del recuerdo\u2019, cuyo objetivo es enfatizar el valor de la despedida a trav\u00e9s de las nuevas tecnolog\u00edas, [&hellip;]<\/p>\n","protected":false},"author":106,"featured_media":1999,"comment_status":"open","ping_status":"open","sticky":false,"template":"","format":"standard","meta":{"_et_pb_use_builder":"","_et_pb_old_content":"","_et_gb_content_width":"","footnotes":""},"categories":[3],"tags":[],"class_list":["post-1998","post","type-post","status-publish","format-standard","has-post-thumbnail","hentry","category-articulos"],"_links":{"self":[{"href":"https:\/\/alpar.com.co\/blog\/wp-json\/wp\/v2\/posts\/1998","targetHints":{"allow":["GET"]}}],"collection":[{"href":"https:\/\/alpar.com.co\/blog\/wp-json\/wp\/v2\/posts"}],"about":[{"href":"https:\/\/alpar.com.co\/blog\/wp-json\/wp\/v2\/types\/post"}],"author":[{"embeddable":true,"href":"https:\/\/alpar.com.co\/blog\/wp-json\/wp\/v2\/users\/106"}],"replies":[{"embeddable":true,"href":"https:\/\/alpar.com.co\/blog\/wp-json\/wp\/v2\/comments?post=1998"}],"version-history":[{"count":1,"href":"https:\/\/alpar.com.co\/blog\/wp-json\/wp\/v2\/posts\/1998\/revisions"}],"predecessor-version":[{"id":2000,"href":"https:\/\/alpar.com.co\/blog\/wp-json\/wp\/v2\/posts\/1998\/revisions\/2000"}],"wp:featuredmedia":[{"embeddable":true,"href":"https:\/\/alpar.com.co\/blog\/wp-json\/wp\/v2\/media\/1999"}],"wp:attachment":[{"href":"https:\/\/alpar.com.co\/blog\/wp-json\/wp\/v2\/media?parent=1998"}],"wp:term":[{"taxonomy":"category","embeddable":true,"href":"https:\/\/alpar.com.co\/blog\/wp-json\/wp\/v2\/categories?post=1998"},{"taxonomy":"post_tag","embeddable":true,"href":"https:\/\/alpar.com.co\/blog\/wp-json\/wp\/v2\/tags?post=1998"}],"curies":[{"name":"wp","href":"https:\/\/api.w.org\/{rel}","templated":true}]}}