{"id":2016,"date":"2021-01-22T09:32:52","date_gmt":"2021-01-22T14:32:52","guid":{"rendered":"http:\/\/alpar.com.co\/blog\/?p=2016"},"modified":"2021-01-22T11:06:10","modified_gmt":"2021-01-22T16:06:10","slug":"parque-del-recuerdo-un-hogar-para-la-biodiversidad","status":"publish","type":"post","link":"https:\/\/alpar.com.co\/blog\/parque-del-recuerdo-un-hogar-para-la-biodiversidad\/","title":{"rendered":"Parque del Recuerdo: Un hogar para la biodiversidad"},"content":{"rendered":"\r\n<p>Parque del Recuerdo, empresa afiliada a ALPAR en Chile, instal\u00f3 en su parque cementerio Am\u00e9rico Vespucio, ubicado en Santiago, 10 colmenas, las cuales alojan a m\u00e1s de 10 mil abejas que impulsar\u00e1n la polinizaci\u00f3n y promover\u00e1n el cuidado de la biodiversidad, a trav\u00e9s de la apicultura urbana. Esta iniciativa busca ser un espacio de educaci\u00f3n ambiental para ni\u00f1os y adultos.<\/p>\r\n\r\n<p>Las abejas cumplen un rol fundamental en nuestro planeta, pues polinizan m\u00e1s del 70% de los alimentos y contribuyen con m\u00e1s de 25 mil especies de plantas con flores. Sin ellas, la actividad agr\u00edcola se ver\u00eda gravemente perjudicada, afectando la econom\u00eda del mundo.<\/p>\r\n\r\n<p>Adem\u00e1s de esta iniciativa ap\u00edcola, Parque del Recuerdo, en sus 124 hect\u00e1reas habilitadas, realiz\u00f3 durante el 2019 una serie de acciones para cuidar el medioambiente, entre las que destacan un censo de \u00e1rboles y aves. Estas instancias permiten realizar una mejor gesti\u00f3n de la biodiversidad en uno de los pulmones verdes m\u00e1s significativos de la Regi\u00f3n Metropolitana de Chile. \r\n<\/p>\r\n\r\n\r\n\r\n<figure class=\"wp-block-embed-youtube wp-block-embed is-type-video is-provider-youtube wp-embed-aspect-16-9 wp-has-aspect-ratio\"><div class=\"wp-block-embed__wrapper\">\r\n<iframe loading=\"lazy\" title=\"Parque del Recuerdo: Un hogar para la biodiversidad\" width=\"1080\" height=\"608\" src=\"https:\/\/www.youtube.com\/embed\/UNL7Z_sH3jE?feature=oembed\" frameborder=\"0\" allow=\"accelerometer; autoplay; clipboard-write; encrypted-media; gyroscope; picture-in-picture\" allowfullscreen><\/iframe>\r\n<\/div><\/figure>\r\n\r\n\r\n\r\n<hr class=\"wp-block-separator\"\/>\r\n\r\n\r\n\r\nUn aporte de Parque del Recuerdo. \r\n<br \/>Asociado ALPAR en Chile.\r\n\r\n","protected":false},"excerpt":{"rendered":"<p>Parque del Recuerdo, empresa afiliada a ALPAR en Chile, instal\u00f3 en su parque cementerio Am\u00e9rico Vespucio, ubicado en Santiago, 10 colmenas, las cuales alojan a m\u00e1s de 10 mil abejas que impulsar\u00e1n la polinizaci\u00f3n y promover\u00e1n el cuidado de la biodiversidad, a trav\u00e9s de la apicultura urbana. Esta iniciativa busca ser un espacio de educaci\u00f3n [&hellip;]<\/p>\n","protected":false},"author":106,"featured_media":2011,"comment_status":"open","ping_status":"open","sticky":false,"template":"","format":"video","meta":{"_et_pb_use_builder":"off","_et_pb_old_content":"","_et_gb_content_width":"","footnotes":""},"categories":[4],"tags":[],"class_list":["post-2016","post","type-post","status-publish","format-video","has-post-thumbnail","hentry","category-videos","post_format-post-format-video"],"_links":{"self":[{"href":"https:\/\/alpar.com.co\/blog\/wp-json\/wp\/v2\/posts\/2016","targetHints":{"allow":["GET"]}}],"collection":[{"href":"https:\/\/alpar.com.co\/blog\/wp-json\/wp\/v2\/posts"}],"about":[{"href":"https:\/\/alpar.com.co\/blog\/wp-json\/wp\/v2\/types\/post"}],"author":[{"embeddable":true,"href":"https:\/\/alpar.com.co\/blog\/wp-json\/wp\/v2\/users\/106"}],"replies":[{"embeddable":true,"href":"https:\/\/alpar.com.co\/blog\/wp-json\/wp\/v2\/comments?post=2016"}],"version-history":[{"count":4,"href":"https:\/\/alpar.com.co\/blog\/wp-json\/wp\/v2\/posts\/2016\/revisions"}],"predecessor-version":[{"id":2081,"href":"https:\/\/alpar.com.co\/blog\/wp-json\/wp\/v2\/posts\/2016\/revisions\/2081"}],"wp:featuredmedia":[{"embeddable":true,"href":"https:\/\/alpar.com.co\/blog\/wp-json\/wp\/v2\/media\/2011"}],"wp:attachment":[{"href":"https:\/\/alpar.com.co\/blog\/wp-json\/wp\/v2\/media?parent=2016"}],"wp:term":[{"taxonomy":"category","embeddable":true,"href":"https:\/\/alpar.com.co\/blog\/wp-json\/wp\/v2\/categories?post=2016"},{"taxonomy":"post_tag","embeddable":true,"href":"https:\/\/alpar.com.co\/blog\/wp-json\/wp\/v2\/tags?post=2016"}],"curies":[{"name":"wp","href":"https:\/\/api.w.org\/{rel}","templated":true}]}}