{"id":2020,"date":"2021-01-28T16:03:38","date_gmt":"2021-01-28T21:03:38","guid":{"rendered":"http:\/\/alpar.com.co\/blog\/?p=2020"},"modified":"2021-02-26T10:50:02","modified_gmt":"2021-02-26T15:50:02","slug":"carlos-gallego-alto-cargo-de-la-funeraria-albia-personaje-del-ano-diario-el-mundo","status":"publish","type":"post","link":"https:\/\/alpar.com.co\/blog\/carlos-gallego-alto-cargo-de-la-funeraria-albia-personaje-del-ano-diario-el-mundo\/","title":{"rendered":"Carlos Gallego: alto cargo de la Funeraria Albia. Personaje del a\u00f1o, diario El Mundo"},"content":{"rendered":"<p style=\"padding-left: 40px; text-align: justify;\"><em>\u00abComo no se pod\u00eda salir de casa, entregamos las cenizas en el domicilio. Era una familia que se hab\u00eda despedido de su padre vivo en la residencia y ahora ten\u00eda enfrente a un desconocido que les tra\u00eda sus cenizas. Me abrieron, cogieron la urna y&#8230; se abrazaron a m\u00ed. No se me quita de la cabeza\u00bb.<\/em><\/p>\n<p style=\"text-align: justify;\">Carlos Gallego lleva 35 a\u00f1os trabajando con la muerte, pero el \u00faltimo abril se le aparece como si fuera el primero. Ha visto miles de inertes cuerpos horizontales y de familiares a duras penas verticales, pero hay una muerte masiva y reciente en soledad que le discute el equilibrio. Si un experto que empez\u00f3 vendiendo seguros de decesos, hizo tanatoplastias, se ha pateado el Anat\u00f3mico Forense, estudia los ritos de despedida para mejorarlos y est\u00e1 en la cima de un enorme grupo funerario lleva tres d\u00edas llorando a ratos porque va a hablar del Covid, aqu\u00ed pasa algo.<br \/>\nSe llama pandemia.<\/p>\n<p style=\"padding-left: 40px; text-align: justify;\"><em>\u00abLlegu\u00e9 al cementerio y estaba el cura con un EPI. No dejaban pasar. Abr\u00ed el furg\u00f3n y la familia se despidi\u00f3 a distancia. Se acerc\u00f3 una mujer, me dio un chall y me pidi\u00f3 que lo pusiera en el nicho. Acab\u00f3 todo y le dije: \u2018Le doy mi palabra de que el chall est\u00e1 en el nicho junto a su madre\u2019. Y nos fuimos. \u00c9sa era la pandemia\u00bb.<\/em><\/p>\n<p style=\"text-align: justify;\">Se llama Carlos. Carlos Gallego es el director de Desarrollo y Grandes Cuentas, Comunicaci\u00f3n, Marketing e Innovaci\u00f3n de Albia, uno de los gigantes del sector en Espa\u00f1a.<\/p>\n<p style=\"text-align: justify;\">Pandemia y funerarias, organizar la muerte.<\/p>\n<p style=\"padding-left: 40px; text-align: justify;\"><em>\u00abSomos un grupo grande y recibimos voluntarios de toda Espa\u00f1a, gente que ven\u00eda a trabajar 16 horas seguidas, sin hotel reservado&#8230; Pura solidaridad. Pero s\u00e9 que funerarias peque\u00f1as sufrieron falta de material y personal. Hubo funerarias que no iban a recoger fallecidos a residencias porque no ten\u00edan gente o equipos de seguridad. Durante dos meses, todos los d\u00edas se ca\u00eda un avi\u00f3n de pasajeros en un pa\u00eds con los profesionales que hacen atenci\u00f3n especializada de la muerte confinados en sus casas. En ninguna escuela de negocio te ense\u00f1an c\u00f3mo actuar en una situaci\u00f3n tan dram\u00e1tica. Fue brutal, pero hizo aflorar la humanidad\u00bb.<\/em><\/p>\n<p style=\"text-align: justify;\">La primera bomba del Covid hiri\u00f3 a familias que esperaron semanas para recibir las cenizas de sus muertos, hijos que supieron que sus padres hab\u00edan sido incinerados a 500 kil\u00f3metros porque Madrid estaba colapsado, gente que perd\u00eda un familiar, se desped\u00eda a distancia y confiaba el \u00faltimo calor a un extra\u00f1o en uniforme: la funeraria.<\/p>\n<h3 style=\"text-align: center;\"><em><img loading=\"lazy\" decoding=\"async\" class=\"wp-image-2021 alignleft\" src=\"http:\/\/alpar.com.co\/blog\/wp-content\/uploads\/carlos-gallego-personaje-del-ano.jpg\" alt=\"\" width=\"197\" height=\"179\" srcset=\"https:\/\/alpar.com.co\/blog\/wp-content\/uploads\/carlos-gallego-personaje-del-ano.jpg 388w, https:\/\/alpar.com.co\/blog\/wp-content\/uploads\/carlos-gallego-personaje-del-ano-300x272.jpg 300w\" sizes=\"(max-width: 197px) 100vw, 197px\" \/><\/em><\/h3>\n<hr \/>\n<h3 style=\"text-align: left;\"><span style=\"color: #003300;\"><em><strong>COMPASI\u00d3N SOBRE HIELO<\/strong><\/em><\/span><\/h3>\n<p style=\"text-align: left;\"><span style=\"color: #003300;\"><em>\u201cConservo muchas im\u00e1genes, pero hay una&#8230; Me toc\u00f3 ir al Palacio de Hielo a recoger fallecidos. Iba vestido como un astronauta, con dos trajes EPI y ten\u00eda tanto fr\u00edo por fuera como por dentro. Aquello era la inmensidad del dolor, era sobrehumano. Yo s\u00f3lo sent\u00eda compasi\u00f3n\u201d.<\/em><\/span><\/p>\n<hr \/>\n<p>&nbsp;<\/p>\n<p style=\"padding-left: 40px; text-align: justify;\"><em>\u00abFuimos el \u00faltimo adi\u00f3s a los seres queridos. Y hablo por todos los compa\u00f1eros. Llamabas a las familias para decirles que ya estaban las cenizas y o\u00edas silencio, llanto y dolor contenido. Yo, a la llamada n\u00famero 30 ya no pude seguir\u00bb.<\/em><\/p>\n<p>Carlos Gallego pronuncia l\u00e1grimas. Pas\u00f3 nueve semanas sin librar ni un d\u00eda y ahora trabaja con fuerza, pero cuando el pasado se le presenta, una montonera de penas le interrumpe.<em> \u00abLo siento. Al hablar de esto me bloqueo. Lo siento\u00bb.<\/em><\/p>\n<p style=\"text-align: justify;\">Marian Carvajal es una de las psic\u00f3logas de Albia. Ha visto el interior de muchos trabajadores y sabe que Carlos se escribe en plural. \u00abVemos casos de ansiedad y \u2018flashback\u2019 propios del estr\u00e9s postraum\u00e1tico. Hay pesadillas, nerviosismo y reexperimentaci\u00f3n. Pero hablar es bueno. Tu cerebro revive la imagen para que la proceses\u00bb.<\/p>\n<p style=\"text-align: justify;\">A ella tambi\u00e9n le toc\u00f3 entregar urnas sin vida y llamar a familias de ceniza.<\/p>\n<p style=\"padding-left: 40px; text-align: justify;\"><em>\u00abSilencio total. Cuando al paso de semanas ve\u00edan la urna, viv\u00edan un instante de silencio, segundos muy densos. Y luego, llanto. Dios m\u00edo, quer\u00edas abrazarles pero no pod\u00edas por intimidad y por la pandemia\u00bb.<\/em><\/p>\n<p style=\"text-align: justify;\">Esta entrevista empez\u00f3 un jueves y termin\u00f3 un viernes. En medio hubo una noche para convocar los pasados de Carlos y de Marian. \u00c9sta es la memoria funeraria de la pandemia:<\/p>\n<p style=\"padding-left: 40px; text-align: justify;\"><em>\u00abUna se\u00f1ora que no pod\u00eda despedir a su marido porque estaba confinada nos pidi\u00f3 que el coche f\u00fanebre se parara ante su casa. El compa\u00f1ero par\u00f3 el coche ante el portal y la se\u00f1ora se despidi\u00f3 de su marido desde la ventana\u00bb.<\/em><\/p>\n<p style=\"padding-left: 40px; text-align: justify;\"><em>\u00abUn se\u00f1or se hab\u00eda quedado sin casa y estaba durmiendo a la puerta de un supermercado. Su mujer muri\u00f3 de Covid y \u00e9l nos pidi\u00f3 que le llev\u00e1ramos las cenizas. Un compa\u00f1ero le llev\u00f3 la urna y se la dio all\u00ed, en la calle, delante del s\u00faper\u00bb.<\/em><\/p>\n<p style=\"padding-left: 40px; text-align: justify;\"><em>\u00abHab\u00eda muchos casos de cenizas de matrimonios, los dos muertos por Covid, entregas dobles. Hubo un caso&#8230; llam\u00e9 al hijo y, llorando, me dijo que no pod\u00eda recogerlas porque estaba ingresado en IFEMA. Me pidi\u00f3 que llamara a su hermano. Le llam\u00e9 y me dijo que le acababan de ingresar tambi\u00e9n a \u00e9l por Covid, pero que su hermano a\u00fan no lo sab\u00eda. Toda la familia estaba infectada. Me hel\u00f3 la sangre\u00bb.<\/em><\/p>\n<p style=\"padding-left: 40px;\"><em>\u00abUn chico vino a por las cenizas de su padre. Se hab\u00edan separado y lo \u00faltimo que supo es que hab\u00eda muerto. Le dimos la urna y se qued\u00f3 inm\u00f3vil, callado, en shock&#8230;\u00bb.<\/em><br \/>\n<em>\u2013 \u00bfY qu\u00e9 pas\u00f3?<\/em><br \/>\n<em>\u2013 Le dije: \u2018\u00c9ste es tu padre, di lo que sientes\u2019. Empez\u00f3 a llorar sin parar y dijo: \u2018Me arrepiento de no haberle dicho que le quer\u00eda\u2019\u00bb.<\/em><\/p>\n<hr \/>\n<p>Un aporte de Albia Gestion de Servicios SLV.<br \/>\nAsociado ALPAR en Espa\u00f1a.<\/p>\n","protected":false},"excerpt":{"rendered":"<p>\u00abComo no se pod\u00eda salir de casa, entregamos las cenizas en el domicilio. Era una familia que se hab\u00eda despedido de su padre vivo en la residencia y ahora ten\u00eda enfrente a un desconocido que les tra\u00eda sus cenizas. Me abrieron, cogieron la urna y&#8230; se abrazaron a m\u00ed. No se me quita de la [&hellip;]<\/p>\n","protected":false},"author":106,"featured_media":2022,"comment_status":"open","ping_status":"open","sticky":false,"template":"","format":"standard","meta":{"_et_pb_use_builder":"","_et_pb_old_content":"","_et_gb_content_width":"","footnotes":""},"categories":[3],"tags":[],"class_list":["post-2020","post","type-post","status-publish","format-standard","has-post-thumbnail","hentry","category-articulos"],"_links":{"self":[{"href":"https:\/\/alpar.com.co\/blog\/wp-json\/wp\/v2\/posts\/2020","targetHints":{"allow":["GET"]}}],"collection":[{"href":"https:\/\/alpar.com.co\/blog\/wp-json\/wp\/v2\/posts"}],"about":[{"href":"https:\/\/alpar.com.co\/blog\/wp-json\/wp\/v2\/types\/post"}],"author":[{"embeddable":true,"href":"https:\/\/alpar.com.co\/blog\/wp-json\/wp\/v2\/users\/106"}],"replies":[{"embeddable":true,"href":"https:\/\/alpar.com.co\/blog\/wp-json\/wp\/v2\/comments?post=2020"}],"version-history":[{"count":9,"href":"https:\/\/alpar.com.co\/blog\/wp-json\/wp\/v2\/posts\/2020\/revisions"}],"predecessor-version":[{"id":2053,"href":"https:\/\/alpar.com.co\/blog\/wp-json\/wp\/v2\/posts\/2020\/revisions\/2053"}],"wp:featuredmedia":[{"embeddable":true,"href":"https:\/\/alpar.com.co\/blog\/wp-json\/wp\/v2\/media\/2022"}],"wp:attachment":[{"href":"https:\/\/alpar.com.co\/blog\/wp-json\/wp\/v2\/media?parent=2020"}],"wp:term":[{"taxonomy":"category","embeddable":true,"href":"https:\/\/alpar.com.co\/blog\/wp-json\/wp\/v2\/categories?post=2020"},{"taxonomy":"post_tag","embeddable":true,"href":"https:\/\/alpar.com.co\/blog\/wp-json\/wp\/v2\/tags?post=2020"}],"curies":[{"name":"wp","href":"https:\/\/api.w.org\/{rel}","templated":true}]}}