{"id":2034,"date":"2021-01-28T17:16:39","date_gmt":"2021-01-28T22:16:39","guid":{"rendered":"http:\/\/alpar.com.co\/blog\/?p=2034"},"modified":"2021-01-29T09:46:39","modified_gmt":"2021-01-29T14:46:39","slug":"altima-habilita-un-espacio-de-duelo-perinatal-en-el-cementerio-de-ripoll","status":"publish","type":"post","link":"https:\/\/alpar.com.co\/blog\/altima-habilita-un-espacio-de-duelo-perinatal-en-el-cementerio-de-ripoll\/","title":{"rendered":"\u00c1ltima habilita un espacio de duelo perinatal en el Cementerio de Ripoll"},"content":{"rendered":"<p style=\"text-align: justify;\">Las p\u00e9rdidas gestacionales o perinatales cuentan desde el pasado mes de octubre con un espacio especial en el Cementerio de Ripoll (Barcelona), permitiendo a las familias que pasan por esta situaci\u00f3n tener un punto de referencia f\u00edsico donde recordar y rendir homenaje al hijo fallecido, a la vez que se da respuesta a una necesidad emocional provocada por el duelo de esta muerte. GIC de Nomber, la empresa concesionaria del Cementerio de Ripoll, perteneciente al grupo \u00c1ltima y empresa afiliada a ALPAR en Espa\u00f1a, conjuntamente con el ayuntamiento de la ciudad, han sido los creadores de este memorial, el primero de este tipo en el Ripoll\u00e8s.<\/p>\n<p style=\"text-align: justify;\">La presentaci\u00f3n oficial, que tuvo lugar en un acto breve y reducido, teniendo en cuenta las restricciones actuales, cont\u00f3 con la presencia del alcalde de Ripoll, Jordi Munell; el regidor de Salud, Bienestar Social y Personas Mayores, Joan Maria Roig, y los representantes del \u00e1rea de Cementerios de \u00c1ltima, Joan Ventura y Llu\u00eds Brustenga, as\u00ed como el responsable de \u00c1ltima en el Ripoll\u00e8s, Juan Catal\u00e1n.<\/p>\n<p style=\"text-align: justify;\">Ubicado en el centro del Cementerio de Ripoll -al final de la V\u00eda A-, en un punto recogido e \u00edntimo del recinto, el nuevo espacio para el duelo gestacional y perinatal consta de una parcela en cuyo centro se encuentra, a modo de estela funeraria, una losa con la inscripci\u00f3n: \u2018En memoria de los ni-\u00f1os y ni\u00f1as que, sin llegar a nacer, han dejado su huella, y en apoyo a los que conviven con su recuerdo\u2019.<\/p>\n<p style=\"text-align: justify;\">Alrededor de este elemento, las familias que lo deseen podr\u00e1n dejar, a modo de ofrenda y en recuerdo al hijo fallecido, unas peque\u00f1as estrellas de colores -verde, rojo o amarillo-, elaboradas artesanalmente con \u00e1ridos y que permitien la opci\u00f3n de incorporar las cenizas del beb\u00e9 e inscribir el nombre.<em> \u201cEl duelo perinatal era un duelo oculto y con este espacio queremos reconocer y ayudar a transitar. Este es un lugar necesario, \u00edntimo, tranquilo y acogedor dedicado a los beb\u00e9s y a sus familias, un espacio de recuerdo donde invitamos a las familias a venir siempre que quieran, y donde puedan recordar a sus hijos e hijas que se han ido antes de tiempo<\/em>\u201d, afirma el alcalde de Ripoll, Jordi Munell.<\/p>\n<p style=\"text-align: justify;\"><em>\u201cCon este memorial queremos dar respuesta a la necesidad emocional de muchas familias que pasan, desgraciadamente, por un proceso de p\u00e9rdida gestacional o perinatal. Es un duelo considerado muy tab\u00fa en nuestra sociedad, por ello, creemos que espacios como \u00e9ste pueden contribuir a normalizarlo y hacerlo m\u00e1s visible, ya que permiten tener un punto de referencia f\u00edsico donde poder recordar el hijo que ya no est\u00e1\u201d,<\/em> explica Joan Ventura, director general de Cementerios de \u00c1ltima.<\/p>\n<hr \/>\n<p><em><strong>Fuente:<\/strong> Revista Funeraria N\u00b0. 157 (Octubre-Noviembre de 2020): <a href=\"https:\/\/revistafuneraria.com\/hemerotecas\/RF157\/index.html#pagina18\" target=\"_blank\" rel=\"noreferrer noopener\" aria-label=\"www.revistafuneraria.com (abre en una nueva pesta\u00f1a)\">www.revistafuneraria.com<\/a><\/em><\/p>\n","protected":false},"excerpt":{"rendered":"<p>Las p\u00e9rdidas gestacionales o perinatales cuentan desde el pasado mes de octubre con un espacio especial en el Cementerio de Ripoll (Barcelona), permitiendo a las familias que pasan por esta situaci\u00f3n tener un punto de referencia f\u00edsico donde recordar y rendir homenaje al hijo fallecido, a la vez que se da respuesta a una necesidad [&hellip;]<\/p>\n","protected":false},"author":106,"featured_media":2035,"comment_status":"open","ping_status":"open","sticky":false,"template":"","format":"standard","meta":{"_et_pb_use_builder":"","_et_pb_old_content":"","_et_gb_content_width":"","footnotes":""},"categories":[3],"tags":[],"class_list":["post-2034","post","type-post","status-publish","format-standard","has-post-thumbnail","hentry","category-articulos"],"_links":{"self":[{"href":"https:\/\/alpar.com.co\/blog\/wp-json\/wp\/v2\/posts\/2034","targetHints":{"allow":["GET"]}}],"collection":[{"href":"https:\/\/alpar.com.co\/blog\/wp-json\/wp\/v2\/posts"}],"about":[{"href":"https:\/\/alpar.com.co\/blog\/wp-json\/wp\/v2\/types\/post"}],"author":[{"embeddable":true,"href":"https:\/\/alpar.com.co\/blog\/wp-json\/wp\/v2\/users\/106"}],"replies":[{"embeddable":true,"href":"https:\/\/alpar.com.co\/blog\/wp-json\/wp\/v2\/comments?post=2034"}],"version-history":[{"count":4,"href":"https:\/\/alpar.com.co\/blog\/wp-json\/wp\/v2\/posts\/2034\/revisions"}],"predecessor-version":[{"id":2039,"href":"https:\/\/alpar.com.co\/blog\/wp-json\/wp\/v2\/posts\/2034\/revisions\/2039"}],"wp:featuredmedia":[{"embeddable":true,"href":"https:\/\/alpar.com.co\/blog\/wp-json\/wp\/v2\/media\/2035"}],"wp:attachment":[{"href":"https:\/\/alpar.com.co\/blog\/wp-json\/wp\/v2\/media?parent=2034"}],"wp:term":[{"taxonomy":"category","embeddable":true,"href":"https:\/\/alpar.com.co\/blog\/wp-json\/wp\/v2\/categories?post=2034"},{"taxonomy":"post_tag","embeddable":true,"href":"https:\/\/alpar.com.co\/blog\/wp-json\/wp\/v2\/tags?post=2034"}],"curies":[{"name":"wp","href":"https:\/\/api.w.org\/{rel}","templated":true}]}}