{"id":2061,"date":"2021-03-12T08:17:51","date_gmt":"2021-03-12T13:17:51","guid":{"rendered":"https:\/\/alpar.com.co\/blog\/?p=2061"},"modified":"2021-03-12T10:10:13","modified_gmt":"2021-03-12T15:10:13","slug":"funeraria-blandino-da-primer-picazo-para-instalar-sus-capillas-en-parque-cementerio-puerta-del-cielo","status":"publish","type":"post","link":"https:\/\/alpar.com.co\/blog\/funeraria-blandino-da-primer-picazo-para-instalar-sus-capillas-en-parque-cementerio-puerta-del-cielo\/","title":{"rendered":"Funeraria Blandino da primer picazo para instalar sus capillas en Parque Cementerio Puerta del Cielo"},"content":{"rendered":"<p style=\"text-align: justify;\">Los Ejecutivos del Grupo Blandino conjuntamente con los del Parque Cementerio Puerta del Cielo dieron \u00a0el primer picazo para dar inicio a las instalaciones de sus nuevas Capillas en el hermoso Parque Cementerio Puerta del Cielo.<\/p>\n<p style=\"text-align: justify;\">El proyecto es un innovador concepto, fruto de la alianza de dos miembros de ALPAR, l\u00edderes de la industria en Rep\u00fablica Dominicana: Funeraria Blandino y Parque Cementerio Puerta del Cielo.<\/p>\n<p><img loading=\"lazy\" decoding=\"async\" class=\"aligncenter wp-image-2065\" src=\"https:\/\/alpar.com.co\/blog\/wp-content\/uploads\/Lobby-Capilla-scaled.jpg\" alt=\"\" width=\"600\" height=\"338\" srcset=\"https:\/\/alpar.com.co\/blog\/wp-content\/uploads\/Lobby-Capilla-scaled.jpg 2560w, https:\/\/alpar.com.co\/blog\/wp-content\/uploads\/Lobby-Capilla-300x169.jpg 300w, https:\/\/alpar.com.co\/blog\/wp-content\/uploads\/Lobby-Capilla-1024x576.jpg 1024w, https:\/\/alpar.com.co\/blog\/wp-content\/uploads\/Lobby-Capilla-768x432.jpg 768w, https:\/\/alpar.com.co\/blog\/wp-content\/uploads\/Lobby-Capilla-1536x864.jpg 1536w, https:\/\/alpar.com.co\/blog\/wp-content\/uploads\/Lobby-Capilla-2048x1152.jpg 2048w, https:\/\/alpar.com.co\/blog\/wp-content\/uploads\/Lobby-Capilla-1080x607.jpg 1080w\" sizes=\"(max-width: 600px) 100vw, 600px\" \/><\/p>\n<p style=\"text-align: justify;\">Destacaron que son el primer complejo integral funerario y cementerio que cuenta con dos Capillas y la Iglesia Cristo Resucitado, preparada para recibir a personas de todas las culturas, credos y nacionalidades.<\/p>\n<p style=\"text-align: justify;\">Las nuevas instalaciones tienen la ventaja de elegir c\u00f3mo quieres llevar a cabo las honras f\u00fanebres. Si deseas velaci\u00f3n en capilla o iglesia; si hacer un servicio conmemorativo, o escoger entre un funeral tradicional o una celebraci\u00f3n moderna. De esta manera, realizar la despedida a tu ser querido resguardando su memoria en cualquiera de las opciones (pante\u00f3n, lote o columbario). Todo dentro de un ambiente de paz y reflexi\u00f3n donde puedes honrar la memoria de tus seres queridos.<\/p>\n<p style=\"text-align: justify;\">Parque Cementerio Puerta del Cielo, es el primer cementerio privado del pa\u00eds cuyos ejecutivos tambi\u00e9n han sido titulados en la Universidad de ICCFA. Tambi\u00e8n recibi\u00f3 un reconocimiento por la firma McCleskey de USA, donde fue calificado como un cementerio Modelo a nivel Mundial, por la calidad de sus instalaciones y servicios. Tambi\u00e9n distinguido como cementerio patrimonial por la Red Iberoamericana de Valoraci\u00f3n y Gesti\u00f3n de Cementerios Patrimoniales.<\/p>\n<p style=\"text-align: justify;\">De igual manera Blandino est\u00e1 certificada bajo la norma ISO-9000, lo que garantiza sus est\u00e1ndares de calidad y los mejores servicios y atenciones a las familias dominicanas. Pionera en los servicios exequiales, adem\u00e1s de contar con 90 a\u00f1os de experiencia<\/p>\n<p style=\"text-align: justify;\">Esto marca un hito en el pa\u00eds y complementa el panorama para la excelencia de\u00a0 los servicios exequiales. Una vez m\u00e1s la alianza Blandino &#8211; Puerta del Cielo satisfacen las necesidades de las familias dominicanas y con orgullo expresan su deberes de cumplir con su visi\u00f3n y su misi\u00f3n.<\/p>\n<p><img loading=\"lazy\" decoding=\"async\" class=\"aligncenter wp-image-2064\" src=\"https:\/\/alpar.com.co\/blog\/wp-content\/uploads\/Iglesia-Capilla-Cristo-Resucitado-scaled.jpg\" alt=\"\" width=\"600\" height=\"338\" srcset=\"https:\/\/alpar.com.co\/blog\/wp-content\/uploads\/Iglesia-Capilla-Cristo-Resucitado-scaled.jpg 2560w, https:\/\/alpar.com.co\/blog\/wp-content\/uploads\/Iglesia-Capilla-Cristo-Resucitado-300x169.jpg 300w, https:\/\/alpar.com.co\/blog\/wp-content\/uploads\/Iglesia-Capilla-Cristo-Resucitado-1024x576.jpg 1024w, https:\/\/alpar.com.co\/blog\/wp-content\/uploads\/Iglesia-Capilla-Cristo-Resucitado-768x432.jpg 768w, https:\/\/alpar.com.co\/blog\/wp-content\/uploads\/Iglesia-Capilla-Cristo-Resucitado-1536x864.jpg 1536w, https:\/\/alpar.com.co\/blog\/wp-content\/uploads\/Iglesia-Capilla-Cristo-Resucitado-2048x1152.jpg 2048w, https:\/\/alpar.com.co\/blog\/wp-content\/uploads\/Iglesia-Capilla-Cristo-Resucitado-1080x607.jpg 1080w\" sizes=\"(max-width: 600px) 100vw, 600px\" \/><\/p>\n<hr \/>\n<p>Un aporte de Funeraria Blandino y Parque Cementerio Puerta del Cielo.<br \/>\nAsociados ALPAR en Rep\u00fablica Dominicana.<\/p>\n","protected":false},"excerpt":{"rendered":"<p>Los Ejecutivos del Grupo Blandino conjuntamente con los del Parque Cementerio Puerta del Cielo dieron \u00a0el primer picazo para dar inicio a las instalaciones de sus nuevas Capillas en el hermoso Parque Cementerio Puerta del Cielo. El proyecto es un innovador concepto, fruto de la alianza de dos miembros de ALPAR, l\u00edderes de la industria [&hellip;]<\/p>\n","protected":false},"author":106,"featured_media":2062,"comment_status":"open","ping_status":"open","sticky":false,"template":"","format":"standard","meta":{"_et_pb_use_builder":"","_et_pb_old_content":"","_et_gb_content_width":"","footnotes":""},"categories":[3],"tags":[],"class_list":["post-2061","post","type-post","status-publish","format-standard","has-post-thumbnail","hentry","category-articulos"],"_links":{"self":[{"href":"https:\/\/alpar.com.co\/blog\/wp-json\/wp\/v2\/posts\/2061","targetHints":{"allow":["GET"]}}],"collection":[{"href":"https:\/\/alpar.com.co\/blog\/wp-json\/wp\/v2\/posts"}],"about":[{"href":"https:\/\/alpar.com.co\/blog\/wp-json\/wp\/v2\/types\/post"}],"author":[{"embeddable":true,"href":"https:\/\/alpar.com.co\/blog\/wp-json\/wp\/v2\/users\/106"}],"replies":[{"embeddable":true,"href":"https:\/\/alpar.com.co\/blog\/wp-json\/wp\/v2\/comments?post=2061"}],"version-history":[{"count":5,"href":"https:\/\/alpar.com.co\/blog\/wp-json\/wp\/v2\/posts\/2061\/revisions"}],"predecessor-version":[{"id":2070,"href":"https:\/\/alpar.com.co\/blog\/wp-json\/wp\/v2\/posts\/2061\/revisions\/2070"}],"wp:featuredmedia":[{"embeddable":true,"href":"https:\/\/alpar.com.co\/blog\/wp-json\/wp\/v2\/media\/2062"}],"wp:attachment":[{"href":"https:\/\/alpar.com.co\/blog\/wp-json\/wp\/v2\/media?parent=2061"}],"wp:term":[{"taxonomy":"category","embeddable":true,"href":"https:\/\/alpar.com.co\/blog\/wp-json\/wp\/v2\/categories?post=2061"},{"taxonomy":"post_tag","embeddable":true,"href":"https:\/\/alpar.com.co\/blog\/wp-json\/wp\/v2\/tags?post=2061"}],"curies":[{"name":"wp","href":"https:\/\/api.w.org\/{rel}","templated":true}]}}