{"id":2079,"date":"2021-03-30T17:07:06","date_gmt":"2021-03-30T22:07:06","guid":{"rendered":"https:\/\/alpar.com.co\/blog\/?p=2079"},"modified":"2021-03-31T12:33:53","modified_gmt":"2021-03-31T17:33:53","slug":"40-anos-parque-del-recuerdo","status":"publish","type":"post","link":"https:\/\/alpar.com.co\/blog\/40-anos-parque-del-recuerdo\/","title":{"rendered":"40 a\u00f1os Parque del Recuerdo"},"content":{"rendered":"<p style=\"text-align: justify;\">El libro <em>\u201c40 a\u00f1os al cuidado de los recuerdos de miles de familias\u201d<\/em>, es una publicaci\u00f3n conmemorativa elaborada por Parque del Recuerdo, empresa afiliada a ALPAR en Chile, que busca celebrar el legado que la empresa ha dejado en la sociedad chilena durante sus cuatro d\u00e9cadas de vida. Este texto fue elaborado con gran dedicaci\u00f3n durante el 2020, a\u00f1o que nos remeci\u00f3, nos desafi\u00f3, pero que tambi\u00e9n nos mantuvo m\u00e1s unidos que nunca.<\/p>\n<p style=\"text-align: justify;\">El libro contiene la historia de Parque del Recuerdo contada a trav\u00e9s de un relato \u00fanico y din\u00e1mico, el cual est\u00e1 acompa\u00f1ado por bellas y emblem\u00e1ticas im\u00e1genes tomadas durante sus 40 a\u00f1os de vida. Al final de la publicaci\u00f3n, el lector encontrar\u00e1 40 relatos que son el testimonio vivo del gran impacto que ha tenido la empresa tanto en Chile, como en la vida de sus colaboradores y clientes.<\/p>\n<p style=\"text-align: justify;\">Finalmente, Parque del Recuerdo tambi\u00e9n prepar\u00f3 un minisitio web <a href=\"https:\/\/nuestrahistoria.parquedelrecuerdo.cl\/\" target=\"_blank\" rel=\"noopener\">nuestrahistoria.parquedelrecuerdo.cl<\/a>, donde es posible encontrar contenido de inter\u00e9s sobre la empresa y sus cuatro d\u00e9cadas de trayectoria.<\/p>\n<p style=\"text-align: center;\"><a href=\"https:\/\/online.flippingbook.com\/view\/217099704\/\" target=\"_blank\" rel=\"noopener\"><img loading=\"lazy\" decoding=\"async\" class=\"wp-image-2089 aligncenter\" src=\"https:\/\/alpar.com.co\/blog\/wp-content\/uploads\/Capturalibro_.jpg\" alt=\"\" width=\"595\" height=\"274\" \/><\/a><\/p>\n<hr \/>\n<p>Un aporte de Parque del Recuerdo.<br \/>\nAsociado ALPAR en Chile.<\/p>\n","protected":false},"excerpt":{"rendered":"<p>El libro \u201c40 a\u00f1os al cuidado de los recuerdos de miles de familias\u201d, es una publicaci\u00f3n conmemorativa elaborada por Parque del Recuerdo, empresa afiliada a ALPAR en Chile, que busca celebrar el legado que la empresa ha dejado en la sociedad chilena durante sus cuatro d\u00e9cadas de vida. Este texto fue elaborado con gran dedicaci\u00f3n [&hellip;]<\/p>\n","protected":false},"author":106,"featured_media":2080,"comment_status":"open","ping_status":"open","sticky":false,"template":"","format":"standard","meta":{"_et_pb_use_builder":"","_et_pb_old_content":"","_et_gb_content_width":"","footnotes":""},"categories":[3],"tags":[],"class_list":["post-2079","post","type-post","status-publish","format-standard","has-post-thumbnail","hentry","category-articulos"],"_links":{"self":[{"href":"https:\/\/alpar.com.co\/blog\/wp-json\/wp\/v2\/posts\/2079","targetHints":{"allow":["GET"]}}],"collection":[{"href":"https:\/\/alpar.com.co\/blog\/wp-json\/wp\/v2\/posts"}],"about":[{"href":"https:\/\/alpar.com.co\/blog\/wp-json\/wp\/v2\/types\/post"}],"author":[{"embeddable":true,"href":"https:\/\/alpar.com.co\/blog\/wp-json\/wp\/v2\/users\/106"}],"replies":[{"embeddable":true,"href":"https:\/\/alpar.com.co\/blog\/wp-json\/wp\/v2\/comments?post=2079"}],"version-history":[{"count":9,"href":"https:\/\/alpar.com.co\/blog\/wp-json\/wp\/v2\/posts\/2079\/revisions"}],"predecessor-version":[{"id":2091,"href":"https:\/\/alpar.com.co\/blog\/wp-json\/wp\/v2\/posts\/2079\/revisions\/2091"}],"wp:featuredmedia":[{"embeddable":true,"href":"https:\/\/alpar.com.co\/blog\/wp-json\/wp\/v2\/media\/2080"}],"wp:attachment":[{"href":"https:\/\/alpar.com.co\/blog\/wp-json\/wp\/v2\/media?parent=2079"}],"wp:term":[{"taxonomy":"category","embeddable":true,"href":"https:\/\/alpar.com.co\/blog\/wp-json\/wp\/v2\/categories?post=2079"},{"taxonomy":"post_tag","embeddable":true,"href":"https:\/\/alpar.com.co\/blog\/wp-json\/wp\/v2\/tags?post=2079"}],"curies":[{"name":"wp","href":"https:\/\/api.w.org\/{rel}","templated":true}]}}