{"id":2106,"date":"2021-04-29T16:15:04","date_gmt":"2021-04-29T21:15:04","guid":{"rendered":"https:\/\/alpar.com.co\/blog\/?p=2106"},"modified":"2021-04-30T11:03:29","modified_gmt":"2021-04-30T16:03:29","slug":"funeraria-del-magisterio-invirtio-9-millones-en-nueva-sede-e-incorporo-un-app-y-codigos-qr-a-su-operacion","status":"publish","type":"post","link":"https:\/\/alpar.com.co\/blog\/funeraria-del-magisterio-invirtio-9-millones-en-nueva-sede-e-incorporo-un-app-y-codigos-qr-a-su-operacion\/","title":{"rendered":"Funeraria del Magisterio invirti\u00f3 $9 millones en nueva sede e incorpor\u00f3 un app y c\u00f3digos QR a su operaci\u00f3n"},"content":{"rendered":"<p style=\"text-align: justify;\">La Funeraria del Magisterio, empresa afiliada a ALPAR en Costa Rica, invirti\u00f3 $9 millones en un nuevo edificio para sus operaciones en San Jos\u00e9, en cuya operaci\u00f3n incorpor\u00f3 recursos tecnol\u00f3gicos como una \u2018app\u2019 y c\u00f3digos QR.<\/p>\n<p style=\"text-align: justify;\">La edificaci\u00f3n se ubica en Paseo Col\u00f3n, ocupa un \u00e1rea de 5.327 metros cuadrados (m2). Tiene tres pisos, s\u00f3tano, 30 espacios de parqueo y dos ascensores.<\/p>\n<p style=\"text-align: justify;\">Zianny Morales, Gerente General de la Corporaci\u00f3n de Servicios M\u00faltiples del Magisterio Nacional, coment\u00f3 que una de las innovaciones clave es la Sala de Columbario, una fuente de luz destinada a las urnas de cenizas.<\/p>\n<blockquote>\n<p style=\"text-align: justify;\"><em>\u201cCada uno de estos columbarios cuenta con un c\u00f3digo QR que redirige a una p\u00e1gina memorial, donde podr\u00e1n navegar y conocer la historia y legado de las personas que hoy ya no est\u00e1n con nosotros y que est\u00e1n al cuidado de Funeraria del Magisterio\u201d<\/em>, relat\u00f3 Morales.<\/p>\n<\/blockquote>\n<p>&nbsp;<\/p>\n<p><img loading=\"lazy\" decoding=\"async\" class=\"aligncenter wp-image-2107\" src=\"https:\/\/alpar.com.co\/blog\/wp-content\/uploads\/nuevos_columbarios_qr.jpg\" alt=\"\" width=\"450\" height=\"338\" \/><\/p>\n<p style=\"text-align: justify;\">La inversi\u00f3n apunta al aumento proyectado en la demanda de servicios funerarios, que se derivar\u00eda del envejecimiento de la poblaci\u00f3n y la tendencia nacional creciente de decesos anuales.<\/p>\n<p style=\"text-align: justify;\">Los datos del Instituto Nacional de Estad\u00edstica y Censos (INEC), previos a la pandemia, se\u00f1alan que mientras en 2018 en Costa Rica fallecieron 23.762 personas, durante el 2019 ese n\u00famero aument\u00f3 a 24.292 en total, un aumento interanual de 2,23%.<\/p>\n<h2 style=\"text-align: left;\"><strong>M\u00e1s tecnolog\u00eda<\/strong><\/h2>\n<p style=\"text-align: justify;\">La funeraria tambi\u00e9n desarroll\u00f3 un app destinada a que los visitantes puedan reservar espacios para asistir a una vela. Esto permitir\u00eda mantener el aforo, sin filas, mediante la selecci\u00f3n entre varias opciones de horario.<\/p>\n<p style=\"text-align: justify;\">Adem\u00e1s, a trav\u00e9s de la herramienta se pueden realizar pedidos de la tienda, como una ofrenda floral, por ejemplo.<\/p>\n<p style=\"text-align: justify;\">Dentro de las instalaciones incluye seis salas de velaci\u00f3n, salas privadas para las familias, recepci\u00f3n, morgue, cafeter\u00eda tipo bistr\u00f3 y una tienda con art\u00edculos relacionados con el giro de negocio, como libros de autoayuda, oraciones, plantas, arreglos florales o tarjetas.<\/p>\n<p style=\"text-align: justify;\">En el Area Metropolitana operan al menos una veintena de funerarias, con distintos niveles de costos y servicios que pueden incluir salas de velaci\u00f3n, espacios en camposantos propios de las empresas y paquetes complementarios.<\/p>\n<p style=\"text-align: justify;\">La Superintendencia General de Seguros de Costa Rica (Sugese) registra al 12 de marzo, 16 p\u00f3lizas vigentes que hacen referencia directa a coberturas funerarias en sus nombres, aunque otros paquetes y seguros de vida tambi\u00e9n podr\u00edan incluir servicios relacionados.<\/p>\n<p style=\"text-align: justify;\">De las opciones vigentes, siete son seguros autoexpedibles. Los principales proveedores son Assa Compa\u00f1\u00eda de Seguros, con cinco, y el Instituto Nacional de Seguros (INS) con cuatro.<\/p>\n<hr \/>\n<p><strong><em>Tomado de:<\/em><\/strong><br \/>\n<em>El Financiero (Marzo de 2021). Funeraria del Magisterio invirti\u00f3 $9 millones en nueva sede e incorpor\u00f3 un app y c\u00f3digos QR a su operaci\u00f3n. Recuperado de: <\/em><a href=\"https:\/\/www.elfinancierocr.com\/negocios\/funeraria-del-magisterio-invirtio-9-millones-en\/HMRHOZ5575FSLODMOTLLRZFB3M\/story\/\" target=\"_blank\" rel=\"noreferrer noopener\" aria-label=\"www.elfinancierocr.com (abre en una nueva pesta\u00f1a)\"><em>www.elfinancierocr.com<\/em><\/a><\/p>\n","protected":false},"excerpt":{"rendered":"<p>La Funeraria del Magisterio, empresa afiliada a ALPAR en Costa Rica, invirti\u00f3 $9 millones en un nuevo edificio para sus operaciones en San Jos\u00e9, en cuya operaci\u00f3n incorpor\u00f3 recursos tecnol\u00f3gicos como una \u2018app\u2019 y c\u00f3digos QR. La edificaci\u00f3n se ubica en Paseo Col\u00f3n, ocupa un \u00e1rea de 5.327 metros cuadrados (m2). Tiene tres pisos, s\u00f3tano, [&hellip;]<\/p>\n","protected":false},"author":106,"featured_media":2108,"comment_status":"open","ping_status":"open","sticky":false,"template":"","format":"standard","meta":{"_et_pb_use_builder":"","_et_pb_old_content":"","_et_gb_content_width":"","footnotes":""},"categories":[3,2],"tags":[],"class_list":["post-2106","post","type-post","status-publish","format-standard","has-post-thumbnail","hentry","category-articulos","category-noticias"],"_links":{"self":[{"href":"https:\/\/alpar.com.co\/blog\/wp-json\/wp\/v2\/posts\/2106","targetHints":{"allow":["GET"]}}],"collection":[{"href":"https:\/\/alpar.com.co\/blog\/wp-json\/wp\/v2\/posts"}],"about":[{"href":"https:\/\/alpar.com.co\/blog\/wp-json\/wp\/v2\/types\/post"}],"author":[{"embeddable":true,"href":"https:\/\/alpar.com.co\/blog\/wp-json\/wp\/v2\/users\/106"}],"replies":[{"embeddable":true,"href":"https:\/\/alpar.com.co\/blog\/wp-json\/wp\/v2\/comments?post=2106"}],"version-history":[{"count":1,"href":"https:\/\/alpar.com.co\/blog\/wp-json\/wp\/v2\/posts\/2106\/revisions"}],"predecessor-version":[{"id":2109,"href":"https:\/\/alpar.com.co\/blog\/wp-json\/wp\/v2\/posts\/2106\/revisions\/2109"}],"wp:featuredmedia":[{"embeddable":true,"href":"https:\/\/alpar.com.co\/blog\/wp-json\/wp\/v2\/media\/2108"}],"wp:attachment":[{"href":"https:\/\/alpar.com.co\/blog\/wp-json\/wp\/v2\/media?parent=2106"}],"wp:term":[{"taxonomy":"category","embeddable":true,"href":"https:\/\/alpar.com.co\/blog\/wp-json\/wp\/v2\/categories?post=2106"},{"taxonomy":"post_tag","embeddable":true,"href":"https:\/\/alpar.com.co\/blog\/wp-json\/wp\/v2\/tags?post=2106"}],"curies":[{"name":"wp","href":"https:\/\/api.w.org\/{rel}","templated":true}]}}