{"id":2111,"date":"2021-05-06T16:44:15","date_gmt":"2021-05-06T21:44:15","guid":{"rendered":"https:\/\/alpar.com.co\/blog\/?p=2111"},"modified":"2021-05-07T10:46:07","modified_gmt":"2021-05-07T15:46:07","slug":"dkv-crea-el-primer-bosque-memorial-por-la-covid-19","status":"publish","type":"post","link":"https:\/\/alpar.com.co\/blog\/dkv-crea-el-primer-bosque-memorial-por-la-covid-19\/","title":{"rendered":"DKV crea el primer bosque memorial por la Covid-19"},"content":{"rendered":"<p style=\"text-align: justify;\">La empresa\u00a0DKV\u00a0ha creado el\u00a0primer bosque memorial por la Covid-19\u00a0en recuerdo de sus 768 clientes fallecidos a lo largo del 2020. Con motivo del primer aniversario del Estado de Alarma el domingo, 14 de marzo, la compa\u00f1\u00eda ha plantado un \u00e1rbol en recuerdo de cada uno de ellos.<\/p>\n<p style=\"text-align: justify;\">DKV ha celebrado un acto \u00edntimo de homenaje, encabezado por el CEO de la empresa, el Dr. Josep Santacreu, en el que se han acabado de plantar los 768 \u00e1rboles. Tras la lectura del poema \u2018<em>In memoriam<\/em>\u2019, se ha guardado un minuto de silencio mientras un violonchelo tocaba algunas piezas de m\u00fasica cl\u00e1sica.<\/p>\n<p style=\"text-align: justify;\">En cada \u00e1rbol, se ha colgado una\u00a0tarjeta de papel semilla con una frase en memoria de las familias.\u00a0Con el tiempo, acabar\u00e1n convirti\u00e9ndose en flores que brotar\u00e1n a los pies de los \u00e1rboles. Tras este gesto simb\u00f3lico, la compa\u00f1\u00eda recoger\u00e1 las frases de todas las familias de clientes finados a causa de la Covid-19. Asimismo organizar\u00e1 una\u00a0acci\u00f3n de voluntariado con sus empleados para ir a colocarlas en el resto de los \u00e1rboles. Los recordatorios tambi\u00e9n se recopilar\u00e1n en una web conmemorativa.<\/p>\n<p style=\"text-align: justify;\">Este bosque memorial est\u00e1 situado en una finca privada cerca de El Bruc (Barcelona) con vistas a la monta\u00f1a de Montserrat. El \u00e1rea sufri\u00f3 un grave incendio en 2015 y esta plantaci\u00f3n contribuye a restaurar la biodiversidad del espacio.<\/p>\n<p style=\"text-align: justify;\">Esta acci\u00f3n de restauraci\u00f3n forestal se enmarca en el\u00a0compromiso de la compa\u00f1\u00eda de plantar un mill\u00f3n de \u00e1rboles de aqu\u00ed a 2030, dentro de su estrategia de lucha contra el cambio clim\u00e1tico\u00a0\u2018Planeta Salud\u2019. De hecho, este bosque memorial es el\u00a0primero de otros que se plantar\u00e1n en varios lugares de Espa\u00f1a.<\/p>\n<p style=\"text-align: justify;\">La creaci\u00f3n de este primer bosque memorial por la Covid-19, que se ha realizado en colaboraci\u00f3n con Volterra y el proyecto europeo LifeTerra, cuenta con\u00a0ejemplares de especies aut\u00f3ctonas, como encinas, robles carrasque\u00f1os, enebra, pino carrasco, cerezo silvestre, algarrobo y olivo silvestre, adem\u00e1s de arbustos que contribuyen a la biodiversidad del espacio.<\/p>\n<p>&nbsp;<\/p>\n<p><iframe loading=\"lazy\" title=\"DKV crea el primer bosque memorial por la Covid-19 en recuerdo de sus 768 clientes fallecidos.\" width=\"1080\" height=\"608\" src=\"https:\/\/www.youtube.com\/embed\/Cib1fjRnp70?feature=oembed\" frameborder=\"0\" allow=\"accelerometer; autoplay; clipboard-write; encrypted-media; gyroscope; picture-in-picture\" allowfullscreen><\/iframe><\/p>\n<h2><\/h2>\n<h2><strong>Planeta Salud<\/strong><\/h2>\n<p style=\"text-align: justify;\">A finales de 2020 la compa\u00f1\u00eda present\u00f3 \u2018Planeta Salud\u2019, su\u00a0estrategia contra el cambio clim\u00e1tico 2030 con la que se comprometen a cumplir varios compromisos\u00a0como ser la primera aseguradora del pa\u00eds clim\u00e1tico-positiva, compensar todas las emisiones generadas por la empresa desde su creaci\u00f3n (1932), calcular y ayudar a reducir las emisiones generadas por sus grupos de inter\u00e9s, desarrollar productos, soluciones y servicios innovadores frente al cambio clim\u00e1tico o plantar al menos 1 mill\u00f3n de \u00e1rboles hasta el a\u00f1o 2030.<\/p>\n<p style=\"text-align: justify;\">Este \u00faltimo compromiso\u00a0sigue las recomendaciones internacionales sobre c\u00f3mo y d\u00f3nde plantar \u00e1rboles. Seg\u00fan el Informe especial del IPCC2 de 2019,\u00a0una mejor gesti\u00f3n del territorio puede contribuir a abordar el cambio clim\u00e1tico a trav\u00e9s de las llamadas soluciones basadas en la naturaleza (SbN) que retienen el carbono en los bosques, suelos, pastizales y humedales. Las SbN pueden acumular hasta un tercio de las reducciones de emisiones requeridas para 2030 para cumplir con los objetivos del Acuerdo de Par\u00eds.<\/p>\n<p style=\"text-align: justify;\">Restaurar bosques naturales se ha convertido en una de las estrategias de mitigaci\u00f3n clim\u00e1tica, dado su potencial para capturar carbono y al mismo tiempo proporcionar beneficios adicionales, como h\u00e1bitats para paliar crisis de biodiversidad. DKV Seguros entiende la restauraci\u00f3n forestal como una actuaci\u00f3n en la lucha contra el cambio clim\u00e1tico y no como soluci\u00f3n \u00fanica. Desde la aseguradora trabajan para reducir sus emisiones y extraer el carbono existente de la atm\u00f3sfera, detener el da\u00f1o y empezar la restauraci\u00f3n.<\/p>\n<hr \/>\n<p><em><strong>Fuente:<\/strong> Revista Funeraria (15 de marzo de 2021): <a href=\"https:\/\/revistafuneraria.com\/dkv-crea-el-primer-bosque-memorial-por-la-covid-19\/\" target=\"_blank\" rel=\"noreferrer noopener\" aria-label=\"www.revistafuneraria.com (abre en una nueva pesta\u00f1a)\">www.revistafuneraria.com<\/a><\/em><\/p>\n","protected":false},"excerpt":{"rendered":"<p>La empresa\u00a0DKV\u00a0ha creado el\u00a0primer bosque memorial por la Covid-19\u00a0en recuerdo de sus 768 clientes fallecidos a lo largo del 2020. Con motivo del primer aniversario del Estado de Alarma el domingo, 14 de marzo, la compa\u00f1\u00eda ha plantado un \u00e1rbol en recuerdo de cada uno de ellos. DKV ha celebrado un acto \u00edntimo de homenaje, [&hellip;]<\/p>\n","protected":false},"author":106,"featured_media":2112,"comment_status":"open","ping_status":"open","sticky":false,"template":"","format":"standard","meta":{"_et_pb_use_builder":"","_et_pb_old_content":"","_et_gb_content_width":"","footnotes":""},"categories":[3,4],"tags":[],"class_list":["post-2111","post","type-post","status-publish","format-standard","has-post-thumbnail","hentry","category-articulos","category-videos"],"_links":{"self":[{"href":"https:\/\/alpar.com.co\/blog\/wp-json\/wp\/v2\/posts\/2111","targetHints":{"allow":["GET"]}}],"collection":[{"href":"https:\/\/alpar.com.co\/blog\/wp-json\/wp\/v2\/posts"}],"about":[{"href":"https:\/\/alpar.com.co\/blog\/wp-json\/wp\/v2\/types\/post"}],"author":[{"embeddable":true,"href":"https:\/\/alpar.com.co\/blog\/wp-json\/wp\/v2\/users\/106"}],"replies":[{"embeddable":true,"href":"https:\/\/alpar.com.co\/blog\/wp-json\/wp\/v2\/comments?post=2111"}],"version-history":[{"count":1,"href":"https:\/\/alpar.com.co\/blog\/wp-json\/wp\/v2\/posts\/2111\/revisions"}],"predecessor-version":[{"id":2113,"href":"https:\/\/alpar.com.co\/blog\/wp-json\/wp\/v2\/posts\/2111\/revisions\/2113"}],"wp:featuredmedia":[{"embeddable":true,"href":"https:\/\/alpar.com.co\/blog\/wp-json\/wp\/v2\/media\/2112"}],"wp:attachment":[{"href":"https:\/\/alpar.com.co\/blog\/wp-json\/wp\/v2\/media?parent=2111"}],"wp:term":[{"taxonomy":"category","embeddable":true,"href":"https:\/\/alpar.com.co\/blog\/wp-json\/wp\/v2\/categories?post=2111"},{"taxonomy":"post_tag","embeddable":true,"href":"https:\/\/alpar.com.co\/blog\/wp-json\/wp\/v2\/tags?post=2111"}],"curies":[{"name":"wp","href":"https:\/\/api.w.org\/{rel}","templated":true}]}}