{"id":2120,"date":"2021-06-03T10:16:31","date_gmt":"2021-06-03T15:16:31","guid":{"rendered":"https:\/\/alpar.com.co\/blog\/?p=2120"},"modified":"2021-06-04T08:51:49","modified_gmt":"2021-06-04T13:51:49","slug":"en-conmemoracion-a-los-fallecidos-por-covid-19-seguimos-conmemorando-la-vida-y-haciendo-cada-recuerdo-el-mejor-homenaje","status":"publish","type":"post","link":"https:\/\/alpar.com.co\/blog\/en-conmemoracion-a-los-fallecidos-por-covid-19-seguimos-conmemorando-la-vida-y-haciendo-cada-recuerdo-el-mejor-homenaje\/","title":{"rendered":"En homenaje a los fallecidos por COVID-19: Seguimos conmemorando la vida y haciendo de cada recuerdo el mejor homenaje"},"content":{"rendered":"<p style=\"text-align: justify;\">Fue realizado el pasado viernes, 30 de abril, la misa en conmemoraci\u00f3n a los fallecidos por COVID-19.\u00a0 En un a\u00f1o en el que m\u00e1s de un mill\u00f3n de personas han muerto a causa del coronavirus, tiene sentido que la gente busque formas de afrontar la p\u00e9rdida. Fuente De Luz, Memorial Services, empresa afiliada a ALPAR en Rep\u00fablica Dominicana, hizo un homenaje a los ca\u00eddos por el Covid-19.<\/p>\n<p style=\"text-align: justify;\">La actividad inici\u00f3 con una charla, impartida por la psic\u00f3loga Hayde Dom\u00ednguez, con el tema <em>\u201cEl duelo en caso de p\u00e9rdida de un ser querido por COVID-19\u201d.<\/em> \u00a0Luego se procedi\u00f3 con la misa con el Padre Carlos Santana, en honor a los fallecidos por COVID-19. Y culminando con el homenaje <em>\u201cLuz de Esperanza\u201d<\/em>, donde se encendi\u00f3 una luz en honor a cada una de las familias que perdieron un ser querido a causa de esta enfermedad.<\/p>\n<p>&nbsp;<\/p>\n<table style=\"width: 100%;\">\n<tbody>\n<tr>\n<td><img loading=\"lazy\" decoding=\"async\" class=\"wp-image-2122 aligncenter\" src=\"https:\/\/alpar.com.co\/blog\/wp-content\/uploads\/DSC_0065.jpg\" alt=\"\" width=\"300\" height=\"199\" \/><\/td>\n<td><img loading=\"lazy\" decoding=\"async\" class=\"wp-image-2121 aligncenter\" src=\"https:\/\/alpar.com.co\/blog\/wp-content\/uploads\/DSC_0093.jpg\" alt=\"\" width=\"300\" height=\"199\" \/><\/td>\n<\/tr>\n<\/tbody>\n<\/table>\n<p style=\"text-align: justify;\">Agradeciendo a las personas que fueron parte y se hicieron presente en esta actividad.<\/p>\n<p style=\"text-align: justify;\">Sabemos que en la vida acontecen tristes perdidas que carecen de sentido. Sin embargo, despu\u00e9s de un duelo bien hecho, cuando decido vivir a plenitud y ser mejor persona, honro la vida y memoria de un ser querido, d\u00e1ndole as\u00ed sentido a nuestra historia.<\/p>\n<p style=\"text-align: justify;\"><em>Una gran vida merece un gran homenaje<\/em><em>.<\/em><\/p>\n<hr \/>\n<p>Un aporte de Fuente de Luz Memorial Park.<br \/>\nAsociado ALPAR en Rep\u00fablica Dominicana.<\/p>\n","protected":false},"excerpt":{"rendered":"<p>Fue realizado el pasado viernes, 30 de abril, la misa en conmemoraci\u00f3n a los fallecidos por COVID-19.\u00a0 En un a\u00f1o en el que m\u00e1s de un mill\u00f3n de personas han muerto a causa del coronavirus, tiene sentido que la gente busque formas de afrontar la p\u00e9rdida. Fuente De Luz, Memorial Services, empresa afiliada a ALPAR [&hellip;]<\/p>\n","protected":false},"author":106,"featured_media":2123,"comment_status":"open","ping_status":"open","sticky":false,"template":"","format":"standard","meta":{"_et_pb_use_builder":"","_et_pb_old_content":"","_et_gb_content_width":"","footnotes":""},"categories":[3],"tags":[],"class_list":["post-2120","post","type-post","status-publish","format-standard","has-post-thumbnail","hentry","category-articulos"],"_links":{"self":[{"href":"https:\/\/alpar.com.co\/blog\/wp-json\/wp\/v2\/posts\/2120","targetHints":{"allow":["GET"]}}],"collection":[{"href":"https:\/\/alpar.com.co\/blog\/wp-json\/wp\/v2\/posts"}],"about":[{"href":"https:\/\/alpar.com.co\/blog\/wp-json\/wp\/v2\/types\/post"}],"author":[{"embeddable":true,"href":"https:\/\/alpar.com.co\/blog\/wp-json\/wp\/v2\/users\/106"}],"replies":[{"embeddable":true,"href":"https:\/\/alpar.com.co\/blog\/wp-json\/wp\/v2\/comments?post=2120"}],"version-history":[{"count":10,"href":"https:\/\/alpar.com.co\/blog\/wp-json\/wp\/v2\/posts\/2120\/revisions"}],"predecessor-version":[{"id":2144,"href":"https:\/\/alpar.com.co\/blog\/wp-json\/wp\/v2\/posts\/2120\/revisions\/2144"}],"wp:featuredmedia":[{"embeddable":true,"href":"https:\/\/alpar.com.co\/blog\/wp-json\/wp\/v2\/media\/2123"}],"wp:attachment":[{"href":"https:\/\/alpar.com.co\/blog\/wp-json\/wp\/v2\/media?parent=2120"}],"wp:term":[{"taxonomy":"category","embeddable":true,"href":"https:\/\/alpar.com.co\/blog\/wp-json\/wp\/v2\/categories?post=2120"},{"taxonomy":"post_tag","embeddable":true,"href":"https:\/\/alpar.com.co\/blog\/wp-json\/wp\/v2\/tags?post=2120"}],"curies":[{"name":"wp","href":"https:\/\/api.w.org\/{rel}","templated":true}]}}