{"id":2152,"date":"2021-06-24T17:14:13","date_gmt":"2021-06-24T22:14:13","guid":{"rendered":"https:\/\/alpar.com.co\/blog\/?p=2152"},"modified":"2021-06-25T10:37:25","modified_gmt":"2021-06-25T15:37:25","slug":"transformando-los-obstaculos-y-adversidades-como-ejes-de-motivacion","status":"publish","type":"post","link":"https:\/\/alpar.com.co\/blog\/transformando-los-obstaculos-y-adversidades-como-ejes-de-motivacion\/","title":{"rendered":"Transformando los obst\u00e1culos y adversidades como ejes de motivaci\u00f3n"},"content":{"rendered":"<p style=\"text-align: justify;\">El ser humano como tal es un ser de grandes interrogantes y formas de conducta cambiantes, ante todo con factores externos e internos, que moldean su forma de ver, sentir, entender y hasta pensar las cosas. El momento y tiempo actual por el que pasa la humanidad, es un antes y un despu\u00e9s en estilos y conducci\u00f3n de vida.<\/p>\n<p style=\"text-align: justify;\">El hacer menci\u00f3n del tema es importante considerarlo, porque no todos los seres humanos asumen este enfoque como una oportunidad de comprender y sentir el crecimiento y evoluci\u00f3n como tal.<\/p>\n<p style=\"text-align: justify;\">Para hablar de resiliencia es importante destacar que especialistas como Jes\u00fas Morgan Asch (2020), hacen referencia de este enfoque de la siguiente forma: la resiliencia se resume en resistir, aprender y trascender en medio de una adversidad; Sampedro (2009) define resiliencia personal como la capacidad de un individuo de afrontar adversidades, superarlas y salir transformado positivamente de ellas.<\/p>\n<p style=\"text-align: justify;\">La resiliencia como tal,<strong>\u00a0es la capacidad que los seres humanos tenemos, para aprender de las adversidades y obst\u00e1culos que afrontamos en nuestra vida cotidiana<\/strong>, aprendiendo a visualizar estos factores como grandes lecciones de crecimiento y evoluci\u00f3n personal, es tener tambi\u00e9n inteligencia emocional y hasta capacidad de reacci\u00f3n, de ver estos elementos, como motores de superaci\u00f3n y motivaci\u00f3n.<\/p>\n<p style=\"text-align: justify;\">Hoy en d\u00eda es necesario e importante que se brinde capacitaci\u00f3n en las organizaciones, con la finalidad de poder generar habilidades y destrezas en el capital humano, con el fin de generar personas capaces de poder ver estos tiempos como hechos y acontecimientos de superaci\u00f3n, pero ante todo tener mentalidades positivas de la vida, sacando de las cosas negativas lecciones de evoluci\u00f3n.<\/p>\n<p style=\"text-align: justify;\">La importancia de la resiliencia es que las personas tengan la capacidad de poder transformar situaciones adversas en su d\u00eda a d\u00eda, en situaciones favorables; teniendo inteligencia emocional, adem\u00e1s de poder ser fuertes, en momentos o situaciones desfavorables. En si es un enfoque de la psicolog\u00eda positiva, que viene a sustituir enfoques tradicionales, donde s\u00f3lo se trata a las personas, cuando se est\u00e1 en crisis o se poseen grandes problemas personales.<\/p>\n<p style=\"text-align: justify;\">Tambi\u00e9n con este enfoque se fomentan los valores y principios c\u00edvicos formando individuos, capaces de poder desempe\u00f1ar acciones de responsabilidad social en la comunidad y hasta el pa\u00eds, promulgando criterios como la igualdad, solidaridad, justicia entre otros.<\/p>\n<p style=\"text-align: justify;\">A nivel empresarial la resiliencia organizacional es de importancia, porque con esta se promueven las habilidades, dones y talentos en los colaboradores, para que sean capaces de poder manejar de forma adecuada las grandes situaciones de crisis y que sirvan a su vez, como agentes de cambio positivo, promulgando y ejerciendo valores que los dem\u00e1s colaboradores tambi\u00e9n ejecuten. Su finalidad es crear ambientes organizacionales fuertes, agradables, con cultura de valores y principios compartidos, generando lazos motivacionales fuertes en las personas, de cohesi\u00f3n y trabajo en equipo.<\/p>\n<p style=\"text-align: justify;\">Un buen ambiente de resiliencia conlleva compromiso y consciencia desde la junta directiva, alta gerencia, mandos medios, que sean claros y conscientes de que ante todo las personas son seres humanos, merecedoras de calidad y estilo de vida estables, pero ante todo crear seres humanos sensibles y comprensivos de sus semejantes, generando construcci\u00f3n, dise\u00f1o y creaci\u00f3n de ambientes organizacionales de excelencia.<\/p>\n<hr \/>\n<p dir=\"ltr\"><strong><em>Tomado de:<\/em><\/strong><br \/>\n<em>Mercados y Tendencias (Mayo de 2021). Transformando los obst\u00e1culos y adversidades como ejes de motivaci\u00f3n. Recuperado de: <\/em><a href=\"https:\/\/revistamyt.com\/transformando-los-obstaculos-y-adversidades-como-ejes-de-motivacion\/\" target=\"_blank\" rel=\"noreferrer noopener\" aria-label=\"www.revistamyt.com (abre en una nueva pesta\u00f1a)\"><em>www.revistamyt.com<\/em><\/a><\/p>\n","protected":false},"excerpt":{"rendered":"<p>El ser humano como tal es un ser de grandes interrogantes y formas de conducta cambiantes, ante todo con factores externos e internos, que moldean su forma de ver, sentir, entender y hasta pensar las cosas. El momento y tiempo actual por el que pasa la humanidad, es un antes y un despu\u00e9s en estilos [&hellip;]<\/p>\n","protected":false},"author":106,"featured_media":2153,"comment_status":"open","ping_status":"open","sticky":false,"template":"","format":"standard","meta":{"_et_pb_use_builder":"","_et_pb_old_content":"","_et_gb_content_width":"","footnotes":""},"categories":[3],"tags":[],"class_list":["post-2152","post","type-post","status-publish","format-standard","has-post-thumbnail","hentry","category-articulos"],"_links":{"self":[{"href":"https:\/\/alpar.com.co\/blog\/wp-json\/wp\/v2\/posts\/2152","targetHints":{"allow":["GET"]}}],"collection":[{"href":"https:\/\/alpar.com.co\/blog\/wp-json\/wp\/v2\/posts"}],"about":[{"href":"https:\/\/alpar.com.co\/blog\/wp-json\/wp\/v2\/types\/post"}],"author":[{"embeddable":true,"href":"https:\/\/alpar.com.co\/blog\/wp-json\/wp\/v2\/users\/106"}],"replies":[{"embeddable":true,"href":"https:\/\/alpar.com.co\/blog\/wp-json\/wp\/v2\/comments?post=2152"}],"version-history":[{"count":1,"href":"https:\/\/alpar.com.co\/blog\/wp-json\/wp\/v2\/posts\/2152\/revisions"}],"predecessor-version":[{"id":2154,"href":"https:\/\/alpar.com.co\/blog\/wp-json\/wp\/v2\/posts\/2152\/revisions\/2154"}],"wp:featuredmedia":[{"embeddable":true,"href":"https:\/\/alpar.com.co\/blog\/wp-json\/wp\/v2\/media\/2153"}],"wp:attachment":[{"href":"https:\/\/alpar.com.co\/blog\/wp-json\/wp\/v2\/media?parent=2152"}],"wp:term":[{"taxonomy":"category","embeddable":true,"href":"https:\/\/alpar.com.co\/blog\/wp-json\/wp\/v2\/categories?post=2152"},{"taxonomy":"post_tag","embeddable":true,"href":"https:\/\/alpar.com.co\/blog\/wp-json\/wp\/v2\/tags?post=2152"}],"curies":[{"name":"wp","href":"https:\/\/api.w.org\/{rel}","templated":true}]}}