{"id":2177,"date":"2021-07-23T08:41:06","date_gmt":"2021-07-23T13:41:06","guid":{"rendered":"https:\/\/alpar.com.co\/blog\/?p=2177"},"modified":"2021-07-23T12:20:48","modified_gmt":"2021-07-23T17:20:48","slug":"jornada-de-forestacion","status":"publish","type":"post","link":"https:\/\/alpar.com.co\/blog\/jornada-de-forestacion\/","title":{"rendered":"Jornada de Forestaci\u00f3n"},"content":{"rendered":"<p style=\"text-align: justify;\">El Parque Cementerio Privado Fuente de Luz, empresa afiliada a ALPAR en Rep\u00fablica Dominicana, organiz\u00f3 una jornada de forestaci\u00f3n, realizada totalmente al aire libre, en las instalaciones de su sede principal, ubicada en Santiago, siguiendo todos los protocolos de bioseguridad ante la pandemia.<\/p>\n<p><img loading=\"lazy\" decoding=\"async\" class=\"aligncenter wp-image-2178\" src=\"https:\/\/alpar.com.co\/blog\/wp-content\/uploads\/DSC_0059.jpg\" alt=\"\" width=\"600\" height=\"397\" \/><\/p>\n<p style=\"text-align: justify;\">La empresa agradece a todos los que hicieron posibles la <em>Primera Jornada de Forestaci\u00f3n 2021<\/em>, a las entidades que les colaboraron en todo el proceso y el apoyo del Departamento de Educaci\u00f3n Ambiental de Santiago, representado por Julio Jos\u00e9 Cortorreal, las familias y colaboradores internos, \u00a0sin quienes no habr\u00eda sido posible realizarlo.<\/p>\n<p><img loading=\"lazy\" decoding=\"async\" class=\"size-full wp-image-2179 aligncenter\" src=\"https:\/\/alpar.com.co\/blog\/wp-content\/uploads\/dia-forestacion.jpg\" alt=\"\" width=\"831\" height=\"411\" srcset=\"https:\/\/alpar.com.co\/blog\/wp-content\/uploads\/dia-forestacion.jpg 831w, https:\/\/alpar.com.co\/blog\/wp-content\/uploads\/dia-forestacion-480x237.jpg 480w\" sizes=\"(min-width: 0px) and (max-width: 480px) 480px, (min-width: 481px) 831px, 100vw\" \/><\/p>\n<p style=\"text-align: justify;\">De esta manera queda oficialmente inaugurado el voluntariado <em>Pasos por Sonrisas by Fuente de Luz<\/em>, en donde las familias de Rep\u00fablica Dominicana podr\u00e1n ser part\u00edcipe de esta gran iniciativa, para colaborar con las personas y sectores m\u00e1s necesitados, participando de un conjunto de actividades de apoyo.<\/p>\n<p style=\"text-align: justify;\">La familia Fuente de Luz agradece a cada uno de los que estuvieron presentes, siendo los primeros en colaborar con dicho voluntariado, con el prop\u00f3sito de aportar a la sociedad y brindar un mejor porvenir.<\/p>\n<hr \/>\n<p>Un aporte de Fuente de Luz Memorial Park.<br \/>\nAsociado ALPAR en Rep\u00fablica Dominicana.<\/p>\n","protected":false},"excerpt":{"rendered":"<p>El Parque Cementerio Privado Fuente de Luz, empresa afiliada a ALPAR en Rep\u00fablica Dominicana, organiz\u00f3 una jornada de forestaci\u00f3n, realizada totalmente al aire libre, en las instalaciones de su sede principal, ubicada en Santiago, siguiendo todos los protocolos de bioseguridad ante la pandemia. La empresa agradece a todos los que hicieron posibles la Primera Jornada [&hellip;]<\/p>\n","protected":false},"author":106,"featured_media":2180,"comment_status":"open","ping_status":"open","sticky":false,"template":"","format":"standard","meta":{"_et_pb_use_builder":"","_et_pb_old_content":"","_et_gb_content_width":"","footnotes":""},"categories":[3],"tags":[],"class_list":["post-2177","post","type-post","status-publish","format-standard","has-post-thumbnail","hentry","category-articulos"],"_links":{"self":[{"href":"https:\/\/alpar.com.co\/blog\/wp-json\/wp\/v2\/posts\/2177","targetHints":{"allow":["GET"]}}],"collection":[{"href":"https:\/\/alpar.com.co\/blog\/wp-json\/wp\/v2\/posts"}],"about":[{"href":"https:\/\/alpar.com.co\/blog\/wp-json\/wp\/v2\/types\/post"}],"author":[{"embeddable":true,"href":"https:\/\/alpar.com.co\/blog\/wp-json\/wp\/v2\/users\/106"}],"replies":[{"embeddable":true,"href":"https:\/\/alpar.com.co\/blog\/wp-json\/wp\/v2\/comments?post=2177"}],"version-history":[{"count":4,"href":"https:\/\/alpar.com.co\/blog\/wp-json\/wp\/v2\/posts\/2177\/revisions"}],"predecessor-version":[{"id":2184,"href":"https:\/\/alpar.com.co\/blog\/wp-json\/wp\/v2\/posts\/2177\/revisions\/2184"}],"wp:featuredmedia":[{"embeddable":true,"href":"https:\/\/alpar.com.co\/blog\/wp-json\/wp\/v2\/media\/2180"}],"wp:attachment":[{"href":"https:\/\/alpar.com.co\/blog\/wp-json\/wp\/v2\/media?parent=2177"}],"wp:term":[{"taxonomy":"category","embeddable":true,"href":"https:\/\/alpar.com.co\/blog\/wp-json\/wp\/v2\/categories?post=2177"},{"taxonomy":"post_tag","embeddable":true,"href":"https:\/\/alpar.com.co\/blog\/wp-json\/wp\/v2\/tags?post=2177"}],"curies":[{"name":"wp","href":"https:\/\/api.w.org\/{rel}","templated":true}]}}