{"id":2212,"date":"2021-09-02T17:05:00","date_gmt":"2021-09-02T22:05:00","guid":{"rendered":"https:\/\/alpar.com.co\/blog\/?p=2212"},"modified":"2021-09-03T08:12:41","modified_gmt":"2021-09-03T13:12:41","slug":"funeraria-san-vicente-en-el-salon-de-la-excelencia-de-nfda","status":"publish","type":"post","link":"https:\/\/alpar.com.co\/blog\/funeraria-san-vicente-en-el-salon-de-la-excelencia-de-nfda\/","title":{"rendered":"Funeraria San Vicente en &#8216;El Sal\u00f3n de la Excelencia&#8217; de NFDA"},"content":{"rendered":"<p style=\"text-align: justify;\">National Funeral Directors Association ( NFDA ), incluy\u00f3 el nombre de Funeraria San Vicente, \u00a0empresa afiliada a ALPAR en Colombia, en &#8216;<strong>El Sal\u00f3n de la Excelencia&#8217;<\/strong> por recibir el reconocimiento <strong>\u2018En B\u00fasqueda de la Excelencia\u2019<\/strong> por d\u00e9cima vez, siendo la primera empresa funeraria latinoamericana en lograrlo.<\/p>\n<p style=\"text-align: justify;\">Durante m\u00e1s de 40 a\u00f1os, la NFDA ha otorgado el premio \u2018En B\u00fasqueda de la Excelencia\u2019 a las funerarias que han demostrado un compromiso con los m\u00e1s altos est\u00e1ndares profesionales y \u00e9ticos.<\/p>\n<p style=\"text-align: justify;\">A medida que la pandemia sigue afectando nuestros pa\u00edses, las funerarias est\u00e1n encontrando formas extraordinarias de afrontar el momento y proporcionar apoyo significativo a las familias y comunidades en duelo.<\/p>\n<p style=\"text-align: justify;\">El grupo de trabajo \u2018En B\u00fasqueda de la Excelencia\u2019 de la NFDA qued\u00f3 muy impresionado y felicita a Funeraria San Vicente por el arduo trabajo y dedicaci\u00f3n durante estos tiempos desafiantes, otorg\u00e1ndoles adem\u00e1s, y por quinta vez, el reconocimiento \u2018<strong>Lo Mejor de Lo Mejor\u2019<\/strong>, siendo una de las \u00fanicas tres funerarias en ganarlo este a\u00f1o.<\/p>\n<blockquote>\n<p style=\"text-align: justify;\"><em>\u201cNos sentimos orgullosos por quien nos otorga dichos galardones, la m\u00e1s antigua y grande asociaci\u00f3n funeraria del mundo, con m\u00e1s de 24 mil afilados.\u00a0 El personal de nuestra empresa es digno y merecedor de este elogio y es a ellos y a nuestros colegas a quienes dedicamos estos reconocimientos\u201d <\/em>dicen los directivos de Funeraria San Vicente.<\/p>\n<\/blockquote>\n<hr \/>\n<p>Un aporte de Funeraria San Vicente.<br \/>\nAsociado ALPAR en Colombia.<\/p>\n","protected":false},"excerpt":{"rendered":"<p>National Funeral Directors Association ( NFDA ), incluy\u00f3 el nombre de Funeraria San Vicente, \u00a0empresa afiliada a ALPAR en Colombia, en &#8216;El Sal\u00f3n de la Excelencia&#8217; por recibir el reconocimiento \u2018En B\u00fasqueda de la Excelencia\u2019 por d\u00e9cima vez, siendo la primera empresa funeraria latinoamericana en lograrlo. Durante m\u00e1s de 40 a\u00f1os, la NFDA ha otorgado [&hellip;]<\/p>\n","protected":false},"author":106,"featured_media":2213,"comment_status":"open","ping_status":"open","sticky":false,"template":"","format":"standard","meta":{"_et_pb_use_builder":"","_et_pb_old_content":"","_et_gb_content_width":"","footnotes":""},"categories":[3],"tags":[],"class_list":["post-2212","post","type-post","status-publish","format-standard","has-post-thumbnail","hentry","category-articulos"],"_links":{"self":[{"href":"https:\/\/alpar.com.co\/blog\/wp-json\/wp\/v2\/posts\/2212","targetHints":{"allow":["GET"]}}],"collection":[{"href":"https:\/\/alpar.com.co\/blog\/wp-json\/wp\/v2\/posts"}],"about":[{"href":"https:\/\/alpar.com.co\/blog\/wp-json\/wp\/v2\/types\/post"}],"author":[{"embeddable":true,"href":"https:\/\/alpar.com.co\/blog\/wp-json\/wp\/v2\/users\/106"}],"replies":[{"embeddable":true,"href":"https:\/\/alpar.com.co\/blog\/wp-json\/wp\/v2\/comments?post=2212"}],"version-history":[{"count":3,"href":"https:\/\/alpar.com.co\/blog\/wp-json\/wp\/v2\/posts\/2212\/revisions"}],"predecessor-version":[{"id":2216,"href":"https:\/\/alpar.com.co\/blog\/wp-json\/wp\/v2\/posts\/2212\/revisions\/2216"}],"wp:featuredmedia":[{"embeddable":true,"href":"https:\/\/alpar.com.co\/blog\/wp-json\/wp\/v2\/media\/2213"}],"wp:attachment":[{"href":"https:\/\/alpar.com.co\/blog\/wp-json\/wp\/v2\/media?parent=2212"}],"wp:term":[{"taxonomy":"category","embeddable":true,"href":"https:\/\/alpar.com.co\/blog\/wp-json\/wp\/v2\/categories?post=2212"},{"taxonomy":"post_tag","embeddable":true,"href":"https:\/\/alpar.com.co\/blog\/wp-json\/wp\/v2\/tags?post=2212"}],"curies":[{"name":"wp","href":"https:\/\/api.w.org\/{rel}","templated":true}]}}