{"id":2218,"date":"2021-09-09T17:21:44","date_gmt":"2021-09-09T22:21:44","guid":{"rendered":"https:\/\/alpar.com.co\/blog\/?p=2218"},"modified":"2021-09-10T11:08:21","modified_gmt":"2021-09-10T16:08:21","slug":"actualizaciones-de-restricciones-y-cifras-de-fallecimientos-por-covid-19-de-los-paises-miembro-de-la-effs-septiembre-2021","status":"publish","type":"post","link":"https:\/\/alpar.com.co\/blog\/actualizaciones-de-restricciones-y-cifras-de-fallecimientos-por-covid-19-de-los-paises-miembro-de-la-effs-septiembre-2021\/","title":{"rendered":"Actualizaciones de restricciones y cifras de contagios y fallecimientos por Covid-19 de los pa\u00edses miembro de la EFFS (Septiembre 2021)"},"content":{"rendered":"<p style=\"text-align: justify;\">Desde el inicio de la pandemia provocada por la Covid-19, la\u00a0<strong>Federaci\u00f3n Europea de Servicios Funerarios (EFFS)<\/strong>\u00a0ha seguido de cerca las\u00a0cifras de fallecimientos en cada uno de sus pa\u00edses miembro, as\u00ed como las restricciones\u00a0relativas a la celebraci\u00f3n de servicios funerarios. A continuaci\u00f3n, reproducimos las<a href=\"https:\/\/www.effs.eu\/news\/coronainfos.html\" target=\"_blank\" rel=\"noopener\"> actualizaciones de restricciones y cifras de contagios y fallecimientos por Covid-19 de los pa\u00edses miembro de la EFFS, publicadas el 8 de septiembre<\/a>. Seg\u00fan la entidad, muchos pa\u00edses confirman que los casos de muerte son bajos, la hospitalizaci\u00f3n est\u00e1 bajo control, pero las tasas de infecci\u00f3n est\u00e1n aumentando r\u00e1pidamente, especialmente entre los j\u00f3venes.<\/p>\r\n<table class=\" aligncenter\" border=\"0\" width=\"650\">\r\n<tbody>\r\n<tr>\r\n<td>\r\n<h2><strong>&#x1f1eb;&#x1f1f7; Francia <\/strong><\/h2>\r\n<p style=\"text-align: justify;\">Se han eliminado las restricciones. Las mascarillas siguen siendo obligatorias y se mantiene el distanciamiento social. Hay m\u00e1s permisividad con los casos de muerte por COVID, con plazos de 4 a 6 d\u00edas hasta ser trasladados al centro funerario.<\/p>\r\n<h2><strong>&#x1f1ee;&#x1f1f9; <\/strong><strong>Italia <\/strong><\/h2>\r\n<p style=\"text-align: justify;\">La cifra de nuevas infecciones aumenta a diario.\u00a0No existen restricciones para funerales en los casos en los que la muerte no est\u00e9 relacionada con la Covid-19.\u00a0Italia se prepara para enfrentarse a su cuarta ola.<\/p>\r\n<h2><strong>&#x1f1f8;&#x1f1ea; <\/strong><strong>Suecia <\/strong><\/h2>\r\n<p style=\"text-align: justify;\">La tasa de infecci\u00f3n es alta, especialmente en Estocolmo. En los funerales se permite la asistencia de hasta 300 personas. Las medidas contra la pandemia se han prolongado hasta el 31 de enero de 2022.<\/p>\r\n<h2><strong>&#x1f1ea;&#x1f1f8; <\/strong><strong>Espa\u00f1a <\/strong><\/h2>\r\n<p style=\"text-align: justify;\">Las restricciones para la asistencia a los funerales permanecen sin cambios, permiti\u00e9ndose un total del 60% del aforo en los tanatorios. El 70% de la poblaci\u00f3n est\u00e1 vacunada con la pauta completa y las tasas de infecci\u00f3n est\u00e1n descendiendo.<\/p>\r\n<h2><strong>&#x1f1e9;&#x1f1ea; <\/strong><strong>Alemania <\/strong><\/h2>\r\n<p style=\"text-align: justify;\">Todav\u00eda existen algunas restricciones, las cuales var\u00edan entre los 16 condados que componen el pa\u00eds.\u00a0El Gobierno alem\u00e1n permite el acceso sin restricciones en todos los \u00e1mbitos de la vida p\u00fablica a las personas recuperadas, vacunadas o con prueba negativa.\u00a0El uso de mascarillas y el distanciamiento social siguen siendo recomendables.<\/p>\r\n<p style=\"text-align: justify;\">\u00a0<\/p>\r\n<\/td>\r\n<td>\r\n<h2><strong>&#x1f1f5;&#x1f1f9; <\/strong><strong>Portugal<\/strong><\/h2>\r\n<p style=\"text-align: justify;\">La situaci\u00f3n en Portugal ha mejorado sustancialmente. El 73% de la poblaci\u00f3n est\u00e1 completamente vacunada.\u00a0Se permite que ocho personas se re\u00fanan en un espacio de 100 m\u00b2 (por ejemplo, en los funerales) y el distanciamiento social sigue vigente.\u00a0Las vigilias, con ata\u00fad abierto, que son una parte importante de la tradici\u00f3n funeraria portuguesa, vuelven a permitirse, con excepci\u00f3n a las muertes relacionadas con la Covid-19.<\/p>\r\n<h2><strong>&#x1f1e6;&#x1f1f9; <\/strong><strong>Austria<\/strong><\/h2>\r\n<p style=\"text-align: justify;\">Se han levantado las restricciones y se espera que las tasas de infecci\u00f3n aumenten una vez comience el curso escolar. Se espera una cuarta ola.<\/p>\r\n<h2><strong>&#x1f1f8;&#x1f1f0; Eslovaquia<\/strong><\/h2>\r\n<p style=\"text-align: justify;\">Las restricciones son similares a otros pa\u00edses y el n\u00famero de muerte es muy bajo (se han contabilizado alrededor de 2 a lo largo de todo el verano). En los funerales se vuelve a permitir el ata\u00fad abierto.\u00a0Si llega una cuarta ola, los crematorios se enfrentar\u00e1n a problemas operativos, ya que solo hay seis en el pa\u00eds y est\u00e1n operando al 50% de su funcionalidad.<\/p>\r\n<h2><strong>&#x1f1f3;&#x1f1f4; <\/strong><strong>Noruega<\/strong><\/h2>\r\n<p style=\"text-align: justify;\">Los j\u00f3venes son los principales afectados en las tasas de infecci\u00f3n.\u00a0Noruega tiene actualmente la tasa m\u00e1s alta de los pa\u00edses escandinavos.\u00a0Se ha implementado la realizaci\u00f3n de pruebas en colegios tres veces por semana.\u25a0<\/p>\r\n<p>&nbsp;<\/p>\r\n<p>&nbsp;<\/p>\r\n<p>&nbsp;<\/p>\r\n<p>&nbsp;<\/p>\r\n<p>&nbsp;<\/p>\r\n<\/td>\r\n<\/tr>\r\n<\/tbody>\r\n<\/table>\r\n<hr \/>\r\n<p><em><strong>Fuente:<\/strong> Revista Funeraria (Septiembre 2021): <a href=\"https:\/\/revistafuneraria.com\/actualizaciones-de-restricciones-y-cifras-de-contagios-y-fallecimientos-por-covid-19-de-los-paises-miembro-de-la-effs-septiembre-2021\/\" target=\"_blank\" rel=\"noreferrer noopener\" aria-label=\"www.revistafuneraria.com (abre en una nueva pesta\u00f1a)\">www.revistafuneraria.com<\/a><\/em><\/p>\r\n","protected":false},"excerpt":{"rendered":"<p>Desde el inicio de la pandemia provocada por la Covid-19, la\u00a0Federaci\u00f3n Europea de Servicios Funerarios (EFFS)\u00a0ha seguido de cerca las\u00a0cifras de fallecimientos en cada uno de sus pa\u00edses miembro, as\u00ed como las restricciones\u00a0relativas a la celebraci\u00f3n de servicios funerarios. A continuaci\u00f3n, reproducimos las actualizaciones de restricciones y cifras de contagios y fallecimientos por Covid-19 de [&hellip;]<\/p>\n","protected":false},"author":106,"featured_media":2219,"comment_status":"open","ping_status":"open","sticky":false,"template":"","format":"standard","meta":{"_et_pb_use_builder":"off","_et_pb_old_content":"","_et_gb_content_width":"","footnotes":""},"categories":[3],"tags":[],"class_list":["post-2218","post","type-post","status-publish","format-standard","has-post-thumbnail","hentry","category-articulos"],"_links":{"self":[{"href":"https:\/\/alpar.com.co\/blog\/wp-json\/wp\/v2\/posts\/2218","targetHints":{"allow":["GET"]}}],"collection":[{"href":"https:\/\/alpar.com.co\/blog\/wp-json\/wp\/v2\/posts"}],"about":[{"href":"https:\/\/alpar.com.co\/blog\/wp-json\/wp\/v2\/types\/post"}],"author":[{"embeddable":true,"href":"https:\/\/alpar.com.co\/blog\/wp-json\/wp\/v2\/users\/106"}],"replies":[{"embeddable":true,"href":"https:\/\/alpar.com.co\/blog\/wp-json\/wp\/v2\/comments?post=2218"}],"version-history":[{"count":3,"href":"https:\/\/alpar.com.co\/blog\/wp-json\/wp\/v2\/posts\/2218\/revisions"}],"predecessor-version":[{"id":2223,"href":"https:\/\/alpar.com.co\/blog\/wp-json\/wp\/v2\/posts\/2218\/revisions\/2223"}],"wp:featuredmedia":[{"embeddable":true,"href":"https:\/\/alpar.com.co\/blog\/wp-json\/wp\/v2\/media\/2219"}],"wp:attachment":[{"href":"https:\/\/alpar.com.co\/blog\/wp-json\/wp\/v2\/media?parent=2218"}],"wp:term":[{"taxonomy":"category","embeddable":true,"href":"https:\/\/alpar.com.co\/blog\/wp-json\/wp\/v2\/categories?post=2218"},{"taxonomy":"post_tag","embeddable":true,"href":"https:\/\/alpar.com.co\/blog\/wp-json\/wp\/v2\/tags?post=2218"}],"curies":[{"name":"wp","href":"https:\/\/api.w.org\/{rel}","templated":true}]}}