{"id":2230,"date":"2021-10-08T08:50:22","date_gmt":"2021-10-08T13:50:22","guid":{"rendered":"https:\/\/alpar.com.co\/blog\/?p=2230"},"modified":"2021-10-08T11:03:30","modified_gmt":"2021-10-08T16:03:30","slug":"los-30-ceo-que-dirigen-la-region","status":"publish","type":"post","link":"https:\/\/alpar.com.co\/blog\/los-30-ceo-que-dirigen-la-region\/","title":{"rendered":"Los 30 CEO que dirigen la regi\u00f3n"},"content":{"rendered":"<p style=\"text-align: justify;\">La pandemia de covid-19 fue el parteaguas m\u00e1s definitivo de los \u00faltimos a\u00f1os sobre la forma de ver diferentes aspectos coti\u00addianos y el mundo de los negocios no fue la excepci\u00f3n. Pr\u00e1cticamente ninguna ac\u00adtividad qued\u00f3 sin ser afectada, de una u otra manera, por esta situaci\u00f3n que todav\u00eda impacta al mundo.<\/p>\n<p style=\"text-align: justify;\">Ante este panorama, los principales directores empresariales de Centroam\u00e9rica tuvieron que de\u00admostrar su verdadero liderazgo y guiar a sus res\u00adpectivos equipos a trav\u00e9s de la incertidumbre para tratar de mantener las operaciones.<\/p>\n<p style=\"text-align: justify;\">En esta edici\u00f3n de <em>Revista El Economista<\/em>, 30 de los ejecutivos m\u00e1s destacados de la regi\u00f3n comparten su experiencia y cu\u00e1l fue la visi\u00f3n que aplicaron con sus colaboradores para llevar a puerto seguro a las ins\u00adtituciones.<\/p>\n<p style=\"text-align: justify;\">As\u00ed, por ejemplo, Gabriela Aued, CEO de TEC\u00adNASA; Alvaro Cofi\u00f1o, presidente de McDonald&#8217;s Mesoam\u00e9rica; Ren\u00e9 Toru\u00f1o, presidente de Indufoam; Claudio Matus, CEO de Grupo Salinas y Ruth So\u00adl\u00f3rzano, presidenta ejecutiva de AFP Crecer, son algunos de los \u00abgu\u00edas\u00bb abordados para conocer c\u00f3mo fue que se adaptaron a una situaci\u00f3n in\u00e9dita, c\u00f3mo se transformaron sus perspectivas y las lecciones que aprendieron.<\/p>\n<blockquote>\n<p style=\"text-align: justify;\"><em>\u00abLa mayor lecci\u00f3n la recib\u00ed de nuestros co\u00adlaboradores, al ver el compromiso que demostraron para salir adelante. La movilidad ha sido un reto, adicionando el estar con mayor exposici\u00f3n al virus. Buscaron nuevas maneras de resolver obst\u00e1culos, muy comprometidos con la empresa y los clientes\u00bb,<\/em> comparte Gabriela Aued.<\/p>\n<\/blockquote>\n<p style=\"text-align: justify;\">Por su parte, Miguel Nasser, presidente de Grupo DLC, dice que la pandemia les<em> \u00aboblig\u00f3 a reinventarse y a improvisar, tomando decisiones r\u00e1pidas\u00bb<\/em> y con\u00adfirmaron que una gran parte del \u00e9xito empresarial deviene en rodearse de los mejores colaboradores.<\/p>\n<p style=\"text-align: justify;\">La Industra Funeraria participa en esta lista de empresarios con Andr\u00e9s Aguilar, presidente de la junta directiva de Se\u00f1oriales Corporaci\u00f3n de Servicios, empresa afiliada a ALPAR en Guatemala y M\u00e9xico, est\u00e1 certificado en Coaching de Vida y de Manejo del Duelo, tambi\u00e9n preside la Asociaci\u00f3n Gremial Latinoamericana de Cementerios y Servicios Funerarios.<\/p>\n<p style=\"text-align: justify;\">Forma parte de la segunda generaci\u00f3n de Se\u00f1oriales, una empresa familiar que brinda servicios funerarios de cementerio y cremaci\u00f3n. Tambi\u00e9n dirige m\u00e1s de 2,000 colaboradores, de los cuales 1,200 integran el equipo de ventas y atenci\u00f3n a familias. \u00c9l es el responsable de la estrategia de crecimiento de la corporaci\u00f3n en M\u00e9xico con sedes en Tapachula, Tuxtla Guti\u00e9rrez, M\u00e9rida, Campeche, Morelia y Canc\u00fan.<\/p>\n<p style=\"text-align: justify;\">En 2020 su estrategia se apoy\u00f3 en la implementaci\u00f3n de protocolos de bioseguridad, tanto en sedes de Guatemala como en M\u00e9xico; innovaci\u00f3n con nuevos servicios como acompa\u00f1amiento virtual en el manejo del duelo; montajes que permiten a las personas, dar el p\u00e9same sin bajarse de sus veh\u00edculos; facilitaci\u00f3n para contratar los servicios de manera virtual y, realizar todos los tr\u00e1mites precisos por medio de documentos digitales.<\/p>\n<p style=\"text-align: justify;\">La estrategia para el 2021 incluye otras innovaciones, como los cementerios del mar; un proyecto cuya finalidad es promover el crecimiento de nuevos arrecifes de coral en las playas de Yucat\u00e1n, Campeche y Canc\u00fan.<\/p>\n<blockquote><p><em>\u00abContamos con un servicio en el cual se pueden convertir los restos cremados en &#8216;perlas memoriales&#8217;, las cuales se colocan dentro de un arrecife de concreto cuya tecnolog\u00eda permite que las larvas de coral se adhieran en sus paredes generando as\u00ed vida marina. Se estima que este arrecife en cuesti\u00f3n de 4 a\u00f1os estar\u00e1 cubierto de corales y ser\u00e1 el hogar de muchas especies marinas\u00bb<\/em>, comparte Aguilar.<\/p><\/blockquote>\n<hr \/>\n<p>Tomado de: El Economista (Agosto-Septiembre 2021\/A\u00f1o 13\/#164).<\/p>\n<hr \/>\n<p>Un aporte de Se\u00f1oriales Corporaci\u00f3n de Servicio.<br \/>\nAsociado ALPAR en Guatemala y M\u00e9xico.<\/p>\n","protected":false},"excerpt":{"rendered":"<p>La pandemia de covid-19 fue el parteaguas m\u00e1s definitivo de los \u00faltimos a\u00f1os sobre la forma de ver diferentes aspectos coti\u00addianos y el mundo de los negocios no fue la excepci\u00f3n. Pr\u00e1cticamente ninguna ac\u00adtividad qued\u00f3 sin ser afectada, de una u otra manera, por esta situaci\u00f3n que todav\u00eda impacta al mundo. Ante este panorama, los [&hellip;]<\/p>\n","protected":false},"author":106,"featured_media":2232,"comment_status":"open","ping_status":"open","sticky":false,"template":"","format":"standard","meta":{"_et_pb_use_builder":"","_et_pb_old_content":"","_et_gb_content_width":"","footnotes":""},"categories":[3],"tags":[],"class_list":["post-2230","post","type-post","status-publish","format-standard","has-post-thumbnail","hentry","category-articulos"],"_links":{"self":[{"href":"https:\/\/alpar.com.co\/blog\/wp-json\/wp\/v2\/posts\/2230","targetHints":{"allow":["GET"]}}],"collection":[{"href":"https:\/\/alpar.com.co\/blog\/wp-json\/wp\/v2\/posts"}],"about":[{"href":"https:\/\/alpar.com.co\/blog\/wp-json\/wp\/v2\/types\/post"}],"author":[{"embeddable":true,"href":"https:\/\/alpar.com.co\/blog\/wp-json\/wp\/v2\/users\/106"}],"replies":[{"embeddable":true,"href":"https:\/\/alpar.com.co\/blog\/wp-json\/wp\/v2\/comments?post=2230"}],"version-history":[{"count":7,"href":"https:\/\/alpar.com.co\/blog\/wp-json\/wp\/v2\/posts\/2230\/revisions"}],"predecessor-version":[{"id":2247,"href":"https:\/\/alpar.com.co\/blog\/wp-json\/wp\/v2\/posts\/2230\/revisions\/2247"}],"wp:featuredmedia":[{"embeddable":true,"href":"https:\/\/alpar.com.co\/blog\/wp-json\/wp\/v2\/media\/2232"}],"wp:attachment":[{"href":"https:\/\/alpar.com.co\/blog\/wp-json\/wp\/v2\/media?parent=2230"}],"wp:term":[{"taxonomy":"category","embeddable":true,"href":"https:\/\/alpar.com.co\/blog\/wp-json\/wp\/v2\/categories?post=2230"},{"taxonomy":"post_tag","embeddable":true,"href":"https:\/\/alpar.com.co\/blog\/wp-json\/wp\/v2\/tags?post=2230"}],"curies":[{"name":"wp","href":"https:\/\/api.w.org\/{rel}","templated":true}]}}