{"id":2240,"date":"2021-10-15T08:31:12","date_gmt":"2021-10-15T13:31:12","guid":{"rendered":"https:\/\/alpar.com.co\/blog\/?p=2240"},"modified":"2021-10-15T11:02:29","modified_gmt":"2021-10-15T16:02:29","slug":"vangrupo-lider-en-la-industria-funeraria-de-la-region","status":"publish","type":"post","link":"https:\/\/alpar.com.co\/blog\/vangrupo-lider-en-la-industria-funeraria-de-la-region\/","title":{"rendered":"VANGRUPO, l\u00edder en la Industria Funeraria de la regi\u00f3n"},"content":{"rendered":"<p style=\"text-align: justify;\">Con m\u00e1s de 60 a\u00f1os en el mercado, Vangrupo, empresa afiliada a ALPAR en El Salvador, es la compa\u00f1\u00eda l\u00edder que brinda servicios funerarios integrales. Su visi\u00f3n es que el cliente cuente con servicios dignos y de calidad para el descanso final de sus seres queridos.<\/p>\n<p style=\"text-align: justify;\">El grupo est\u00e1 integrado por: Capillas Memoriales, Parque Memorial las Colinas, La Auxiliadora, El Hogar de las Memorias, Conf\u00eda Soluciones familiares, Asistencia Funeraria Prever y Sierra Paz. Con estas empresas sigue generando importantes cambios en el sector, motivados por la innovaci\u00f3n y el enfoque a sus clientes.<\/p>\n<blockquote>\n<p style=\"text-align: justify;\">\u201cNuestra filosof\u00eda se fundamenta en una innovaci\u00f3n constante de los servicios y en dar al cliente una experiencia que exceda sus expectativas. Asimismo, buscamos que la gente con menores posibilidades econ\u00f3micas tenga acceso a servicios dignos y de calidad para sus familias\u201d, apunta el ingeniero Carlos Roberto Belloso Alfaro, presidente de Vangrupo.<\/p>\n<\/blockquote>\n<p style=\"text-align: justify;\">En el proceso de transformaci\u00f3n y de adaptarse a la nueva demanda, la compa\u00f1\u00eda ha creado nuevos proyectos como los columbarios, llamado El Hogar de las Memorias, que fue inaugurado en 2019 y un programa de asistencias familiares.<\/p>\n<h2><strong>Hogar de resguardo de cenizas<\/strong><\/h2>\n<p style=\"text-align: justify;\">Con la pandemia del covid-19 se han incrementado las incineraciones en diferentes partes del mundo; sin embargo, en El Salvador todav\u00eda est\u00e1 en la etapa de adaptaci\u00f3n a esta nueva cultura.<\/p>\n<blockquote>\n<p style=\"text-align: justify;\">\u201cLa mayor parte de la gente tiene un tab\u00fa a la cremaci\u00f3n porque no sabe qu\u00e9 hacer con las cenizas. Por eso creamos El Hogar de las Memorias, un lugar elegante, sublime y de paz, donde se encuentran nichos llamados columbarios, construidos con finos acabados en cristal, m\u00e1rmol y \u00f3nix\u201d, explica.<\/p>\n<\/blockquote>\n<p style=\"text-align: justify;\">Esta nueva opci\u00f3n permite a las familias guardar las cenizas y preservar la memoria de su ser querido. Este es el primer complejo de resguardo de cenizas en El Salvador, ubicadoenel Complejo Funerario La Auxiliadora.<\/p>\n<p style=\"text-align: justify;\">Actualmente el proyecto cuenta con una capacidad de 2,500 columbarios y ha implicado una inversi\u00f3n de m\u00e1s de $350 mil, pero Vangrupo espera continuar ampliando y modernizando las instalaciones, con una inversi\u00f3n que podr\u00eda superar el mill\u00f3n de d\u00f3lares.<\/p>\n<p style=\"text-align: justify;\">De acuerdo con Belloso, no existe una cultura de previsi\u00f3n en la regi\u00f3n centroamericana, por eso la empresa espera que las familias conf\u00eden en que Vangrupo les apoye y les brinde planes y soluciones para todos esos eventos inesperados de la vida donde no se tiene control.<\/p>\n<blockquote>\n<p style=\"text-align: justify;\">\u201cActualmente tenemos presencia en El Salvador, Honduras y Nicaragua pero queremos seguir creciendo con socios estrat\u00e9gicos en la regi\u00f3n latinoamericana, Creemos que tenemos un modelo de negocio que tiene escalabilidad y sobre eso trabajaremos durante los pr\u00f3ximos a\u00f1os\u201d, afirma Belloso.<\/p>\n<\/blockquote>\n<hr \/>\n<p>Tomado de: El Economista (Septiembre-Octubre 2021\/A\u00f1o 13\/#165).<\/p>\n<hr \/>\n<p>Un aporte de Parques y Jardines de Cuscatl\u00e1n S.A. de C.V.<br \/>\nAsociado ALPAR en El Salvador.<\/p>\n","protected":false},"excerpt":{"rendered":"<p>Con m\u00e1s de 60 a\u00f1os en el mercado, Vangrupo, empresa afiliada a ALPAR en El Salvador, es la compa\u00f1\u00eda l\u00edder que brinda servicios funerarios integrales. Su visi\u00f3n es que el cliente cuente con servicios dignos y de calidad para el descanso final de sus seres queridos. El grupo est\u00e1 integrado por: Capillas Memoriales, Parque Memorial [&hellip;]<\/p>\n","protected":false},"author":106,"featured_media":2241,"comment_status":"open","ping_status":"open","sticky":false,"template":"","format":"standard","meta":{"_et_pb_use_builder":"","_et_pb_old_content":"","_et_gb_content_width":"","footnotes":""},"categories":[3],"tags":[],"class_list":["post-2240","post","type-post","status-publish","format-standard","has-post-thumbnail","hentry","category-articulos"],"_links":{"self":[{"href":"https:\/\/alpar.com.co\/blog\/wp-json\/wp\/v2\/posts\/2240","targetHints":{"allow":["GET"]}}],"collection":[{"href":"https:\/\/alpar.com.co\/blog\/wp-json\/wp\/v2\/posts"}],"about":[{"href":"https:\/\/alpar.com.co\/blog\/wp-json\/wp\/v2\/types\/post"}],"author":[{"embeddable":true,"href":"https:\/\/alpar.com.co\/blog\/wp-json\/wp\/v2\/users\/106"}],"replies":[{"embeddable":true,"href":"https:\/\/alpar.com.co\/blog\/wp-json\/wp\/v2\/comments?post=2240"}],"version-history":[{"count":3,"href":"https:\/\/alpar.com.co\/blog\/wp-json\/wp\/v2\/posts\/2240\/revisions"}],"predecessor-version":[{"id":2244,"href":"https:\/\/alpar.com.co\/blog\/wp-json\/wp\/v2\/posts\/2240\/revisions\/2244"}],"wp:featuredmedia":[{"embeddable":true,"href":"https:\/\/alpar.com.co\/blog\/wp-json\/wp\/v2\/media\/2241"}],"wp:attachment":[{"href":"https:\/\/alpar.com.co\/blog\/wp-json\/wp\/v2\/media?parent=2240"}],"wp:term":[{"taxonomy":"category","embeddable":true,"href":"https:\/\/alpar.com.co\/blog\/wp-json\/wp\/v2\/categories?post=2240"},{"taxonomy":"post_tag","embeddable":true,"href":"https:\/\/alpar.com.co\/blog\/wp-json\/wp\/v2\/tags?post=2240"}],"curies":[{"name":"wp","href":"https:\/\/api.w.org\/{rel}","templated":true}]}}