{"id":2246,"date":"2021-10-22T08:18:12","date_gmt":"2021-10-22T13:18:12","guid":{"rendered":"https:\/\/alpar.com.co\/blog\/?p=2246"},"modified":"2021-10-22T10:56:14","modified_gmt":"2021-10-22T15:56:14","slug":"altima-presenta-el-ciclo-de-conversaciones-inspira-la-vida","status":"publish","type":"post","link":"https:\/\/alpar.com.co\/blog\/altima-presenta-el-ciclo-de-conversaciones-inspira-la-vida\/","title":{"rendered":"\u00c1ltima presenta el ciclo de conversaciones \u2018Inspira la vida\u2019"},"content":{"rendered":"<p style=\"text-align: justify;\">\u00c1ltima, empresa afiliada a ALPAR en Espa\u00f1a, inici\u00f3 el martes, 5 de octubre, la emisi\u00f3n del ciclo \u2018<em>Inspira la<\/em>\u00a0<em>vida\u2019<\/em>, una serie de conversaciones con personalidades relevantes de \u00e1mbitos como el deporte, la psicolog\u00eda, la pedagog\u00eda y el medio ambiente, para aprender a vivir con m\u00e1s conciencia y plenitud. En total ser\u00e1n cuatro entrevistas que\u00a0se emitir\u00e1n durante este oto\u00f1o en las redes sociales de \u00c1ltima, en Facebook, Twitter y LinkedIn.<\/p>\r\n<p style=\"text-align: justify;\">Grabadas en el entorno del\u00a0<strong>Cementerio Comarcal Roques Blanques<\/strong>, dentro del Parque Natural de la Sierra de Collserola, las conversaciones \u2018<em>Inspira la vida\u2019<\/em>\u00a0de \u00c1ltima \u201c<em>tienen el objetivo de\u00a0compartir y acercar a todos<\/em>\u00a0<em>experiencias de vida, conocimientos, recomendaciones y herramientas de ayuda emocional\u00a0para aprender a apreciar la vida, superar las adversidades y alcanzar los retos<\/em>\u201c, expone Josep Ventura, director general de Servicios Funerarios de \u00c1ltima. \u201c<em>Queremos\u00a0contribuir a combatir los prejuicios y los tab\u00faes<\/em>\u00a0<em>existentes en torno a la muerte, no solo a trav\u00e9s de lo que cuentan los profesionales que protagonizan estas conversaciones, sino tambi\u00e9n\u00a0acerc\u00e1ndonos a espacios como los cementerios desde un nuevo \u00e1ngulo, m\u00e1s cercano, sereno y amable<\/em>\u201c.<\/p>\r\n<h5><strong>El piloto de \u2018rallys\u2019 Albert Llovera, primera conversaci\u00f3n \u2018Inspira la vida\u2019<\/strong><\/h5>\r\n<p style=\"text-align: justify;\"><em>La vida se tiene que agradecer\u00a0<\/em>es el t\u00edtulo de la entrevista que abri\u00f3 el ciclo de conversaciones<em>\u00a0\u2018Inspira la vida\u2019\u00a0<\/em>de \u00c1ltima.\u00a0Est\u00e1\u00a0protagonizada por\u00a0Albert Llovera, el primer piloto de\u00a0<em>rallys<\/em>\u00a0en competir con una discapacidad. Llovera tiene una tetraplejia desde el a\u00f1o 1985, cuando sufri\u00f3 un grave accidente durante un campeonato de esqu\u00ed en Sarajevo, con 17 a\u00f1os. Desde entonces, ha competido en baloncesto y motor. Tambi\u00e9n ha sido padre, ha escrito un libro, ha protagonizado un documental y es propietario de una empresa de ortopedia en Andorra.<\/p>\r\n<p>V\u00eddeo completo \u2018<em>Inspira la vida\u2019<\/em>\u00a0(cap.1):\u00a0<strong><a href=\"https:\/\/youtu.be\/Ccx4CENpRi0\" target=\"_blank\" rel=\"noopener\"><em>La vida se tiene que agradecer<\/em><\/a><\/strong>, con Albert Llovera.<\/p>\r\n<p>&nbsp;<\/p>\r\n<hr \/>\r\n<p><em><strong>Fuente:<\/strong> Revista Funeraria (Octubre 2021): <a href=\"https:\/\/revistafuneraria.com\/altima-presenta-el-ciclo-de-conversaciones-inspira-la-vida\/\" target=\"_blank\" rel=\"noreferrer noopener\" aria-label=\"www.revistafuneraria.com (abre en una nueva pesta\u00f1a)\">www.revistafuneraria.com<\/a><\/em><\/p>","protected":false},"excerpt":{"rendered":"<p>\u00c1ltima, empresa afiliada a ALPAR en Espa\u00f1a, inici\u00f3 el martes, 5 de octubre, la emisi\u00f3n del ciclo \u2018Inspira la\u00a0vida\u2019, una serie de conversaciones con personalidades relevantes de \u00e1mbitos como el deporte, la psicolog\u00eda, la pedagog\u00eda y el medio ambiente, para aprender a vivir con m\u00e1s conciencia y plenitud. En total ser\u00e1n cuatro entrevistas que\u00a0se emitir\u00e1n [&hellip;]<\/p>\n","protected":false},"author":106,"featured_media":2248,"comment_status":"open","ping_status":"open","sticky":false,"template":"","format":"standard","meta":{"_et_pb_use_builder":"","_et_pb_old_content":"","_et_gb_content_width":"","footnotes":""},"categories":[3,4],"tags":[],"class_list":["post-2246","post","type-post","status-publish","format-standard","has-post-thumbnail","hentry","category-articulos","category-videos"],"_links":{"self":[{"href":"https:\/\/alpar.com.co\/blog\/wp-json\/wp\/v2\/posts\/2246","targetHints":{"allow":["GET"]}}],"collection":[{"href":"https:\/\/alpar.com.co\/blog\/wp-json\/wp\/v2\/posts"}],"about":[{"href":"https:\/\/alpar.com.co\/blog\/wp-json\/wp\/v2\/types\/post"}],"author":[{"embeddable":true,"href":"https:\/\/alpar.com.co\/blog\/wp-json\/wp\/v2\/users\/106"}],"replies":[{"embeddable":true,"href":"https:\/\/alpar.com.co\/blog\/wp-json\/wp\/v2\/comments?post=2246"}],"version-history":[{"count":2,"href":"https:\/\/alpar.com.co\/blog\/wp-json\/wp\/v2\/posts\/2246\/revisions"}],"predecessor-version":[{"id":2250,"href":"https:\/\/alpar.com.co\/blog\/wp-json\/wp\/v2\/posts\/2246\/revisions\/2250"}],"wp:featuredmedia":[{"embeddable":true,"href":"https:\/\/alpar.com.co\/blog\/wp-json\/wp\/v2\/media\/2248"}],"wp:attachment":[{"href":"https:\/\/alpar.com.co\/blog\/wp-json\/wp\/v2\/media?parent=2246"}],"wp:term":[{"taxonomy":"category","embeddable":true,"href":"https:\/\/alpar.com.co\/blog\/wp-json\/wp\/v2\/categories?post=2246"},{"taxonomy":"post_tag","embeddable":true,"href":"https:\/\/alpar.com.co\/blog\/wp-json\/wp\/v2\/tags?post=2246"}],"curies":[{"name":"wp","href":"https:\/\/api.w.org\/{rel}","templated":true}]}}