{"id":2264,"date":"2021-11-12T07:56:42","date_gmt":"2021-11-12T12:56:42","guid":{"rendered":"https:\/\/alpar.com.co\/blog\/?p=2264"},"modified":"2021-11-12T11:23:33","modified_gmt":"2021-11-12T16:23:33","slug":"parque-del-recuerdo-publica-su-cuarta-memoria-de-sostenibilidad","status":"publish","type":"post","link":"https:\/\/alpar.com.co\/blog\/parque-del-recuerdo-publica-su-cuarta-memoria-de-sostenibilidad\/","title":{"rendered":"Parque del Recuerdo publica su cuarta memoria de sostenibilidad"},"content":{"rendered":"\r\n\r\n\r\n\r\n\r\n<div style=\"width: 1080px;\" class=\"wp-video\"><video class=\"wp-video-shortcode\" id=\"video-2264-1\" width=\"1080\" height=\"608\" poster=\"https:\/\/alpar.com.co\/blog\/wp-content\/uploads\/memoria-sostenibilidad-2020.png\" preload=\"metadata\" controls=\"controls\"><source type=\"video\/mp4\" src=\"https:\/\/alpar.com.co\/blog\/wp-content\/uploads\/Resumen-Ejecutivo-Memoria-de-Sostenibilidad-2020.mp4?_=1\" \/><a href=\"https:\/\/alpar.com.co\/blog\/wp-content\/uploads\/Resumen-Ejecutivo-Memoria-de-Sostenibilidad-2020.mp4\">https:\/\/alpar.com.co\/blog\/wp-content\/uploads\/Resumen-Ejecutivo-Memoria-de-Sostenibilidad-2020.mp4<\/a><\/video><\/div>\r\n<p style=\"text-align: justify;\">Parque del Recuerdo, empresa afiliada a ALPAR en Chile, presenta su cuarta memoria de sostenibilidad, documento mediante el cual da a conocer la gesti\u00f3n sostenible durante 2020.<\/p>\r\n<p style=\"text-align: justify;\">La empresa elabora este reporte con base en est\u00e1ndares GRI, informando a sus grupos de inter\u00e9s los principales hitos de cada uno de sus pilares estrat\u00e9gicos: <em>Gobernanza, Nuestras Personas, Nuestro Entorno <\/em>y<em> Experiencia de Clientes.<\/em><\/p>\r\n<p style=\"text-align: justify;\">En <em>Gobernanza<\/em> se destaca como hito importante el segundo lugar en el premio <em>Empresa Sostenible<\/em> de la C\u00e1mara Chilena de la Construcci\u00f3n, en categor\u00eda Constructora. Adem\u00e1s, obtuvieron la aprobaci\u00f3n de la<em> Declaraci\u00f3n de Impacto Ambiental<\/em> del proyecto de ampliaci\u00f3n de Parque del Recuerdo Cordillera (Puente Alto). En t\u00e9rminos de gesti\u00f3n \u00e9tica, el 100% del directorio y administraci\u00f3n recibi\u00f3 capacitaciones en \u00e9tica y anticorrupci\u00f3n.<\/p>\r\n<p style=\"text-align: justify;\">Parque del Recuerdo, como empresa B certificada, busca generar espacios de confianza junto a sus colaboradores. Por lo que, en el pilar de <em>Nuestras Personas<\/em>, destaca con orgullo la obtenci\u00f3n del<em> 8vo lugar en la Categor\u00eda de Grandes Compa\u00f1\u00edas<\/em> otorgada por el <em>Great Place To Work<\/em> y el <em>Reconocimiento H\u00e9roes del COVID.<\/em> Entreg\u00f3 9.437 kits sanitarios a los colaboradores en terreno. En 2020, debido a la pandemia, las capacitaciones que se mantuvieron fueron aquellas cr\u00edticas para la operaci\u00f3n, como son las inducciones orientadas a integrar culturalmente a los nuevos colaboradores; temas como prevenci\u00f3n de riesgos, ofim\u00e1tica y cultura organizacional; y el programa de contingencia en el \u00e1rea comercial para los asesores comerciales, por lo que realizaron un total de 40.312 horas de capacitaci\u00f3n.<\/p>\r\n<p style=\"text-align: justify;\">Sus parques son un pulm\u00f3n verde para la Regi\u00f3n Metropolitana. En el Pilar <em>Nuestro Entorno<\/em>, avanzaron en reducir las emisiones en todos los alcances. Redujeron en un 65% el uso de combustible di\u00e9sel, gas licuado de petr\u00f3leo y el consumo de fertilizantes y agroqu\u00edmicos (alcance 1), tambi\u00e9n se disminuy\u00f3 en un 13% las emisiones referentes al consumo el\u00e9ctrico (alcance 2) y en un 10% las emisiones por los residuos generados y las emisiones por transporte de colaboradores (alcance 3). En 2021 contin\u00faan trabajando para incorporar mejoras tecnol\u00f3gicas que les permitan seguir reduciendo la huella de carbono. Por otro lado, en 2020, el programa <em>Contigo en el Recuerdo<\/em> prioriz\u00f3 la atenci\u00f3n a personas que viven un duelo vinculado al Covid-19, adapt\u00e1ndose a una modalidad de atenci\u00f3n remota liderada por la psic\u00f3loga junto a 12 psic\u00f3logos, realizando 826 sesiones.<\/p>\r\n<p style=\"text-align: justify;\">Finalmente, en el pilar de <em>Experiencia de clientes<\/em>, destacan que tuvieron m\u00e1s de 4 millones de visitas en el sitio web. Adem\u00e1s, tuvieron un 29% de crecimiento del \u00edndice de satisfacci\u00f3n general y un 88% de reconocimiento por parte de los clientes, en comparaci\u00f3n con la medici\u00f3n anterior. Debido a la emergencia sanitaria tuvieron que fortalecer y reorientar algunas celebraciones para ofrecer una nueva forma de vivir la experiencia, en la medida de las posibilidades, creando libros de condolencias virtuales y transmitiendo por streaming las ceremonias de sepultaci\u00f3n y los eventos como el d\u00eda de la madre, el d\u00eda del padre, Mundo Unido por la Vida y el 1\u00b0 de noviembre.<\/p>\r\n<p style=\"text-align: justify;\">Estos son s\u00f3lo algunos de los hitos de la Memoria de Sostenibilidad 2020. Para conocer estos y otros impactos positivos para el planeta, Parque del Recuerdo invita a ingresar <a href=\"https:\/\/online.flippingbook.com\/view\/100716808\/\">aqu\u00ed<\/a>.<\/p>\r\n\r\n\r\n<hr \/>\r\n<p>Un aporte de Parque del Recuerdo. Asociado ALPAR en Chile.<\/p>","protected":false},"excerpt":{"rendered":"<p>Parque del Recuerdo, empresa afiliada a ALPAR en Chile, presenta su cuarta memoria de sostenibilidad, documento mediante el cual da a conocer la gesti\u00f3n sostenible durante 2020. La empresa elabora este reporte con base en est\u00e1ndares GRI, informando a sus grupos de inter\u00e9s los principales hitos de cada uno de sus pilares estrat\u00e9gicos: Gobernanza, Nuestras [&hellip;]<\/p>\n","protected":false},"author":106,"featured_media":2266,"comment_status":"open","ping_status":"open","sticky":false,"template":"","format":"video","meta":{"_et_pb_use_builder":"off","_et_pb_old_content":"","_et_gb_content_width":"","footnotes":""},"categories":[4],"tags":[],"class_list":["post-2264","post","type-post","status-publish","format-video","has-post-thumbnail","hentry","category-videos","post_format-post-format-video"],"_links":{"self":[{"href":"https:\/\/alpar.com.co\/blog\/wp-json\/wp\/v2\/posts\/2264","targetHints":{"allow":["GET"]}}],"collection":[{"href":"https:\/\/alpar.com.co\/blog\/wp-json\/wp\/v2\/posts"}],"about":[{"href":"https:\/\/alpar.com.co\/blog\/wp-json\/wp\/v2\/types\/post"}],"author":[{"embeddable":true,"href":"https:\/\/alpar.com.co\/blog\/wp-json\/wp\/v2\/users\/106"}],"replies":[{"embeddable":true,"href":"https:\/\/alpar.com.co\/blog\/wp-json\/wp\/v2\/comments?post=2264"}],"version-history":[{"count":5,"href":"https:\/\/alpar.com.co\/blog\/wp-json\/wp\/v2\/posts\/2264\/revisions"}],"predecessor-version":[{"id":2269,"href":"https:\/\/alpar.com.co\/blog\/wp-json\/wp\/v2\/posts\/2264\/revisions\/2269"}],"wp:featuredmedia":[{"embeddable":true,"href":"https:\/\/alpar.com.co\/blog\/wp-json\/wp\/v2\/media\/2266"}],"wp:attachment":[{"href":"https:\/\/alpar.com.co\/blog\/wp-json\/wp\/v2\/media?parent=2264"}],"wp:term":[{"taxonomy":"category","embeddable":true,"href":"https:\/\/alpar.com.co\/blog\/wp-json\/wp\/v2\/categories?post=2264"},{"taxonomy":"post_tag","embeddable":true,"href":"https:\/\/alpar.com.co\/blog\/wp-json\/wp\/v2\/tags?post=2264"}],"curies":[{"name":"wp","href":"https:\/\/api.w.org\/{rel}","templated":true}]}}