{"id":2276,"date":"2021-11-26T08:57:34","date_gmt":"2021-11-26T13:57:34","guid":{"rendered":"https:\/\/alpar.com.co\/blog\/?p=2276"},"modified":"2021-11-26T11:25:50","modified_gmt":"2021-11-26T16:25:50","slug":"existen-alternativas-a-la-inhumacion-e-incineracion","status":"publish","type":"post","link":"https:\/\/alpar.com.co\/blog\/existen-alternativas-a-la-inhumacion-e-incineracion\/","title":{"rendered":"\u00bfExisten alternativas a la inhumaci\u00f3n e incineraci\u00f3n?"},"content":{"rendered":"<p style=\"text-align: justify;\">Reviva una de las mesas redondas m\u00e1s interesantes y concurridas de FUNERMOSTRA, Feria internacional de Productos y Servicios Funerarios, realizada del 20 al 22 de octubre, en Valencia, Espa\u00f1a, dedicada a las alternativas a la inhumaci\u00f3n y a la cremaci\u00f3n: la hidr\u00f3lisis alcalina y la criomaci\u00f3n, donde se debati\u00f3 sobre la implantaci\u00f3n, ventajas para la sostenibilidad para las familias y el sector, as\u00ed como inversi\u00f3n, regulaci\u00f3n y normatividad.<\/p>\n<p style=\"text-align: justify;\">Presentado y moderado por el se\u00f1or Juan Jos\u00e9 L\u00f3pez Vivas, Vicepresidente de PANASEF, y con la participaci\u00f3n de:<\/p>\n<ul>\n<li>Igor Bragado, fundador y Director de Common Accounts.<\/li>\n<li>Olga Bolart, Aeternia, P. Organic A.B. en Espa\u00f1a.<\/li>\n<li>Jes\u00fas Mart\u00ednez, Director Gerente de ATROESA.<\/li>\n<li>Rafael Mendoza Reyes, Director de Operaciones de Servicios Funerarios de Madrid (SFM).<\/li>\n<\/ul>\n<p><iframe loading=\"lazy\" title=\"vimeo-player\" src=\"https:\/\/player.vimeo.com\/video\/640277477?h=2e551c2ceb\" width=\"640\" height=\"360\" frameborder=\"0\" allowfullscreen=\"allowfullscreen\"><\/iframe><\/p>\n<hr \/>\n<p dir=\"ltr\"><strong><em>Recuperado de:<\/em><\/strong><br \/>\nFunermostra <em>Vivo Live: <\/em><a href=\"https:\/\/player.vimeo.com\/video\/640277477?h=2e551c2ceb\" target=\"_blank\" rel=\"noreferrer noopener\" aria-label=\"funermostra.vivorecuerdo.es (abre en una nueva pesta\u00f1a)\"><em>funermostra.vivorecuerdo.es<\/em><\/a><\/p>\n","protected":false},"excerpt":{"rendered":"<p>Reviva una de las mesas redondas m\u00e1s interesantes y concurridas de FUNERMOSTRA, Feria internacional de Productos y Servicios Funerarios, realizada del 20 al 22 de octubre, en Valencia, Espa\u00f1a, dedicada a las alternativas a la inhumaci\u00f3n y a la cremaci\u00f3n: la hidr\u00f3lisis alcalina y la criomaci\u00f3n, donde se debati\u00f3 sobre la implantaci\u00f3n, ventajas para la [&hellip;]<\/p>\n","protected":false},"author":106,"featured_media":2277,"comment_status":"open","ping_status":"open","sticky":false,"template":"","format":"video","meta":{"_et_pb_use_builder":"","_et_pb_old_content":"","_et_gb_content_width":"","footnotes":""},"categories":[4],"tags":[],"class_list":["post-2276","post","type-post","status-publish","format-video","has-post-thumbnail","hentry","category-videos","post_format-post-format-video"],"_links":{"self":[{"href":"https:\/\/alpar.com.co\/blog\/wp-json\/wp\/v2\/posts\/2276","targetHints":{"allow":["GET"]}}],"collection":[{"href":"https:\/\/alpar.com.co\/blog\/wp-json\/wp\/v2\/posts"}],"about":[{"href":"https:\/\/alpar.com.co\/blog\/wp-json\/wp\/v2\/types\/post"}],"author":[{"embeddable":true,"href":"https:\/\/alpar.com.co\/blog\/wp-json\/wp\/v2\/users\/106"}],"replies":[{"embeddable":true,"href":"https:\/\/alpar.com.co\/blog\/wp-json\/wp\/v2\/comments?post=2276"}],"version-history":[{"count":4,"href":"https:\/\/alpar.com.co\/blog\/wp-json\/wp\/v2\/posts\/2276\/revisions"}],"predecessor-version":[{"id":2281,"href":"https:\/\/alpar.com.co\/blog\/wp-json\/wp\/v2\/posts\/2276\/revisions\/2281"}],"wp:featuredmedia":[{"embeddable":true,"href":"https:\/\/alpar.com.co\/blog\/wp-json\/wp\/v2\/media\/2277"}],"wp:attachment":[{"href":"https:\/\/alpar.com.co\/blog\/wp-json\/wp\/v2\/media?parent=2276"}],"wp:term":[{"taxonomy":"category","embeddable":true,"href":"https:\/\/alpar.com.co\/blog\/wp-json\/wp\/v2\/categories?post=2276"},{"taxonomy":"post_tag","embeddable":true,"href":"https:\/\/alpar.com.co\/blog\/wp-json\/wp\/v2\/tags?post=2276"}],"curies":[{"name":"wp","href":"https:\/\/api.w.org\/{rel}","templated":true}]}}