{"id":2286,"date":"2021-12-09T16:55:59","date_gmt":"2021-12-09T21:55:59","guid":{"rendered":"https:\/\/alpar.com.co\/blog\/?p=2286"},"modified":"2021-12-10T11:07:17","modified_gmt":"2021-12-10T16:07:17","slug":"los-mayores-desafios-de-america-latina-para-2022","status":"publish","type":"post","link":"https:\/\/alpar.com.co\/blog\/los-mayores-desafios-de-america-latina-para-2022\/","title":{"rendered":"Los mayores desaf\u00edos de Am\u00e9rica Latina para 2022"},"content":{"rendered":"<p style=\"text-align: justify;\">Nada es m\u00e1s crucial para Am\u00e9rica Latina que la generaci\u00f3n de empleo y la recuperaci\u00f3n econ\u00f3mica. Esto refleja una encuesta realizada por la consultora\u00a0IPSOS\u00a0en julio de 2021 en la que participaron 380 l\u00edderes de opini\u00f3n y periodistas destacados de la regi\u00f3n.<\/p>\n<p style=\"text-align: justify;\">Al menos ocho de cada diez entrevistados consideran que crear puestos de trabajo y superar la crisis econ\u00f3mica son los mayores desaf\u00edos que enfrentan los pa\u00edses latinoamericanos y caribe\u00f1os en lo que resta de este a\u00f1o y durante todo 2022.<\/p>\n<p style=\"text-align: justify;\">La lucha contra la pandemia de COVID-19 y el\u00a0avance de la campa\u00f1a de vacunaci\u00f3n\u00a0contra esta enfermedad ocupan el tercer y cuarto lugar por cantidad de respuestas. La reducci\u00f3n de la pobreza y de la desigualdad siguen en orden de prioridad, con un nivel de acuerdo del 55% y el 51%, respectivamente.<\/p>\n<p style=\"text-align: justify;\">La lucha contra la corrupci\u00f3n, que en ediciones anteriores del estudio sol\u00eda ocupar un puesto m\u00e1s alto, este a\u00f1o fue opacada por la crisis econ\u00f3mica derivada de la pandemia y se sit\u00faa en s\u00e9ptimo lugar, con un 47%.<\/p>\n<p style=\"text-align: justify;\">La inseguridad, el crimen y el narcotr\u00e1fico, as\u00ed como el acceso a la educaci\u00f3n completan esta lista de los principales desaf\u00edos de Latinoam\u00e9rica para 2022.<\/p>\n<p><img loading=\"lazy\" decoding=\"async\" class=\"aligncenter\" src=\"https:\/\/cdn.statcdn.com\/Infographic\/images\/normal\/25903.jpeg\" alt=\"Infograf\u00eda: Los mayores desaf\u00edos de Am\u00e9rica Latina para 2022 | Statista\" width=\"1100\" height=\"1287\" \/><\/p>\n<hr \/>\n<p dir=\"ltr\"><strong><em>Tomado de:<\/em><\/strong><br \/>\n<em>Statista. Los mayores desaf\u00edos de Am\u00e9rica Latina para 2022. Recuperado de: <\/em><a href=\"https:\/\/es.statista.com\/grafico\/25903\/los-mayores-desafios-de-latinoamerica\/\" target=\"_blank\" rel=\"noreferrer noopener\" aria-label=\"es.statista.com (abre en una nueva pesta\u00f1a)\"><em>es.statista.com<\/em><\/a><\/p>\n","protected":false},"excerpt":{"rendered":"<p>Nada es m\u00e1s crucial para Am\u00e9rica Latina que la generaci\u00f3n de empleo y la recuperaci\u00f3n econ\u00f3mica. Esto refleja una encuesta realizada por la consultora\u00a0IPSOS\u00a0en julio de 2021 en la que participaron 380 l\u00edderes de opini\u00f3n y periodistas destacados de la regi\u00f3n. Al menos ocho de cada diez entrevistados consideran que crear puestos de trabajo y [&hellip;]<\/p>\n","protected":false},"author":106,"featured_media":2287,"comment_status":"open","ping_status":"open","sticky":false,"template":"","format":"standard","meta":{"_et_pb_use_builder":"","_et_pb_old_content":"","_et_gb_content_width":"","footnotes":""},"categories":[3],"tags":[],"class_list":["post-2286","post","type-post","status-publish","format-standard","has-post-thumbnail","hentry","category-articulos"],"_links":{"self":[{"href":"https:\/\/alpar.com.co\/blog\/wp-json\/wp\/v2\/posts\/2286","targetHints":{"allow":["GET"]}}],"collection":[{"href":"https:\/\/alpar.com.co\/blog\/wp-json\/wp\/v2\/posts"}],"about":[{"href":"https:\/\/alpar.com.co\/blog\/wp-json\/wp\/v2\/types\/post"}],"author":[{"embeddable":true,"href":"https:\/\/alpar.com.co\/blog\/wp-json\/wp\/v2\/users\/106"}],"replies":[{"embeddable":true,"href":"https:\/\/alpar.com.co\/blog\/wp-json\/wp\/v2\/comments?post=2286"}],"version-history":[{"count":3,"href":"https:\/\/alpar.com.co\/blog\/wp-json\/wp\/v2\/posts\/2286\/revisions"}],"predecessor-version":[{"id":2299,"href":"https:\/\/alpar.com.co\/blog\/wp-json\/wp\/v2\/posts\/2286\/revisions\/2299"}],"wp:featuredmedia":[{"embeddable":true,"href":"https:\/\/alpar.com.co\/blog\/wp-json\/wp\/v2\/media\/2287"}],"wp:attachment":[{"href":"https:\/\/alpar.com.co\/blog\/wp-json\/wp\/v2\/media?parent=2286"}],"wp:term":[{"taxonomy":"category","embeddable":true,"href":"https:\/\/alpar.com.co\/blog\/wp-json\/wp\/v2\/categories?post=2286"},{"taxonomy":"post_tag","embeddable":true,"href":"https:\/\/alpar.com.co\/blog\/wp-json\/wp\/v2\/tags?post=2286"}],"curies":[{"name":"wp","href":"https:\/\/api.w.org\/{rel}","templated":true}]}}