{"id":2301,"date":"2022-01-21T08:35:25","date_gmt":"2022-01-21T13:35:25","guid":{"rendered":"https:\/\/alpar.com.co\/blog\/?p=2301"},"modified":"2022-01-21T11:26:44","modified_gmt":"2022-01-21T16:26:44","slug":"cementerios-adaptados-a-los-nuevos-tiempos","status":"publish","type":"post","link":"https:\/\/alpar.com.co\/blog\/cementerios-adaptados-a-los-nuevos-tiempos\/","title":{"rendered":"Cementerios adaptados a los nuevos tiempos"},"content":{"rendered":"<p style=\"text-align: justify;\">Nuestra sociedad evoluciona constantemente y los cementerios son recintos que tambi\u00e9n deben adaptarse a las nuevas tendencias y demandas que estos cambios conllevan. Consciente de ello, GIC de Nomber, empresa afiliada a ALPAR en Espa\u00f1a, especializada en la gesti\u00f3n y mantenimiento de cementerios y perteneciente al Grupo \u00c1ltima, ha desarrollado este a\u00f1o diversas iniciativas para dar respuesta a estas necesidades.<\/p>\n<h2><strong><br \/>\nDUELO PERINATAL<\/strong><\/h2>\n<p>&nbsp;<\/p>\n<p style=\"text-align: justify;\">Por un lado, la compa\u00f1\u00eda ha dise\u00f1ado nuevos espacios dedicados al duelo gestacional, perinatal y neonatal para contribuir, desde los cementerios, a la normalizaci\u00f3n de esta p\u00e9rdida, presente en nuestra sociedad pero a\u00fan poco reconocida. En este sentido, coincidiendo con el mes de concienciaci\u00f3n y sensibilizaci\u00f3n de este tipo de duelo, durante el pasado octubre y el 1 de noviembre, GIC de Nomber puso en marcha tres nuevos memoriales en los cementerios barceloneses de Roques\u00a0 Blanques (El Papiol), Sant Pere de Ribes y Sant Just Desvern.<\/p>\n<p><img loading=\"lazy\" decoding=\"async\" class=\"aligncenter wp-image-2306 size-medium\" src=\"https:\/\/alpar.com.co\/blog\/wp-content\/uploads\/03-Espacio-dedicado-a-la-perdida-gestacional-226x300.png\" alt=\"\" width=\"226\" height=\"300\" \/><\/p>\n<p style=\"text-align: justify;\">Unos espacios singulares y \u00fanicos que se suman a los que la empresa proyect\u00f3 con\u00a0 anterioridad\u00a0 en \u00a0los\u00a0 cementerios\u00a0 de\u00a0 Sant\u00a0 Cugat\u00a0 del\u00a0 Vall\u00e8s\u00a0 (2019),\u00a0 Castellar del Vall\u00e8s (2020) y Ripoll (2020).<\/p>\n<p><strong>Jard\u00edn de las mariposas<\/strong>.<\/p>\n<p style=\"text-align: justify;\"><img loading=\"lazy\" decoding=\"async\" class=\"alignright wp-image-2305 size-medium\" src=\"https:\/\/alpar.com.co\/blog\/wp-content\/uploads\/02-Jardin-de-las-mariposas-300x248.png\" alt=\"\" width=\"300\" height=\"248\" \/>As\u00ed se denomina el memorial que GIC de Nomber ha habilitado en el Cementerio Comarcal Roques Blanques, en el municipio del Papiol (Barcelona). Se trata de un espacio para el recuerdo ubicado en un claro de bosque, integrado en plena naturaleza, rasgo que caracteriza todo este recinto que se encuentra dentro del Parque Natural de la Sierra de Collserola.<\/p>\n<p style=\"text-align: justify;\">Dise\u00f1ado por los arquitectos Batlle i Roig, los mismos que proyectaron el cementerio hace m\u00e1s de 35 a\u00f1os, el Jard\u00edn de las mariposas conforma una zona de calma, recogida e \u00edntima, que facilita la elaboraci\u00f3n del duelo. Rodeado por un peque\u00f1o muro de piedra, el jard\u00edn permite que las familias puedan sentarse y recordar a los hijos perdidos, representados por unas mariposas de cer\u00e1mica azules, fabricadas artesanalmente, como met\u00e1fora del ciclo de la vida, la pureza y la esperanza.<\/p>\n<p style=\"text-align: justify;\">Debajo \u00a0de\u00a0 cada\u00a0 mariposa,\u00a0 tambi\u00e9n\u00a0 es\u00a0 posible\u00a0 enterrar\u00a0 las\u00a0 cenizas\u00a0 en una urna biodegradable infantil. Una placa de m\u00e1rmol ubicada en este lugar permite la inscripci\u00f3n del nombre y el a\u00f1o, a modo de memorial colectivo.<\/p>\n<p><strong>Abra\u00e7ada (\u2018Abrazo\u2019)<\/strong><\/p>\n<p style=\"text-align: justify;\"><img loading=\"lazy\" decoding=\"async\" class=\"alignleft wp-image-2304 size-medium\" src=\"https:\/\/alpar.com.co\/blog\/wp-content\/uploads\/01-Abracada-300x209.png\" alt=\"\" width=\"300\" height=\"209\" \/>Es el nombre del espacio en reconocimiento p\u00fablico al duelo por la p\u00e9rdida prematura de un hijo del cementerio de Sant\u00a0 Just\u00a0 Desvern\u00a0 (Barcelona),\u00a0 gestionado\u00a0 por\u00a0 GIC\u00a0 de\u00a0 Nomber.\u00a0 Se trata de un muro bajo de piedra seca y blanca, construido como los antiguos pozos de los pueblos, en forma circular.<\/p>\n<p style=\"text-align: justify;\">Obra del escultor local Nil Nebot, el monumento se sit\u00faa en la parte antigua del cementerio y representa una matriz, con nueve recept\u00e1culos que simbolizan los nueve meses de gestaci\u00f3n.<\/p>\n<p style=\"text-align: justify;\">El conjunto cuenta con una peque\u00f1a entrada que invita a los visitantes a pasar, sentarse y reflexionar.<\/p>\n<p><strong>Jard\u00edn de las estrellas.<\/strong><\/p>\n<p style=\"text-align: justify;\">En el Cementerio Parroquial de Sant Pere de Ribes, en la comarca barcelonesa del Garraf, GIC de Nomber tambi\u00e9n ha puesto en funcionamiento un espacio memorial dedicado a la p\u00e9rdida gestacional, perinatal y neonatal. Consta de un espacio delimitado por traviesas de madera, con un gran \u00e1rbol en el centro, alrededor del cual las familias pueden ir colocando peque\u00f1as estrellas de colores en homenaje a su hijo. \u00c9stas, elaboradas artesanalmente a base de \u00e1ridos, permiten la opci\u00f3n de incorporar las cenizas y de grabar el nombre del hijo perdido prematuramente.<\/p>\n<p style=\"text-align: justify;\">Estos tres memoriales, junto con los de Sant Cugat del Vall\u00e8s y Castellar del Vall\u00e8s, en la provincia de Barcelona, y el de Ripoll, en Girona, permiten\u00a0 que\u00a0 las\u00a0 familias\u00a0 puedan\u00a0 contar\u00a0 con\u00a0 un\u00a0 punto\u00a0 de\u00a0 referencia\u00a0 f\u00edsico donde poder recordar a los fallecidos.<\/p>\n<blockquote>\n<p style=\"text-align: justify;\"><em>\u201cLos cementerios evolucionan al lado de la sociedad y, por eso, creemos que es fundamental atender y dar respuesta desde aqu\u00ed a las necesidades de las personas\u201d,<\/em> afirma Joan Ventura, Gerente de GIC de Nomber.<\/p>\n<p style=\"text-align: justify;\"><em>\u201cNo son s\u00f3lo equipamientos adecuados para\u00a0 el\u00a0 reposo\u00a0 de\u00a0 los\u00a0 difuntos,\u00a0 sino\u00a0 tambi\u00e9n\u00a0 espacios\u00a0 muy\u00a0 importantes\u00a0 y\u00a0 lugares de referencia clave para poder iniciar cualquier proceso de duelo\u201d.<\/em><\/p>\n<\/blockquote>\n<p style=\"text-align: justify;\">Respeto a la diversidad religiosa y cultural GIC de Nomber, que actualmente gestiona en concesi\u00f3n 17 cementerios ubicados principalmente en las provincias de Barcelona y Girona, dispone desde hace a\u00f1os de espacios que dan respuesta a la diversidad de creencias de la ciudadan\u00eda en las zonas donde presta servicio.<\/p>\n<blockquote>\n<p style=\"text-align: justify;\"><em>\u201cTodos los cementerios municipales con los que trabajamos son p\u00fablicos y de car\u00e1cter multiconfesional, por lo que est\u00e1n preparados para atender las distintas sensibilidades religiosas y culturales de nuestra sociedad\u201d,<\/em> apunta Joan Ventura<\/p>\n<\/blockquote>\n<p style=\"text-align: justify;\">En esta l\u00ednea, en el Cementerio Comarcal de Roques Blanques, la empresa acaba de finalizar la construcci\u00f3n de un recinto para la comunidad musulmana.\u00a0 Dispone de 84 departamentos, habilitados para llevar a cabo los entierros seg\u00fan los requisitos espec\u00edficos que estipula esta religi\u00f3n.<\/p>\n<p style=\"text-align: justify;\">Construidas en el suelo y orientadas a la Meca, las sepulturas se distribuyen en un espacio amplio, delimitado por arbustos que conforman un muro de vegetaci\u00f3n aut\u00f3ctona.<\/p>\n<blockquote>\n<p style=\"text-align: justify;\"><em>\u201cVivimos en una sociedad plural y diversa, y los cementerios son reflejo de ello, de ah\u00ed que demos respuesta a estas demandas con espacios como \u00e9ste. A su vez, es un conjunto integrado perfectamente en el entorno natural de Roques Blanques, ya que no hemos de olvidar que nos encontramos en un parque natural, que en todos los casos hemos de tener en cuenta y respetar\u201d,<\/em> explica Ventura.<\/p>\n<\/blockquote>\n<p style=\"text-align: justify;\">En este mismo cementerio, la firma cuenta con otra zona espec\u00edfica para los entierros de otra confesi\u00f3n religiosa: la bah\u00e1\u2019\u00ed. Esta religi\u00f3n, surgida en 1844 en la zona que hoy ocupa Ir\u00e1n, cuenta con una comunidad en Catalu\u00f1a, especialmente importante en la provincia de Barcelona. En Roques Blanques, las sepulturas bah\u00e1\u2019\u00ed se disponen en el suelo y orienta-das hacia Oriente, a Israel, y rodeadas de vegetaci\u00f3n.<\/p>\n<p><img loading=\"lazy\" decoding=\"async\" class=\"aligncenter wp-image-2307 size-medium\" src=\"https:\/\/alpar.com.co\/blog\/wp-content\/uploads\/04-espacios-300x177.png\" alt=\"\" width=\"300\" height=\"177\" \/><\/p>\n<p style=\"text-align: justify;\">Tanto los departamentos de la comunidad musulmana como los de la fe bah\u00e1\u2019i, al igual que el resto de departamentos construidos en el suelo en Roques Blanques, est\u00e1n cubiertos con una gran l\u00e1pida de granito en la que se graban los datos del difunto.<\/p>\n<h2><strong><br \/>\nOPCIONES INNOVADORAS PARA EL DESCANSO DE LAS CENIZAS<\/strong><\/h2>\n<p>&nbsp;<\/p>\n<p style=\"text-align: justify;\">La cremaci\u00f3n es una tendencia que cada a\u00f1o sigue creciendo en nuestro pa\u00eds. Seg\u00fan datos de GIC de Nomber del \u00faltimo a\u00f1o, que gestiona 11\u00a0 crematorios\u00a0 en\u00a0 Catalu\u00f1a,\u00a0 esta\u00a0 opci\u00f3n\u00a0 ya\u00a0 representa\u00a0 m\u00e1s\u00a0 del\u00a0 57%\u00a0 de sus servicios. En relaci\u00f3n con el descanso de las cenizas, la empresa ofrece m\u00faltiples alternativas, tanto de productos como de espacios, que se adaptan a las familias que prefieren incinerar.<\/p>\n<p style=\"text-align: justify;\"><img loading=\"lazy\" decoding=\"async\" class=\"alignright wp-image-2309 \" src=\"https:\/\/alpar.com.co\/blog\/wp-content\/uploads\/06-Urna-Vida-300x203.png\" alt=\"\" width=\"266\" height=\"180\" \/>Una de las opciones m\u00e1s innovadoras para cenizas recientemente desarrollada por la empresa es la Urna Vida, un nuevo concepto ecol\u00f3gico y singular. Se trata de una urna de cristal, de forma esf\u00e9rica, donde se puede guardar una parte de las cenizas, que se mezclan con la tierra, y en la que se plantan seis o siete variedades de especies vegetales diferentes, principalmente cactus.<\/p>\n<p style=\"text-align: justify;\">Para Joan Ventura, \u201cesta urna quiere evocar el ciclo de la vida y es una forma respetuosa y sostenible de tener cerca el recuerdo del ser querido\u201d.<\/p>\n<p style=\"text-align: justify;\">Asimismo, el Jard\u00edn de las amapolas es otro espacio que GIC de Nomber ofrece para el destino de las cenizas consistente en la colocaci\u00f3n de centenares de amapolas de cer\u00e1mica, bajo las cuales se entierran las cenizas en una urna biodegradable. Es una iniciativa que GIC de Nomber puso en marcha hace unos a\u00f1os en el cementerio de Les Pruelles, en Sitges (Barcelona), y que ahora se ampl\u00eda con la opci\u00f3n de mariposas, tambi\u00e9n de cer\u00e1mica.\u00a0 Se conforma as\u00ed un gran Jard\u00edn de amapolas y mariposas de colores vistosos, a modo de memorial, y rodeado de vegetaci\u00f3n mediterr\u00e1nea.<\/p>\n<p><img loading=\"lazy\" decoding=\"async\" class=\"aligncenter wp-image-2308 size-medium\" src=\"https:\/\/alpar.com.co\/blog\/wp-content\/uploads\/05-Jardin-de-las-amapolas-300x203.png\" alt=\"\" width=\"300\" height=\"203\" \/><\/p>\n<p><strong>Referente medioambiental<\/strong><\/p>\n<p>Roques Blanques es un recinto p\u00fablico y multiconfesional que presta servicio a la comarca del Baix Llobregat y el \u00e1rea metropolitana de Barcelona. Puesto en marcha en 1984 y ubicado en el Papiol, el cementerio es propiedad del Consell Comarcal del Baix Llobregat\u00a0 (Barcelona)\u00a0 y\u00a0 est\u00e1\u00a0 gestionado\u00a0 en\u00a0 concesi\u00f3n\u00a0 por\u00a0 GIC\u00a0 de\u00a0 Nomber.\u00a0 Su planteamiento constructivo, que respeta en todo momento la orograf\u00eda del terreno, y su gesti\u00f3n sostenible, lo han convertido en un cementerio \u00fanico y referente en nuestro pa\u00eds en t\u00e9rminos ambientales.<\/p>\n<hr \/>\n<p><strong><em>Extra\u00eddo de:<\/em><\/strong> <em>Revista Funeraria Especial Cementerios N\u00ba11 (2021). P\u00e1ginas 39-43: <\/em><a href=\"https:\/\/revistafuneraria.com\/ce11\/#38\" target=\"_blank\" rel=\"noreferrer noopener\" aria-label=\"www.revistafuneraria.com (abre en una nueva pesta\u00f1a)\"><em>www.revistafuneraria.com<\/em><\/a><\/p>\n","protected":false},"excerpt":{"rendered":"<p>Nuestra sociedad evoluciona constantemente y los cementerios son recintos que tambi\u00e9n deben adaptarse a las nuevas tendencias y demandas que estos cambios conllevan. Consciente de ello, GIC de Nomber, empresa afiliada a ALPAR en Espa\u00f1a, especializada en la gesti\u00f3n y mantenimiento de cementerios y perteneciente al Grupo \u00c1ltima, ha desarrollado este a\u00f1o diversas iniciativas para [&hellip;]<\/p>\n","protected":false},"author":106,"featured_media":2310,"comment_status":"open","ping_status":"open","sticky":false,"template":"","format":"standard","meta":{"_et_pb_use_builder":"","_et_pb_old_content":"","_et_gb_content_width":"","footnotes":""},"categories":[3],"tags":[],"class_list":["post-2301","post","type-post","status-publish","format-standard","has-post-thumbnail","hentry","category-articulos"],"_links":{"self":[{"href":"https:\/\/alpar.com.co\/blog\/wp-json\/wp\/v2\/posts\/2301","targetHints":{"allow":["GET"]}}],"collection":[{"href":"https:\/\/alpar.com.co\/blog\/wp-json\/wp\/v2\/posts"}],"about":[{"href":"https:\/\/alpar.com.co\/blog\/wp-json\/wp\/v2\/types\/post"}],"author":[{"embeddable":true,"href":"https:\/\/alpar.com.co\/blog\/wp-json\/wp\/v2\/users\/106"}],"replies":[{"embeddable":true,"href":"https:\/\/alpar.com.co\/blog\/wp-json\/wp\/v2\/comments?post=2301"}],"version-history":[{"count":4,"href":"https:\/\/alpar.com.co\/blog\/wp-json\/wp\/v2\/posts\/2301\/revisions"}],"predecessor-version":[{"id":2313,"href":"https:\/\/alpar.com.co\/blog\/wp-json\/wp\/v2\/posts\/2301\/revisions\/2313"}],"wp:featuredmedia":[{"embeddable":true,"href":"https:\/\/alpar.com.co\/blog\/wp-json\/wp\/v2\/media\/2310"}],"wp:attachment":[{"href":"https:\/\/alpar.com.co\/blog\/wp-json\/wp\/v2\/media?parent=2301"}],"wp:term":[{"taxonomy":"category","embeddable":true,"href":"https:\/\/alpar.com.co\/blog\/wp-json\/wp\/v2\/categories?post=2301"},{"taxonomy":"post_tag","embeddable":true,"href":"https:\/\/alpar.com.co\/blog\/wp-json\/wp\/v2\/tags?post=2301"}],"curies":[{"name":"wp","href":"https:\/\/api.w.org\/{rel}","templated":true}]}}