{"id":2319,"date":"2022-02-03T14:42:34","date_gmt":"2022-02-03T19:42:34","guid":{"rendered":"https:\/\/alpar.com.co\/blog\/?p=2319"},"modified":"2022-02-04T14:55:12","modified_gmt":"2022-02-04T19:55:12","slug":"radiografia-del-sector-funerario-2021","status":"publish","type":"post","link":"https:\/\/alpar.com.co\/blog\/radiografia-del-sector-funerario-2021\/","title":{"rendered":"Radiograf\u00eda del sector funerario 2021"},"content":{"rendered":"<p style=\"text-align: justify;\">El informe anual<em> \u2018Radiograf\u00eda del sector funerario 2021\u2019,<\/em> elaborado por PANASEF, Asociaci\u00f3n Nacional de Servicios Funerarios de Espa\u00f1a,\u00a0 en colaboraci\u00f3n con el Instituto DYM, empresa especializada en la elaboraci\u00f3n de estudios de mercado, presenta todos los datos de la actividad empresarial del sector funerario en Espa\u00f1a, con importantes conclusiones:<\/p>\n<ul>\n<li style=\"text-align: justify;\">Espa\u00f1a -y el resto de pa\u00edses del mundo- presentaron un incremento en el n\u00famero de defunciones en 2020 del 17,9%, pasando de las 418.703 registradas en 2019 a 493.776. Durante el a\u00f1o 2021 se esperaba que el volumen de defunciones se situase en aproximadamente 458.000, experimentando un descenso de alrededor del 7% respecto al a\u00f1o anterior.<\/li>\n<li style=\"text-align: justify;\">El porcentaje de hombres fallecidos (50,56%) sigue siendo m\u00e1s elevado que el de las mujeres (49,44%), y en ambos sexos se observa una reducci\u00f3n similar de la esperanza de vida, siendo de 79,6 a\u00f1os para los hombres (1,1 a\u00f1os menos en 2020), y de 85,1 para las mujeres (-1,3 a\u00f1os), lo que corta la tendencia al alza observada durante los \u00faltimos a\u00f1os.<\/li>\n<li style=\"text-align: justify;\">El mercado funerario en Espa\u00f1a movi\u00f3 en el a\u00f1o 2020 la cifra de 1.700 millones de euros, lo que supone un incremento del 8,63% (+135 millones) y un mayor peso del sector en el PIB, pasando del 0,13% al 0,15%. Este porcentaje asciende al 0,38% al a\u00f1adir el volumen de facturaci\u00f3n de los seguros de decesos (0,32% en 2019).<\/li>\n<li style=\"text-align: justify;\">El volumen de facturaci\u00f3n no corresponde exclusivamente a la facturaci\u00f3n de empresas funerarias en sentido estricto, sino que en ella intervienen hasta 9 agentes econ\u00f3micos diferentes, entre ellos: impuestos (15,1%), destino final (19,4%) y complementarios (10,3%) que incluye certificados, coronas, l\u00e1pidas, iglesia, entre otros.<\/li>\n<li style=\"text-align: justify;\">Las incineraciones contin\u00faan creciendo en Espa\u00f1a, siendo la elecci\u00f3n en el 45,18% de los fallecimientos, frente al 44,54% observado en 2019 y se proyecta que llegue al 60% en 2025.<\/li>\n<li style=\"text-align: justify;\">Se sigue optando mayoritariamente por las ceremonias de car\u00e1cter religioso (85%, 3 puntos m\u00e1s que el a\u00f1o anterior) frente a las ceremonias laicas (15%). Sin embargo, la tendencia es que el porcentaje de ceremonias civiles contin\u00fae creciendo en los pr\u00f3ximos a\u00f1os a un ritmo moderado.<\/li>\n<li style=\"text-align: justify;\">Espa\u00f1a dispone de 487 hornos crematorios, 23 m\u00e1s que en 2019. \u00c9stos otorgan capacidad para realizar 1.948 incineraciones en una jornada laboral, frente a la demanda de 611 incineraciones diarias que tuvo lugar en 2020.<\/li>\n<li style=\"text-align: justify;\">El n\u00famero de instalaciones de tanatorio y salas de velaci\u00f3n se mantiene estable respecto a 2019.<\/li>\n<li style=\"text-align: justify;\">El sector de servicios funerarios emplea a 12.500 trabajadores frente a los 11.964 de 2019, lo que supone una contrataci\u00f3n bruta de aproximadamente 563 nuevos trabajadores. Del total de empleados el 30,68% son mujeres y el 69,32% hombres. Existen, por tanto, 9,24 empleados de media por fallecimiento diario durante 2020.<\/li>\n<li style=\"text-align: justify;\">A pesar de las dificultades generadas por las restricciones por Covid-19, 5.330 empleados participaron en sesiones de formaci\u00f3n y especializaci\u00f3n, teniendo una media de 18 horas lectivas por trabajador formado.<\/li>\n<li style=\"text-align: justify;\">Durante 2020, m\u00e1s del 12% de servicios funerarios fueron realizados con COVID-19. Aproximadamente un 9% de los trabajadores del sector se vieron afectados por la enfermedad (cerca de 1.156 trabajadores).<\/li>\n<li style=\"text-align: justify;\">A pesar del incremento de fallecidos por la pandemia y las situaciones tan complicadas vividas, las familias encuestadas han manifestado una gran satisfacci\u00f3n por el trato recibido por las empresas de servicios funerarios. 77,20% de las familias han puntuado el servicio funerario con un 9 \u00f3 10 (en una escala del 1 al 10) y el 19,33% de las familias lo han puntuado con un 7 \u00f3 8. Por tanto, solo el 3,47% de las familias encuestadas lo valoran con una puntuaci\u00f3n de 6 o menos.<\/li>\n<\/ul>\n<ul>\n<li style=\"list-style-type: none;\"><\/li>\n<\/ul>\n<p><iframe loading=\"lazy\" style=\"width: 100%; height: 900px;\" src=\"https:\/\/alpar.com.co\/blog\/wp-content\/uploads\/Panasef-Radiografia-Sector-2021-V5.pdf\" width=\"300\" height=\"150\"><span style=\"display: inline-block; width: 0px; overflow: hidden; line-height: 0;\" data-mce-type=\"bookmark\" class=\"mce_SELRES_start\">\ufeff<\/span><span style=\"display: inline-block; width: 0px; overflow: hidden; line-height: 0;\" data-mce-type=\"bookmark\" class=\"mce_SELRES_start\">\ufeff<\/span><span style=\"display: inline-block; width: 0px; overflow: hidden; line-height: 0;\" data-mce-type=\"bookmark\" class=\"mce_SELRES_start\"><\/span><\/iframe><\/p>\n<hr class=\"wp-block-separator\" \/>\n<p><strong><em>Aporte de:<\/em><\/strong> <em>PANASEF: Radiograf\u00eda del sector funerario 2021 (24\/11\/2021): <\/em><a href=\"https:\/\/www.panasef.com\/radiografia-del-sector-funerario-2021-24-11-2021\/\" target=\"_blank\" rel=\"noreferrer noopener\" aria-label=\"www.panasef.com (abre en una nueva pesta\u00f1a)\"><em>www.panasef.com<\/em><\/a><\/p>\n","protected":false},"excerpt":{"rendered":"<p>El informe anual \u2018Radiograf\u00eda del sector funerario 2021\u2019, elaborado por PANASEF, Asociaci\u00f3n Nacional de Servicios Funerarios de Espa\u00f1a,\u00a0 en colaboraci\u00f3n con el Instituto DYM, empresa especializada en la elaboraci\u00f3n de estudios de mercado, presenta todos los datos de la actividad empresarial del sector funerario en Espa\u00f1a, con importantes conclusiones: Espa\u00f1a -y el resto de pa\u00edses [&hellip;]<\/p>\n","protected":false},"author":106,"featured_media":2321,"comment_status":"open","ping_status":"open","sticky":false,"template":"","format":"standard","meta":{"_et_pb_use_builder":"","_et_pb_old_content":"","_et_gb_content_width":"","footnotes":""},"categories":[3],"tags":[],"class_list":["post-2319","post","type-post","status-publish","format-standard","has-post-thumbnail","hentry","category-articulos"],"_links":{"self":[{"href":"https:\/\/alpar.com.co\/blog\/wp-json\/wp\/v2\/posts\/2319","targetHints":{"allow":["GET"]}}],"collection":[{"href":"https:\/\/alpar.com.co\/blog\/wp-json\/wp\/v2\/posts"}],"about":[{"href":"https:\/\/alpar.com.co\/blog\/wp-json\/wp\/v2\/types\/post"}],"author":[{"embeddable":true,"href":"https:\/\/alpar.com.co\/blog\/wp-json\/wp\/v2\/users\/106"}],"replies":[{"embeddable":true,"href":"https:\/\/alpar.com.co\/blog\/wp-json\/wp\/v2\/comments?post=2319"}],"version-history":[{"count":10,"href":"https:\/\/alpar.com.co\/blog\/wp-json\/wp\/v2\/posts\/2319\/revisions"}],"predecessor-version":[{"id":2331,"href":"https:\/\/alpar.com.co\/blog\/wp-json\/wp\/v2\/posts\/2319\/revisions\/2331"}],"wp:featuredmedia":[{"embeddable":true,"href":"https:\/\/alpar.com.co\/blog\/wp-json\/wp\/v2\/media\/2321"}],"wp:attachment":[{"href":"https:\/\/alpar.com.co\/blog\/wp-json\/wp\/v2\/media?parent=2319"}],"wp:term":[{"taxonomy":"category","embeddable":true,"href":"https:\/\/alpar.com.co\/blog\/wp-json\/wp\/v2\/categories?post=2319"},{"taxonomy":"post_tag","embeddable":true,"href":"https:\/\/alpar.com.co\/blog\/wp-json\/wp\/v2\/tags?post=2319"}],"curies":[{"name":"wp","href":"https:\/\/api.w.org\/{rel}","templated":true}]}}